{"id":8019,"date":"2023-12-22T08:19:42","date_gmt":"2023-12-22T07:19:42","guid":{"rendered":"https:\/\/www.frantiskani.cz\/?p=8019"},"modified":"2023-12-22T08:19:48","modified_gmt":"2023-12-22T07:19:48","slug":"prostor-pro-krista","status":"publish","type":"post","link":"https:\/\/www.frantiskani.cz\/index.php\/2023\/12\/22\/prostor-pro-krista\/","title":{"rendered":"Prostor pro Krista"},"content":{"rendered":"\n<h6 class=\"wp-block-heading\">Pades\u00e1t\u00fd prvn\u00ed t\u00fdden: Vt\u011blen\u00ed<\/h6>\n\n\n\n<p><em>&#8222;Amen, \u0159\u00edk\u00e1m v\u00e1m: Cokoli jste ud\u011blali pro jednoho z t\u011bchto m\u00fdch nejmen\u0161\u00edch brat\u0159\u00ed a sester, pro m\u011b jste ud\u011blali.&#8220; -Matou\u0161 25,40<\/em><\/p>\n\n\n\n<p><em>V 25. kapitole Matou\u0161ova evangelia se Je\u017e\u00ed\u0161 identifikuje jako vt\u011blen\u00fd v\u017edy skrze lidi v nouzi. Spoluzakladatelka organizace Catholic Worker Dorothy Day (1897-1980) toto poselstv\u00ed evangelia d\u00e1le rozv\u00edj\u00ed:<\/em><\/p>\n\n\n\n<h4 class=\"wp-block-heading\">Kristus je st\u00e1le s n\u00e1mi<\/h4>\n\n\n\n<p>Nem\u00e1 smysl \u0159\u00edkat, \u017ee jsme se narodili o dva tis\u00edce let pozd\u011bji, abychom dali prostor Kristu. Ani ti, kdo budou \u017e\u00edt na konci sv\u011bta, se nenarodili p\u0159\u00edli\u0161 pozd\u011b. Kristus je st\u00e1le s n\u00e1mi a st\u00e1le \u017e\u00e1d\u00e1 o m\u00edsto v na\u0161ich srdc\u00edch.<\/p>\n\n\n\n<h4 class=\"wp-block-heading\">Promlouv\u00e1 k&nbsp;n\u00e1m skrze lidi, kolem n\u00e1s<\/h4>\n\n\n\n<p>Nyn\u00ed v\u0161ak promlouv\u00e1 hlasem na\u0161ich sou\u010dasn\u00edk\u016f, d\u00edv\u00e1 se o\u010dima prodava\u010d\u016f, d\u011bln\u00edk\u016f v tov\u00e1rn\u00e1ch a d\u011bt\u00ed, d\u00e1v\u00e1 rukama \u00fa\u0159edn\u00edk\u016f, obyvatel chudinsk\u00fdch \u010dtvrt\u00ed a \u017een v dom\u00e1cnosti na p\u0159edm\u011bst\u00ed. Nohama voj\u00e1k\u016f a tul\u00e1k\u016f chod\u00ed a srdcem ka\u017ed\u00e9ho, kdo je v nouzi, tou\u017e\u00ed po p\u0159\u00edst\u0159e\u0161\u00ed. A d\u00e1vat p\u0159\u00edst\u0159e\u0161\u00ed nebo j\u00eddlo ka\u017ed\u00e9mu, kdo o n\u011b \u017e\u00e1d\u00e1 nebo je pot\u0159ebuje, znamen\u00e1 d\u00e1vat je Kristu&#8230;..<\/p>\n\n\n\n<h4 class=\"wp-block-heading\">Nen\u00ed to snadn\u00e9 ho vid\u011bt v&nbsp;lidech kolem n\u00e1s<\/h4>\n\n\n\n<p>Bylo by po\u0161etil\u00e9 p\u0159edst\u00edrat, \u017ee je v\u017edy snadn\u00e9 si to zapamatovat. Kdyby byli v\u0161ichni svat\u00ed a kr\u00e1sn\u00ed a v neonov\u00e9m sv\u011btle z nich z\u00e1\u0159il &#8222;alter Christus&#8220; [&#8222;jin\u00fd Kristus&#8220;], bylo by snadn\u00e9 vid\u011bt Krista v ka\u017ed\u00e9m. Kdyby se Maria zjevila v Betl\u00e9m\u011b od\u011bn\u00e1, jak \u0159\u00edk\u00e1 svat\u00fd Jan, se sluncem, s korunou z dvan\u00e1cti hv\u011bzd na hlav\u011b a s m\u011bs\u00edcem pod nohama [viz Zj 12,1], pak by se lid\u00e9 prali, aby j\u00ed uvolnili m\u00edsto. Ale to nebyl Bo\u017e\u00ed zp\u016fsob pro ni, a nen\u00ed to ani Krist\u016fv zp\u016fsob pro n\u011bj samotn\u00e9ho.<\/p>\n\n\n\n<h4 class=\"wp-block-heading\">Co nazna\u010duj\u00ed past\u00fd\u0159i a dary t\u0159\u00ed kr\u00e1l\u016f u jesli\u010dek?<\/h4>\n\n\n\n<p><em>Day nab\u00edz\u00ed p\u0159\u00edklady t\u011bch, kte\u0159\u00ed slou\u017eili Kristovu d\u00edt\u011bti, a ukazuje, jak m\u016f\u017eeme slou\u017eit i my:<\/em><\/p>\n\n\n\n<p>V Kristov\u011b lidsk\u00e9m \u017eivot\u011b se v\u017edy na\u0161lo n\u011bkolik lid\u00ed, kte\u0159\u00ed doh\u00e1n\u011bli zanedb\u00e1v\u00e1n\u00ed davu. Past\u00fd\u0159i to dok\u00e1zali; jejich sp\u011bch k jesli\u010dk\u00e1m vykoupil lidi, kte\u0159\u00ed by od Krista utekli. Mudrci to dok\u00e1zali; jejich cesta nap\u0159\u00ed\u010d sv\u011btem vynahradila ty, kte\u0159\u00ed odm\u00edtli vybo\u010dit z rutiny sv\u00e9ho \u017eivota a j\u00edt za Kristem. Dokonce i dary, kter\u00e9 mudrci p\u0159inesli, maj\u00ed v sob\u011b nejasnou odm\u011bnu a pok\u00e1n\u00ed za to, co bude n\u00e1sledovat pozd\u011bji v \u017eivot\u011b tohoto D\u00edt\u011bte. P\u0159inesli toti\u017e zlato, kr\u00e1lovsk\u00fd znak, aby vynahradili trnovou korunu, kterou bude nosit; ob\u011btovali kadidlo, symbol chv\u00e1ly, aby vynahradili posm\u011bch a pliv\u00e1n\u00ed; dali mu myrhu, aby ho uzdravili a uklidnili, a to byl zran\u011bn\u00fd od hlavy a\u017e k pat\u011b&#8230;..<\/p>\n\n\n\n<h4 class=\"wp-block-heading\">Pom\u00e1hat Kristu (lidem kolem n\u00e1s) nen\u00ed povinnost, je to v\u00fdsada<\/h4>\n\n\n\n<p>I my to m\u016f\u017eeme ud\u011blat, p\u0159esn\u011b jako oni. Nenarodili jsme se pozd\u011b. D\u011bl\u00e1me to tak, \u017ee vid\u00edme Krista a slou\u017e\u00edme Kristu v p\u0159\u00e1tel\u00edch i ciz\u00edch lidech, v ka\u017ed\u00e9m, s k\u00fdm p\u0159ijdeme do styku&#8230;.. Pro naprost\u00e9ho k\u0159es\u0165ana nen\u00ed pot\u0159eba r\u00e1koska povinnosti&#8230; vykonat ten \u010di onen dobr\u00fd skutek. Pom\u00e1hat Kristu nen\u00ed povinnost, je to v\u00fdsada.<\/p>\n\n\n\n<h6 class=\"wp-block-heading\">Prameny:<\/h6>\n\n\n\n<p><em>Dorothy Day, Selected Writings: By Little and By Little,&nbsp;<\/em>ed. Robert Ellsberg (Maryknoll, NY: Orbis Books, 1983, 1992), 94, 96, 97.<\/p>\n\n\n\n<p><strong>Image credit:&nbsp;<\/strong>A path from one week to the next\u2014Madison Frambes,&nbsp;<em>Untitled 7, 5 and 8&nbsp;<\/em>(detail), 2023, naturally dyed paper and ink, Mexico, used with permission.&nbsp;<a href=\"https:\/\/email.cac.org\/t\/d-l-vkjdrlt-tlkrhyidn-y\/\">Click here to enlarge image<\/a>.<\/p>\n\n\n\n<p><em>Together we are the incarnate hands and feet and body of God.<\/em><\/p>\n","protected":false},"excerpt":{"rendered":"<p>V Kristov\u011b lidsk\u00e9m \u017eivot\u011b se v\u017edy na\u0161lo n\u011bkolik lid\u00ed, kte\u0159\u00ed doh\u00e1n\u011bli zanedb\u00e1v\u00e1n\u00ed davu. Past\u00fd\u0159i to dok\u00e1zali; jejich sp\u011bch k jesli\u010dk\u00e1m vykoupil lidi, kte\u0159\u00ed by od Krista utekli. Mudrci to dok\u00e1zali; jejich cesta nap\u0159\u00ed\u010d sv\u011btem vynahradila ty, kte\u0159\u00ed odm\u00edtli vybo\u010dit z rutiny sv\u00e9ho \u017eivota a j\u00edt za Kristem. Dokonce i dary, kter\u00e9 mudrci p\u0159inesli, maj\u00ed v sob\u011b nejasnou odm\u011bnu a pok\u00e1n\u00ed za to, co bude n\u00e1sledovat pozd\u011bji v \u017eivot\u011b tohoto D\u00edt\u011bte. P\u0159inesli toti\u017e zlato, kr\u00e1lovsk\u00fd znak, aby vynahradili trnovou korunu, kterou bude nosit; ob\u011btovali kadidlo, symbol chv\u00e1ly, aby vynahradili posm\u011bch a pliv\u00e1n\u00ed; dali mu myrhu, aby ho uzdravili a uklidnili, a to byl zran\u011bn\u00fd od hlavy a\u017e k pat\u011b&#8230;..<\/p>\n","protected":false},"author":1,"featured_media":7992,"comment_status":"open","ping_status":"open","sticky":false,"template":"","format":"standard","meta":{"footnotes":""},"categories":[198],"tags":[314,399,1482],"class_list":["post-8019","post","type-post","status-publish","format-standard","has-post-thumbnail","hentry","category-richard-rohr-ofm-centrum-pro-zivot-a-rozjimani","tag-kristus","tag-kristus-v-nas","tag-sluzba-kristu","latest_post"],"_links":{"self":[{"href":"https:\/\/www.frantiskani.cz\/index.php\/wp-json\/wp\/v2\/posts\/8019","targetHints":{"allow":["GET"]}}],"collection":[{"href":"https:\/\/www.frantiskani.cz\/index.php\/wp-json\/wp\/v2\/posts"}],"about":[{"href":"https:\/\/www.frantiskani.cz\/index.php\/wp-json\/wp\/v2\/types\/post"}],"author":[{"embeddable":true,"href":"https:\/\/www.frantiskani.cz\/index.php\/wp-json\/wp\/v2\/users\/1"}],"replies":[{"embeddable":true,"href":"https:\/\/www.frantiskani.cz\/index.php\/wp-json\/wp\/v2\/comments?post=8019"}],"version-history":[{"count":1,"href":"https:\/\/www.frantiskani.cz\/index.php\/wp-json\/wp\/v2\/posts\/8019\/revisions"}],"predecessor-version":[{"id":8020,"href":"https:\/\/www.frantiskani.cz\/index.php\/wp-json\/wp\/v2\/posts\/8019\/revisions\/8020"}],"wp:featuredmedia":[{"embeddable":true,"href":"https:\/\/www.frantiskani.cz\/index.php\/wp-json\/wp\/v2\/media\/7992"}],"wp:attachment":[{"href":"https:\/\/www.frantiskani.cz\/index.php\/wp-json\/wp\/v2\/media?parent=8019"}],"wp:term":[{"taxonomy":"category","embeddable":true,"href":"https:\/\/www.frantiskani.cz\/index.php\/wp-json\/wp\/v2\/categories?post=8019"},{"taxonomy":"post_tag","embeddable":true,"href":"https:\/\/www.frantiskani.cz\/index.php\/wp-json\/wp\/v2\/tags?post=8019"}],"curies":[{"name":"wp","href":"https:\/\/api.w.org\/{rel}","templated":true}]}}