{"id":8027,"date":"2023-12-24T08:16:19","date_gmt":"2023-12-24T07:16:19","guid":{"rendered":"https:\/\/www.frantiskani.cz\/?p=8027"},"modified":"2023-12-24T08:18:02","modified_gmt":"2023-12-24T07:18:02","slug":"prorocka-cesta-pisma","status":"publish","type":"post","link":"https:\/\/www.frantiskani.cz\/index.php\/2023\/12\/24\/prorocka-cesta-pisma\/","title":{"rendered":"Prorock\u00e1 cesta P\u00edsma"},"content":{"rendered":"\n<h6 class=\"wp-block-heading\">Pades\u00e1t\u00fd druh\u00fd t\u00fdden: Shrnut\u00ed prorock\u00e9 cesty<\/h6>\n\n\n\n<p><em>Nebo\u0165 je jako ohe\u0148 t\u0159\u00eddic\u00ed a jako m\u00fddlo plnic\u00ed; &#8230; Hle, po\u0161lu v\u00e1m proroka Eli\u00e1\u0161e, d\u0159\u00edve ne\u017e p\u0159ijde velik\u00fd a hrozn\u00fd den Hospodin\u016fv. On obr\u00e1t\u00ed srdce rodi\u010d\u016f k jejich d\u011btem a srdce d\u011bt\u00ed k jejich rodi\u010d\u016fm.-Malachi\u00e1\u0161 3,2; 4,5-6, NRSV<\/em><\/p>\n\n\n\n<p><em>Otec Richard p\u00ed\u0161e o prorock\u00e9 cest\u011b, kterou ukazuj\u00ed P\u00edsma:&nbsp;<\/em><\/p>\n\n\n\n<h4 class=\"wp-block-heading\">Malachi\u00e1\u0161 zmapoval posloupnost proroctv\u00ed Bo\u017e\u00edho slova<\/h4>\n\n\n\n<p>Tato slova proroka Malachi\u00e1\u0161e popisuj\u00ed toho, kdo bude vhodn\u00fdm p\u0159edch\u016fdcem ka\u017ed\u00e9ho p\u0159\u00ed\u0161t\u00edho Mesi\u00e1\u0161e. K\u0159es\u0165an\u00e9 tuto pas\u00e1\u017e obvykle vztahuj\u00ed na Jana K\u0159titele, jak to u\u010dinil ji\u017e s\u00e1m Je\u017e\u00ed\u0161 a auto\u0159i evangeli\u00ed. Tento text m\u00e1 v\u0161ak je\u0161t\u011b v\u011bt\u0161\u00ed v\u00fdznam. Na n\u011bkolika m\u00e1lo ver\u0161\u00edch se mu poda\u0159ilo zmapovat posloupnost prorock\u00e9ho Bo\u017e\u00edho slova.<\/p>\n\n\n\n<h4 class=\"wp-block-heading\">Kdy\u017e se P\u00edsmo pou\u017e\u00edv\u00e1 ve zral\u00e9m v\u011bku, postupuje v tomto po\u0159ad\u00ed:<\/h4>\n\n\n\n<p>1. Konfrontuj\u00ed n\u00e1s s v\u011bt\u0161\u00edm obrazem, ne\u017e na jak\u00fd jsme zvykl\u00ed: &#8222;Bo\u017e\u00ed vl\u00e1da&#8220;, kter\u00e1 m\u00e1 potenci\u00e1l &#8222;rozlo\u017eit&#8220; na\u0161e fale\u0161n\u00e9 n\u00e1zory na sv\u011bt.&nbsp;<\/p>\n\n\n\n<p>2. Pot\u00e9 maj\u00ed moc obr\u00e1tit n\u00e1s k alternativn\u00edmu pohledu na sv\u011bt prost\u0159ednictv\u00edm hl\u00e1s\u00e1n\u00ed, milosti a pouh\u00e9 p\u0159ita\u017elivosti dobr\u00e9ho, pravdiv\u00e9ho a kr\u00e1sn\u00e9ho (nikoliv prost\u0159ednictv\u00edm motivac\u00ed ni\u017e\u0161\u00ed \u00farovn\u011b, jako je stud, vina nebo strach).&nbsp;<\/p>\n\n\n\n<p>3. Pot\u00e9 n\u00e1s ut\u011b\u0161uj\u00ed a p\u0159in\u00e1\u0161ej\u00ed hlubok\u00e9 uzdraven\u00ed, kdy\u017e n\u00e1s &#8222;rekonstruuj\u00ed&#8220; na nov\u00e9m m\u00edst\u011b s novou mysl\u00ed a srdcem.&nbsp;<\/p>\n\n\n\n<h4 class=\"wp-block-heading\">Alternativn\u00ed pohled: Nejsme trest\u00e1ni za sv\u00e9 h\u0159\u00edchy, ale sv\u00fdmi h\u0159\u00edchy<\/h4>\n\n\n\n<p>Tak to \u010din\u00ed prorok Malachi\u00e1\u0161. Popisuje d\u00edlo Bo\u017e\u00edho posla jako &#8222;velik\u00e9 i stra\u0161n\u00e9&#8220;, \u00fa\u017easn\u00e9 i hroziv\u00e9 z\u00e1rove\u0148. Nen\u00ed to tak, \u017ee by n\u00e1m Bo\u017e\u00ed slovo hrozilo ohn\u011bm a s\u00edrou. P\u00edsmo sp\u00ed\u0161e \u0159\u00edk\u00e1, \u017ee dobrota je svou vlastn\u00ed odm\u011bnou a zlo je sv\u00fdm vlastn\u00edm trestem. Pokud budeme konat pravdu a \u017e\u00edt ve spojen\u00ed se sv\u011btem, jak\u00fd skute\u010dn\u011b je, budeme po\u017eehn\u00e1ni a milost m\u016f\u017ee proudit. \u00dat\u011bcha vyplyne z konfrontace s Velk\u00fdm obrazem. Pokud si vytvo\u0159\u00edme fale\u0161n\u00fd sv\u011bt odd\u011blenosti a egocentrismu, nebude to fungovat a n\u00e1sledky poneseme i nyn\u00ed. Stru\u010dn\u011b \u0159e\u010deno, nejsme trest\u00e1ni za sv\u00e9 h\u0159\u00edchy, ale sv\u00fdmi h\u0159\u00edchy! [1]<\/p>\n\n\n\n<h4 class=\"wp-block-heading\">Uzdraven\u00ed: byli jsme stvo\u0159eni pro Velk\u00fd obraz a pro sjednocen\u00ed.<\/h4>\n\n\n\n<p>V\u011b\u010dn\u00e9 Bo\u017e\u00ed slovo, o n\u011bm\u017e \u010dteme v prologu Janova evangelia, &#8222;sesko\u010dilo&#8220;, jak se p\u00ed\u0161e v Knize moudrosti (18,14-15). P\u0159ijalo sv\u00e9 trval\u00e9 m\u00edsto na zemi, aby uzdravilo ka\u017ed\u00fd kousek odd\u011blenosti a rozpolcenosti, kter\u00fd pro\u017e\u00edv\u00e1me. Tato rozpolcenost a odd\u011blenost je smutkem lidsk\u00e9ho rodu. Kdy\u017e se c\u00edt\u00edme odd\u011bleni, kdy\u017e se c\u00edt\u00edme odlou\u010deni, kdy\u017e se c\u00edt\u00edme odd\u011bleni od sebe, od sv\u00e9 rodiny, od reality, od Zem\u011b, od Boha, st\u00e1v\u00e1me se rozzloben\u00fdmi a depresivn\u00edmi lidmi. V hloubi du\u0161e v\u00edme, \u017ee jsme nebyli stvo\u0159eni pro odd\u011blenost; byli jsme stvo\u0159eni pro Velk\u00fd obraz a pro sjednocen\u00ed.<\/p>\n\n\n\n<h4 class=\"wp-block-heading\">Je\u017e\u00ed\u0161 spojil lidsk\u00e9 a bo\u017esk\u00e9, hmotu a ducha<\/h4>\n\n\n\n<p>B\u016fh poslal na sv\u011bt Je\u017e\u00ed\u0161e jako toho, kdo toto sjednocen\u00ed zosobn\u00ed &#8211; kdo spoj\u00ed lidsk\u00e9 a bo\u017esk\u00e9, hmotu a ducha. Tomu se cel\u00fd \u017eivot sna\u017e\u00edme v\u011b\u0159it: \u017ee tento oby\u010dejn\u00fd pozemsk\u00fd pobyt n\u011bco znamen\u00e1. [2]<\/p>\n\n\n\n<h6 class=\"wp-block-heading\">Prameny:<\/h6>\n\n\n\n<p>[1] Adapted from Richard Rohr,&nbsp;<em>Preparing for Christmas: Daily Meditations for Advent<\/em><em><u>\u202f<\/u><\/em>(Cincinnati, OH: Franciscan Media, 2012), 84\u201386.<\/p>\n\n\n\n<p>[2] Adapted from Richard Rohr,&nbsp;<em>\u201c<a href=\"https:\/\/email.cac.org\/t\/d-l-vkhouy-tlkrhyidn-y\/\"><u>Really Only One Message<\/u><\/a>,\u201d<\/em>&nbsp;homily, December 25, 2016.<\/p>\n\n\n\n<p><strong>Image credit:&nbsp;<\/strong>Madison Frambes,&nbsp;<em>Untitled 8&nbsp;<\/em>(detail), 2023, naturally dyed paper and ink, Mexico, used with permission.&nbsp;<a href=\"https:\/\/email.cac.org\/t\/d-l-vkhouy-tlkrhyidn-j\/\">Click here to enlarge image<\/a>.<\/p>\n\n\n\n<p><em>The prophetic path is a daily choice to walk along an ever-unfolding landscape.<\/em><\/p>\n","protected":false},"excerpt":{"rendered":"<p>B\u016fh poslal na sv\u011bt Je\u017e\u00ed\u0161e jako toho, kdo toto sjednocen\u00ed zosobn\u00ed &#8211; kdo spoj\u00ed lidsk\u00e9 a bo\u017esk\u00e9, hmotu a ducha. Tomu se cel\u00fd \u017eivot sna\u017e\u00edme v\u011b\u0159it: \u017ee tento oby\u010dejn\u00fd pozemsk\u00fd pobyt n\u011bco znamen\u00e1. [<\/p>\n","protected":false},"author":1,"featured_media":8028,"comment_status":"open","ping_status":"open","sticky":false,"template":"","format":"standard","meta":{"footnotes":""},"categories":[198],"tags":[476,1324,1278],"class_list":["post-8027","post","type-post","status-publish","format-standard","has-post-thumbnail","hentry","category-richard-rohr-ofm-centrum-pro-zivot-a-rozjimani","tag-jezis","tag-proroctvi","tag-uzdraveni-2","latest_post"],"_links":{"self":[{"href":"https:\/\/www.frantiskani.cz\/index.php\/wp-json\/wp\/v2\/posts\/8027","targetHints":{"allow":["GET"]}}],"collection":[{"href":"https:\/\/www.frantiskani.cz\/index.php\/wp-json\/wp\/v2\/posts"}],"about":[{"href":"https:\/\/www.frantiskani.cz\/index.php\/wp-json\/wp\/v2\/types\/post"}],"author":[{"embeddable":true,"href":"https:\/\/www.frantiskani.cz\/index.php\/wp-json\/wp\/v2\/users\/1"}],"replies":[{"embeddable":true,"href":"https:\/\/www.frantiskani.cz\/index.php\/wp-json\/wp\/v2\/comments?post=8027"}],"version-history":[{"count":2,"href":"https:\/\/www.frantiskani.cz\/index.php\/wp-json\/wp\/v2\/posts\/8027\/revisions"}],"predecessor-version":[{"id":8030,"href":"https:\/\/www.frantiskani.cz\/index.php\/wp-json\/wp\/v2\/posts\/8027\/revisions\/8030"}],"wp:featuredmedia":[{"embeddable":true,"href":"https:\/\/www.frantiskani.cz\/index.php\/wp-json\/wp\/v2\/media\/8028"}],"wp:attachment":[{"href":"https:\/\/www.frantiskani.cz\/index.php\/wp-json\/wp\/v2\/media?parent=8027"}],"wp:term":[{"taxonomy":"category","embeddable":true,"href":"https:\/\/www.frantiskani.cz\/index.php\/wp-json\/wp\/v2\/categories?post=8027"},{"taxonomy":"post_tag","embeddable":true,"href":"https:\/\/www.frantiskani.cz\/index.php\/wp-json\/wp\/v2\/tags?post=8027"}],"curies":[{"name":"wp","href":"https:\/\/api.w.org\/{rel}","templated":true}]}}