{"id":8058,"date":"2023-12-30T08:18:42","date_gmt":"2023-12-30T07:18:42","guid":{"rendered":"https:\/\/www.frantiskani.cz\/?p=8058"},"modified":"2023-12-30T08:31:51","modified_gmt":"2023-12-30T07:31:51","slug":"prorocka-cesta-shrnuti","status":"publish","type":"post","link":"https:\/\/www.frantiskani.cz\/index.php\/2023\/12\/30\/prorocka-cesta-shrnuti\/","title":{"rendered":"Prorock\u00e1 cesta"},"content":{"rendered":"\n<h6 class=\"wp-block-heading\">Shrnut\u00ed pades\u00e1t\u00e9ho druh\u00e9ho t\u00fddne-24. prosince &#8211; 29. prosince 2023<\/h6>\n\n\n\n<h4 class=\"wp-block-heading\">Ned\u011ble<\/h4>\n\n\n\n<p>B\u016fh poslal Je\u017e\u00ed\u0161e na sv\u011bt jako toho, kdo toto spojen\u00ed zt\u011blesn\u00ed &#8211; kdo spoj\u00ed lidsk\u00e9 a bo\u017esk\u00e9, hmotu a ducha. Tomu se cel\u00fd \u017eivot sna\u017e\u00edme v\u011b\u0159it: \u017ee tento oby\u010dejn\u00fd pozemsk\u00fd pobyt n\u011bco znamen\u00e1.-Richard Rohr<\/p>\n\n\n\n<h4 class=\"wp-block-heading\">Pond\u011bl\u00ed<\/h4>\n\n\n\n<p>Maria a Josef zcela d\u016fv\u011b\u0159ovali sv\u00e9 vnit\u0159n\u00ed zku\u0161enosti s Bohem a n\u00e1sledovali ji a\u017e do Betl\u00e9ma a d\u00e1l.-Richard Rohr<\/p>\n\n\n\n<h4 class=\"wp-block-heading\">\u00dater\u00fd<\/h4>\n\n\n\n<p>Solidarita s t\u011bmi, kdo trp\u00ed, p\u0159\u00edtomnost s nasazen\u00edm pro jejich rozkv\u011bt je m\u00edstem setk\u00e1n\u00ed s \u017eiv\u00fdm Bohem. Prost\u0159ednictv\u00edm toho, co je v podstat\u011b prorock\u00fdm postojem, se \u010dlov\u011bk pod\u00edl\u00ed na Bo\u017e\u00edm nad\u0161en\u00ed pro sv\u011bt.-Elizabeth Johnsonov\u00e1<\/p>\n\n\n\n<h4 class=\"wp-block-heading\">St\u0159eda<\/h4>\n\n\n\n<p>Je\u017e\u00ed\u0161e m\u016f\u017eeme ch\u00e1pat jako v\u00edc ne\u017e proroka, ale nikdy bychom ho nem\u011bli ch\u00e1pat jako m\u00e9n\u011b ne\u017e proroka. To by m\u011blo b\u00fdt j\u00e1drem a z\u00e1kladem na\u0161eho ch\u00e1p\u00e1n\u00ed toho, kdo Je\u017e\u00ed\u0161 je.-Brian McLaren<\/p>\n\n\n\n<h4 class=\"wp-block-heading\">\u010ctvrtek<\/h4>\n\n\n\n<p>V\u011b\u0159te v sebe sama. Jste prorok. Ji\u017e nyn\u00ed uskute\u010d\u0148ujete svou migraci. Byli jste vyvoleni, proto\u017ee jste se narodili. Jste prorokem, proto\u017ee jste se probudili. Jste str\u00e1\u017ecem zjeven\u00ed: \u010dlov\u011bk s my\u0161lenkou, kter\u00e1 m\u016f\u017ee vytvo\u0159it nov\u00fd sv\u011bt.-Steven Charleston<\/p>\n\n\n\n<h4 class=\"wp-block-heading\">P\u00e1tek<\/h4>\n\n\n\n<p>Pot\u0159ebujeme moudrost &#8222;pln\u00e9ho proroka&#8220;, kter\u00fd dok\u00e1\u017ee milovat, a p\u0159esto kritizovat, kter\u00fd dok\u00e1\u017ee sv\u00e1 slova n\u00e1pravy vyslovit ze zku\u0161enosti vd\u011b\u010dnosti, nikoli hn\u011bvu. Mus\u00edme se modlit k Bohu, aby n\u00e1s to nau\u010dil.-Richard Rohr<\/p>\n\n\n\n<h2 class=\"wp-block-heading\">Modlitba za proroky<\/h2>\n\n\n\n<h5 class=\"wp-block-heading\">Cvi\u010den\u00ed v pades\u00e1t\u00e9m druh\u00e9m t\u00fddnu<\/h5>\n\n\n\n<p><em>Vyu\u010duj\u00edc\u00ed CAC Dr. Barbara Holmes se modl\u00ed za povst\u00e1n\u00ed prorock\u00e9ho ducha:<\/em><\/p>\n\n\n\n<p>Kde, \u00f3 kde jsou proroci, kdy\u017e je pot\u0159ebujeme, Pane?<\/p>\n\n\n\n<p>Kde jsou ti odv\u00e1\u017en\u00ed, kte\u0159\u00ed budou mluvit pravdu k moci?<\/p>\n\n\n\n<p>Kde jsou pomazan\u00e9 \u017eeny a mu\u017ei, kte\u0159\u00ed odm\u00edtnou v\u00e1le\u010dn\u00e9 zbran\u011b?<\/p>\n\n\n\n<p>Kde jsou \u017eeny, kter\u00e9 stoj\u00ed u k\u0159\u00ed\u017ee v tich\u00e9m odporu proti syst\u00e9m\u016fm, kter\u00e9 popravuj\u00ed a k\u0159i\u017euj\u00ed?<\/p>\n\n\n\n<p>Kde, \u00f3 kde jsou proroci?<\/p>\n\n\n\n<p>P\u0159in\u00e1\u0161\u00edme ti dnes tuto prosbu, proto\u017ee ty jsi n\u00e1\u0161 B\u016fh.<\/p>\n\n\n\n<p>Pomoz n\u00e1m st\u00e1t se proroky v jedn\u00e1n\u00ed, proroky ve sv\u011bdectv\u00ed, proroky v l\u00e1sce.<\/p>\n\n\n\n<p>Ve jm\u00e9nu Je\u017e\u00ed\u0161e.<\/p>\n\n\n\n<p>Amen.<\/p>\n\n\n\n<h6 class=\"wp-block-heading\">Prameny:<\/h6>\n\n\n\n<p>Adapted from Barbara A. Holmes, \u201cWe Shall Also Be Prophets,\u201d Living School Symposium (Albuquerque, NM: Center for Action and Contemplation, 2022). Unpublished transcript.&nbsp;<\/p>\n\n\n\n<p><strong>Image credit:<\/strong>&nbsp;Madison Frambes,&nbsp;<em>Untitled 8&nbsp;<\/em>(detail), 2023, naturally dyed paper and ink, Mexico, used with permission.&nbsp;<a href=\"https:\/\/email.cac.org\/t\/d-l-vkhntk-tlkrhyidn-k\/\">Click here to enlarge image<\/a>.<\/p>\n\n\n\n<p><em>The prophetic path is a daily choice to walk along an ever-unfolding landscape.<\/em><\/p>\n","protected":false},"excerpt":{"rendered":"<p>V\u011b\u0159te v sebe sama. Jste prorok. Ji\u017e nyn\u00ed uskute\u010d\u0148ujete svou migraci. Byli jste vyvoleni, proto\u017ee jste se narodili. Jste prorokem, proto\u017ee jste se probudili. Jste str\u00e1\u017ecem zjeven\u00ed: \u010dlov\u011bk s my\u0161lenkou, kter\u00e1 m\u016f\u017ee vytvo\u0159it nov\u00fd sv\u011bt.-Steven Charleston<\/p>\n","protected":false},"author":1,"featured_media":8028,"comment_status":"open","ping_status":"open","sticky":false,"template":"","format":"standard","meta":{"footnotes":""},"categories":[198],"tags":[1491,374],"class_list":["post-8058","post","type-post","status-publish","format-standard","has-post-thumbnail","hentry","category-richard-rohr-ofm-centrum-pro-zivot-a-rozjimani","tag-modlitba-za-proroky","tag-proroci","latest_post"],"_links":{"self":[{"href":"https:\/\/www.frantiskani.cz\/index.php\/wp-json\/wp\/v2\/posts\/8058","targetHints":{"allow":["GET"]}}],"collection":[{"href":"https:\/\/www.frantiskani.cz\/index.php\/wp-json\/wp\/v2\/posts"}],"about":[{"href":"https:\/\/www.frantiskani.cz\/index.php\/wp-json\/wp\/v2\/types\/post"}],"author":[{"embeddable":true,"href":"https:\/\/www.frantiskani.cz\/index.php\/wp-json\/wp\/v2\/users\/1"}],"replies":[{"embeddable":true,"href":"https:\/\/www.frantiskani.cz\/index.php\/wp-json\/wp\/v2\/comments?post=8058"}],"version-history":[{"count":2,"href":"https:\/\/www.frantiskani.cz\/index.php\/wp-json\/wp\/v2\/posts\/8058\/revisions"}],"predecessor-version":[{"id":8060,"href":"https:\/\/www.frantiskani.cz\/index.php\/wp-json\/wp\/v2\/posts\/8058\/revisions\/8060"}],"wp:featuredmedia":[{"embeddable":true,"href":"https:\/\/www.frantiskani.cz\/index.php\/wp-json\/wp\/v2\/media\/8028"}],"wp:attachment":[{"href":"https:\/\/www.frantiskani.cz\/index.php\/wp-json\/wp\/v2\/media?parent=8058"}],"wp:term":[{"taxonomy":"category","embeddable":true,"href":"https:\/\/www.frantiskani.cz\/index.php\/wp-json\/wp\/v2\/categories?post=8058"},{"taxonomy":"post_tag","embeddable":true,"href":"https:\/\/www.frantiskani.cz\/index.php\/wp-json\/wp\/v2\/tags?post=8058"}],"curies":[{"name":"wp","href":"https:\/\/api.w.org\/{rel}","templated":true}]}}