{"id":8064,"date":"2023-12-31T08:43:14","date_gmt":"2023-12-31T07:43:14","guid":{"rendered":"https:\/\/www.frantiskani.cz\/?p=8064"},"modified":"2023-12-31T08:45:43","modified_gmt":"2023-12-31T07:45:43","slug":"radikalni-odolnost","status":"publish","type":"post","link":"https:\/\/www.frantiskani.cz\/index.php\/2023\/12\/31\/radikalni-odolnost\/","title":{"rendered":"Radik\u00e1ln\u00ed odolnost"},"content":{"rendered":"\n<h6 class=\"wp-block-heading\">&nbsp;Prvn\u00ed t\u00fdden: Radik\u00e1ln\u00ed odolnost<\/h6>\n\n\n\n<p><em>Ka\u017edoro\u010dn\u00ed t\u00e9ma denn\u00edch meditac\u00ed vzniklo na z\u00e1klad\u011b n\u011bkolikam\u011bs\u00ed\u010dn\u00edho spole\u010dn\u00e9ho rozhovoru a rozli\u0161ov\u00e1n\u00ed mezi \u010dleny fakulty a zam\u011bstnanci CAC. D\u011bkan fakulty CAC Brian McLaren p\u0159edstavuje na\u0161e t\u00e9ma pro rok 2024:&nbsp;<\/em><\/p>\n\n\n\n<p><em>Byl jsem vyzv\u00e1n, abych se s v\u00e1mi v\u0161emi pod\u011blil o to, jak\u00e9 bude na\u0161e t\u00e9ma pro rok 2024:<\/em><\/p>\n\n\n\n<h4 class=\"wp-block-heading\">Radik\u00e1ln\u00ed odolnost.<\/h4>\n\n\n\n<p>Radik\u00e1ln\u00ed odolnost. Ka\u017ed\u00e9 z t\u011bchto slov je d\u016fle\u017eit\u00e9. Slovo &#8222;radik\u00e1ln\u00ed&#8220; znamen\u00e1 j\u00edt ke ko\u0159en\u016fm, j\u00edt do hloubky, j\u00edt pod povrch&#8230;.. Ve skute\u010dnosti je to pr\u00e1v\u011b kontemplace: je to v\u011bnov\u00e1n\u00ed hlubok\u00e9 pozornosti hlubok\u00fdm rozm\u011br\u016fm \u017eivota. Radik\u00e1ln\u00ed odolnost tedy znamen\u00e1 radik\u00e1ln\u00ed, hlubokou pozornost k nejhlub\u0161\u00edm ko\u0159en\u016fm odolnosti. Odolnost je schopnost odol\u00e1vat t\u011b\u017ekostem nebo obt\u00ed\u017e\u00edm a zotavit se z nich. M\u00e1 co do \u010din\u011bn\u00ed se schopnost\u00ed pru\u017en\u011b se vr\u00e1tit do formy pot\u00e9, co jste byli pora\u017eeni, sra\u017eeni nebo ohnuti.<\/p>\n\n\n\n<h4 class=\"wp-block-heading\">Opustit nepodstatn\u00e9<\/h4>\n\n\n\n<p>\u017diji na Florid\u011b, kter\u00e1 je proslul\u00e1 hurik\u00e1ny, a jsem milovn\u00edkem strom\u016f. Mnoho na\u0161ich strom\u016f na Florid\u011b p\u0159e\u017e\u00edv\u00e1 hurik\u00e1ny d\u00edky tomu, \u017ee jsou pru\u017en\u00e9. Dok\u00e1\u017eou se \u00fa\u017easn\u011b ohnout a pru\u017en\u011b se vr\u00e1tit do tvaru. Jeden z m\u00fdch obl\u00edben\u00fdch strom\u016f m\u00e1 trochu jinou strategii. \u0158\u00edk\u00e1 se mu strom &#8222;gumbo-limbo&#8220; a hurik\u00e1n p\u0159e\u017eije tak, \u017ee kdy\u017e za\u010dne foukat v\u00edtr, nech\u00e1 v\u011btve prost\u011b odlomit. V\u00ed, \u017ee pokud se v\u00e1m poda\u0159\u00ed udr\u017eet pevn\u00fd a stabiln\u00ed kmen a v\u00edtr v\u00e1s nevyvr\u00e1t\u00ed, m\u016f\u017eete se po bou\u0159i odrazit zp\u011bt. A pr\u00e1v\u011b to gumovn\u00edk-limba\u0159sk\u00fd strom d\u011bl\u00e1. P\u0159es bou\u0159i cestuje nalehko. Opou\u0161t\u00ed v\u0161e, co nen\u00ed pro \u017eivot podstatn\u00e9, na co se m\u00e1 soust\u0159edit.<\/p>\n\n\n\n<p>Brian spojuje radik\u00e1ln\u00ed odolnost s d\u00edlem prorok\u016f:&nbsp;<\/p>\n\n\n\n<h4 class=\"wp-block-heading\">Proroci<\/h4>\n\n\n\n<p>Proroci jsou zasv\u011bcenci, kte\u0159\u00ed miluj\u00ed komunitu natolik, \u017ee ji s l\u00e1skou kritizuj\u00ed. Nebr\u00e1n\u00ed pouze spole\u010denstv\u00ed, kter\u00e9 miluj\u00ed. Na to ji miluj\u00ed a\u017e p\u0159\u00edli\u0161. Ale ani na ni ne\u00fato\u010d\u00ed nemilosrdn\u011b zven\u010d\u00ed a nevyu\u017e\u00edvaj\u00ed ka\u017ed\u00e9 nedokonalosti, aby ji zahanbili a ubl\u00ed\u017eili j\u00ed. Jak \u010dasto \u0159\u00edk\u00e1 Richard Rohr, kritizuj\u00ed s l\u00e1skou zevnit\u0159&#8230;..<\/p>\n\n\n\n<h4 class=\"wp-block-heading\">Nach\u00e1zej\u00ed lep\u0161\u00ed budoucnost v sob\u011b<\/h4>\n\n\n\n<p>M\u00e1me-li lidem pomoci moud\u0159e jednat a p\u0159edstavit si lep\u0161\u00ed budoucnost uprost\u0159ed p\u0159ich\u00e1zej\u00edc\u00edch probl\u00e9m\u016f, pak budeme muset lidem pomoci naj\u00edt tuto lep\u0161\u00ed budoucnost v sob\u011b, aby ji mohli pro\u017e\u00edt ve sv\u011bt\u011b. A to je to, co douf\u00e1me, \u017ee se n\u00e1m spole\u010dn\u011b poda\u0159\u00ed v roce 2024.<\/p>\n\n\n\n<h4 class=\"wp-block-heading\">A hledejme radik\u00e1ln\u00ed odolnost<\/h4>\n\n\n\n<p>V\u00edme, \u017ee se nach\u00e1z\u00edme v t\u011b\u017ek\u00e9 a nebezpe\u010dn\u00e9 dob\u011b. Jako glob\u00e1ln\u00ed civilizace \u017eijeme s na\u0161\u00ed planetou destruktivn\u011b. \u017dijeme nebezpe\u010dn\u011b a rozd\u011blujeme se navz\u00e1jem. A \u017eijeme \u010dasto iluzorn\u011b sami v sob\u011b. V tomto roce se budeme spole\u010dn\u011b sna\u017eit prozkoumat radik\u00e1ln\u00ed odolnost, abychom se v na\u0161em sv\u011bt\u011b stali sp\u00ed\u0161e termostaty ne\u017e teplom\u011bry, nastavovali teplotu, d\u00e1vali p\u0159\u00edklad kontemplativn\u00ed hloubky a moudrosti, l\u00e1sky a m\u00edru &#8211; m\u00edsto abychom se jen ut\u00e1p\u011bli v zu\u0159ivosti, strachu, pop\u00edr\u00e1n\u00ed a zoufalstv\u00ed, kter\u00e9 je v na\u0161\u00ed dob\u011b tak \u010dast\u00e9. V\u00edtejte, brat\u0159i a sestry, v roce radik\u00e1ln\u00ed odolnosti.<\/p>\n","protected":false},"excerpt":{"rendered":"<p>V tomto roce se budeme spole\u010dn\u011b sna\u017eit prozkoumat radik\u00e1ln\u00ed odolnost, abychom se v na\u0161em sv\u011bt\u011b stali sp\u00ed\u0161e termostaty ne\u017e teplom\u011bry, nastavovali teplotu, d\u00e1vali p\u0159\u00edklad kontemplativn\u00ed hloubky a moudrosti, l\u00e1sky a m\u00edru &#8211; m\u00edsto abychom se jen ut\u00e1p\u011bli v zu\u0159ivosti, strachu, pop\u00edr\u00e1n\u00ed a zoufalstv\u00ed, kter\u00e9 je v na\u0161\u00ed dob\u011b tak \u010dast\u00e9. V\u00edtejte, brat\u0159i a sestry, v roce radik\u00e1ln\u00ed odolnosti.<\/p>\n","protected":false},"author":1,"featured_media":8065,"comment_status":"open","ping_status":"open","sticky":false,"template":"","format":"standard","meta":{"footnotes":""},"categories":[198],"tags":[1492],"class_list":["post-8064","post","type-post","status-publish","format-standard","has-post-thumbnail","hentry","category-richard-rohr-ofm-centrum-pro-zivot-a-rozjimani","tag-radikalni-odolnost","latest_post"],"_links":{"self":[{"href":"https:\/\/www.frantiskani.cz\/index.php\/wp-json\/wp\/v2\/posts\/8064","targetHints":{"allow":["GET"]}}],"collection":[{"href":"https:\/\/www.frantiskani.cz\/index.php\/wp-json\/wp\/v2\/posts"}],"about":[{"href":"https:\/\/www.frantiskani.cz\/index.php\/wp-json\/wp\/v2\/types\/post"}],"author":[{"embeddable":true,"href":"https:\/\/www.frantiskani.cz\/index.php\/wp-json\/wp\/v2\/users\/1"}],"replies":[{"embeddable":true,"href":"https:\/\/www.frantiskani.cz\/index.php\/wp-json\/wp\/v2\/comments?post=8064"}],"version-history":[{"count":2,"href":"https:\/\/www.frantiskani.cz\/index.php\/wp-json\/wp\/v2\/posts\/8064\/revisions"}],"predecessor-version":[{"id":8067,"href":"https:\/\/www.frantiskani.cz\/index.php\/wp-json\/wp\/v2\/posts\/8064\/revisions\/8067"}],"wp:featuredmedia":[{"embeddable":true,"href":"https:\/\/www.frantiskani.cz\/index.php\/wp-json\/wp\/v2\/media\/8065"}],"wp:attachment":[{"href":"https:\/\/www.frantiskani.cz\/index.php\/wp-json\/wp\/v2\/media?parent=8064"}],"wp:term":[{"taxonomy":"category","embeddable":true,"href":"https:\/\/www.frantiskani.cz\/index.php\/wp-json\/wp\/v2\/categories?post=8064"},{"taxonomy":"post_tag","embeddable":true,"href":"https:\/\/www.frantiskani.cz\/index.php\/wp-json\/wp\/v2\/tags?post=8064"}],"curies":[{"name":"wp","href":"https:\/\/api.w.org\/{rel}","templated":true}]}}