{"id":8078,"date":"2024-01-03T08:15:53","date_gmt":"2024-01-03T07:15:53","guid":{"rendered":"https:\/\/www.frantiskani.cz\/?p=8078"},"modified":"2024-01-03T08:15:58","modified_gmt":"2024-01-03T07:15:58","slug":"spolecna-odpoved","status":"publish","type":"post","link":"https:\/\/www.frantiskani.cz\/index.php\/2024\/01\/03\/spolecna-odpoved\/","title":{"rendered":"Spole\u010dn\u00e1 odpov\u011b\u010f"},"content":{"rendered":"\n<h6 class=\"wp-block-heading\">Prvn\u00ed t\u00fdden: Radik\u00e1ln\u00ed odolnost<\/h6>\n\n\n\n<p><em>V podcastu The Cosmic We se \u010dlenka katedry CAC Dr. Barbara Holmes zam\u00fd\u0161l\u00ed nad kolektivn\u00ed odolnost\u00ed pot\u0159ebnou v dob\u011b krize:<\/em><\/p>\n\n\n\n<h4 class=\"wp-block-heading\">Kolektivn\u00ed pam\u011b\u0165 spole\u010dn\u00e9 vesnice&#8230;<\/h4>\n\n\n\n<p>K v\u00fdchov\u011b d\u00edt\u011bte je t\u0159eba cel\u00e9 vesnice. K p\u0159e\u017eit\u00ed je pot\u0159eba cel\u00e1 vesnice. Pro mnoh\u00e9 z n\u00e1s jsou vesnice minulost\u00ed. U\u017e ne\u010derp\u00e1me vodu z vesnick\u00e9 studny ani se ned\u011bl\u00edme o pr\u00e1ci p\u0159i chl\u00e9v\u011b, set\u00ed a sklizni. T\u00e9m\u011b\u0159 v\u0161e, co pot\u0159ebujeme, si m\u016f\u017eeme obstarat online. A p\u0159esto\u017ee jsou na\u0161e spole\u010dnosti propojeny technologiemi, pr\u00e1vn\u00edm \u0159\u00e1dem a glob\u00e1ln\u00ed ekonomikou, na\u0161e vztahy jsou hluboce zako\u0159en\u011bny v pam\u011bti m\u00edstn\u00edch prostor.<\/p>\n\n\n\n<h4 class=\"wp-block-heading\">&#8230;to jsou duchovn\u00ed a kmenov\u00e9 z\u00e1vazky<\/h4>\n\n\n\n<p>Vesnice jsou organiza\u010dn\u00edmi prostory, kter\u00e9 uchov\u00e1vaj\u00ed na\u0161e kolektivn\u00ed po\u010d\u00e1tky. Jsou to prostory, do kter\u00fdch se m\u016f\u017eeme vracet, i kdy\u017e jen prost\u0159ednictv\u00edm vzpom\u00ednek, kdy\u017e pot\u0159ebujeme p\u0159\u00edv\u011btiv\u00e1 a zn\u00e1m\u00e1 m\u00edsta. Co jin\u00e9ho je vesnice ne\u017e m\u00edstn\u00ed skupina lid\u00ed, kte\u0159\u00ed sd\u00edlej\u00ed spole\u010dn\u00e9 zku\u0161enosti, hodnoty a vz\u00e1jemnou podporu? Pou\u017e\u00edv\u00e1m slovo &#8222;vesnice&#8220;, abych p\u0159ipomn\u011bla podobn\u00e9 duchovn\u00ed a kmenov\u00e9 z\u00e1vazky a povinnosti&#8230;. Kdy\u017e je krize, je t\u0159eba vesnice, aby p\u0159e\u017eila.<\/p>\n\n\n\n<h4 class=\"wp-block-heading\">Jak spole\u010dn\u011b p\u0159e\u017eijeme?<\/h4>\n\n\n\n<p>V ka\u017ed\u00e9 generaci jsme podrobeni zkou\u0161ce. Budeme milovat sv\u00e9 bli\u017en\u00ed jako sebe sam\u00e9, nebo budeme sv\u00e9 vz\u00e1jemn\u00e9 povinnosti pom\u011b\u0159ovat podle toho, koho pova\u017eujeme za n\u011bkoho v na\u0161em spole\u010densk\u00e9m kruhu nebo mimo n\u011bj? A co ty ne\u010dekan\u00e9 krizov\u00e9 okam\u017eiky, ty kritick\u00e9 ud\u00e1losti, kter\u00e9 ohro\u017euj\u00ed celou vesnici? Jak spole\u010dn\u011b p\u0159e\u017eijeme? Jak spole\u010dn\u011b odol\u00e1v\u00e1me? Jak reagujeme na nev\u00fdslovnou brutalitu a kolektivn\u00ed \u00fatlak na\u0161ich soused\u016f?<\/p>\n\n\n\n<h4 class=\"wp-block-heading\">Jak reaguji na spole\u010dn\u00e9 ohro\u017een\u00ed?<\/h4>\n\n\n\n<p>Na\u0161e celo\u017eivotn\u00ed \u00fasil\u00ed o zmapov\u00e1n\u00ed na\u0161\u00ed jedine\u010dnosti nep\u0159eb\u00edj\u00ed na\u0161e kolektivn\u00ed vazby. A\u010dkoli jsem jednotlivec se jm\u00e9nem, rodinnou histori\u00ed a zt\u011blesn\u011bn\u00edm Afroameri\u010danky, jsem tak\u00e9 neodd\u011bliteln\u011b spojena s n\u011bkolika vesnicemi, kter\u00e9 odr\u00e1\u017eej\u00ed mou soci\u00e1ln\u00ed, kulturn\u00ed, n\u00e1rodn\u00ed, duchovn\u00ed a genera\u010dn\u00ed identifikaci. Tato spojen\u00ed vy\u017eaduj\u00ed, abych reagovala a vzdorovala, kdy\u017e je n\u011bkter\u00e1 z vesnic napadena&#8230;..<\/p>\n\n\n\n<h4 class=\"wp-block-heading\">Lze propojit skupiny vesnic a usilovat spole\u010dn\u011b?<\/h4>\n\n\n\n<p>Existuje zp\u016fsob, jak se m\u016f\u017eeme spojit jako skupiny, kolektivy i jednotlivci a usilovat o nejvy\u0161\u0161\u00ed dobro n\u00e1s v\u0161ech t\u00edm, \u017ee budeme tvo\u0159iv\u011b vyu\u017e\u00edvat sv\u00e9 dary. Alternativy skute\u010dn\u011b existuj\u00ed. Nejde o to, zda je to jedno, nebo druh\u00e9. Nemus\u00edme m\u00edt velk\u00e9 syst\u00e9my ur\u010duj\u00edc\u00ed v\u00fdsledek na\u0161ich \u017eivot\u016f. Mus\u00edme jen kreativn\u011b promyslet, jak chceme maximalizovat rozkv\u011bt v\u011bt\u0161iny z n\u00e1s, ne jen n\u011bkolika z n\u00e1s&#8230;..<\/p>\n\n\n\n<h4 class=\"wp-block-heading\">Asi si nejprve mus\u00edme ujasnit kdo jsme a kam pat\u0159\u00edme<\/h4>\n\n\n\n<p>Kde va\u0161e komunita trp\u00ed? Kde m\u016f\u017eete b\u00fdt t\u00e9to komunit\u011b n\u00e1pomocni? Jak\u00fdmi zdroji a dary disponujete, kter\u00e9 pos\u00edl\u00ed uzdraven\u00ed va\u0161eho vlastn\u00edho t\u011bla a va\u0161\u00ed komunity? Jako obec m\u00e1me svatou povinnost reagovat na krize \u00fatlaku a nespravedlnosti. M\u00e1me povinnost reagovat na utrpen\u00ed druh\u00fdch kolem n\u00e1s. Nejprve si v\u0161ak mus\u00edme ujasnit, kdo jsme, jak se projev\u00edme a jak budeme spolupracovat s ostatn\u00edmi, s na\u0161imi sousedy, p\u0159i komunitn\u00ed reakci na krizi.<\/p>\n\n\n\n<h6 class=\"wp-block-heading\">Prameny:<\/h6>\n\n\n\n<p><strong>2024 Daily Meditations Theme<\/strong><\/p>\n\n\n\n<p>This year\u2019s theme will explore contemplation as a way to build\u00a0<strong>Radical Resilience<\/strong>\u00a0so we can stand in solidarity with the world without burning up or burning out.\u00a0<a href=\"https:\/\/email.cac.org\/t\/d-l-vkkyujl-itiuujuudy-j\/\">Watch the video.<\/a><\/p>\n\n\n\n<p>\u201c<a href=\"https:\/\/email.cac.org\/t\/d-l-vkkyujl-itiuujuudy-k\/\"><u>The Village Response<\/u><\/a>,\u201d&nbsp;<em>The Cosmic We,&nbsp;<\/em>season 4, ep. 4 (Albuquerque, NM: Center for Action and Contemplation, 2023), podcast. Available as MP3 audio.<\/p>\n\n\n\n<p><strong>Image credit:<\/strong>&nbsp;Jenna Keiper, Keeping the Candle Lit (detail), New Mexico, photograph, used with&nbsp;permission.&nbsp;<a href=\"https:\/\/email.cac.org\/t\/d-l-vkkyujl-itiuujuudy-u\/\">Click here to enlarge image<\/a>.<br><br><em>Resilience requires endurance &#8211; we keep watch to keep the candle lit.<\/em><\/p>\n","protected":false},"excerpt":{"rendered":"<p>Kde va\u0161e komunita trp\u00ed? Kde m\u016f\u017eete b\u00fdt t\u00e9to komunit\u011b n\u00e1pomocni? Jak\u00fdmi zdroji a dary disponujete, kter\u00e9 pos\u00edl\u00ed uzdraven\u00ed va\u0161eho vlastn\u00edho t\u011bla a va\u0161\u00ed komunity? Jako obec m\u00e1me svatou povinnost reagovat na krize \u00fatlaku a nespravedlnosti. M\u00e1me povinnost reagovat na utrpen\u00ed druh\u00fdch kolem n\u00e1s. Nejprve si v\u0161ak mus\u00edme ujasnit, kdo jsme, jak se projev\u00edme a jak budeme spolupracovat s ostatn\u00edmi, s na\u0161imi sousedy, p\u0159i komunitn\u00ed reakci na krizi.<\/p>\n","protected":false},"author":1,"featured_media":8065,"comment_status":"open","ping_status":"open","sticky":false,"template":"","format":"standard","meta":{"footnotes":""},"categories":[198],"tags":[1498,1497,1499],"class_list":["post-8078","post","type-post","status-publish","format-standard","has-post-thumbnail","hentry","category-richard-rohr-ofm-centrum-pro-zivot-a-rozjimani","tag-generace","tag-kolektivni-odpovednost","tag-preziti","latest_post"],"_links":{"self":[{"href":"https:\/\/www.frantiskani.cz\/index.php\/wp-json\/wp\/v2\/posts\/8078","targetHints":{"allow":["GET"]}}],"collection":[{"href":"https:\/\/www.frantiskani.cz\/index.php\/wp-json\/wp\/v2\/posts"}],"about":[{"href":"https:\/\/www.frantiskani.cz\/index.php\/wp-json\/wp\/v2\/types\/post"}],"author":[{"embeddable":true,"href":"https:\/\/www.frantiskani.cz\/index.php\/wp-json\/wp\/v2\/users\/1"}],"replies":[{"embeddable":true,"href":"https:\/\/www.frantiskani.cz\/index.php\/wp-json\/wp\/v2\/comments?post=8078"}],"version-history":[{"count":1,"href":"https:\/\/www.frantiskani.cz\/index.php\/wp-json\/wp\/v2\/posts\/8078\/revisions"}],"predecessor-version":[{"id":8079,"href":"https:\/\/www.frantiskani.cz\/index.php\/wp-json\/wp\/v2\/posts\/8078\/revisions\/8079"}],"wp:featuredmedia":[{"embeddable":true,"href":"https:\/\/www.frantiskani.cz\/index.php\/wp-json\/wp\/v2\/media\/8065"}],"wp:attachment":[{"href":"https:\/\/www.frantiskani.cz\/index.php\/wp-json\/wp\/v2\/media?parent=8078"}],"wp:term":[{"taxonomy":"category","embeddable":true,"href":"https:\/\/www.frantiskani.cz\/index.php\/wp-json\/wp\/v2\/categories?post=8078"},{"taxonomy":"post_tag","embeddable":true,"href":"https:\/\/www.frantiskani.cz\/index.php\/wp-json\/wp\/v2\/tags?post=8078"}],"curies":[{"name":"wp","href":"https:\/\/api.w.org\/{rel}","templated":true}]}}