{"id":8096,"date":"2024-01-07T08:26:42","date_gmt":"2024-01-07T07:26:42","guid":{"rendered":"https:\/\/www.frantiskani.cz\/?p=8096"},"modified":"2024-01-07T08:26:51","modified_gmt":"2024-01-07T07:26:51","slug":"spoluprace-s-horicim-svetem","status":"publish","type":"post","link":"https:\/\/www.frantiskani.cz\/index.php\/2024\/01\/07\/spoluprace-s-horicim-svetem\/","title":{"rendered":"Spolupr\u00e1ce s ho\u0159\u00edc\u00edm sv\u011btem"},"content":{"rendered":"\n<h6 class=\"wp-block-heading\">Druh\u00fd t\u00fdden: Zapojen\u00ed do ho\u0159\u00edc\u00edho sv\u011bta<\/h6>\n\n\n\n<p><em>V ka\u017ed\u00e9m \u010dtvrtlet\u00ed roku 2024 budeme zkoumat jin\u00fd aspekt radik\u00e1ln\u00ed odolnosti. V tomto videu se u\u010ditel CAC Brian McLaren zam\u00fd\u0161l\u00ed nad prvn\u00edm t\u00e9matem: Z\u00fa\u010dastnit se sv\u011bta v ohni.<\/em><\/p>\n\n\n\n<h4 class=\"wp-block-heading\">Jak\u00e9 jsou v\u00fdzvy pro dal\u0161\u00ed obdob\u00ed<\/h4>\n\n\n\n<p>U\u017e v roce 2007 jsem napsal knihu s n\u00e1zvem V\u0161echno se mus\u00ed zm\u011bnit. Cht\u011bl jsem pochopit, jak\u00e9 jsou na\u0161e nejv\u011bt\u0161\u00ed v\u00fdzvy, hrozby a probl\u00e9my zde na Zemi jako glob\u00e1ln\u00ed civilizace. Rok jsem str\u00e1vil zkoum\u00e1n\u00edm literatury o glob\u00e1ln\u00edch kriz\u00edch a dosp\u011bl jsem k pochopen\u00ed \u010dty\u0159 hlubok\u00fdch probl\u00e9m\u016f, kter\u00fdm \u010del\u00edme.<\/p>\n\n\n\n<h4 class=\"wp-block-heading\">Krize planety<\/h4>\n\n\n\n<p>Za prv\u00e9, \u010del\u00edme krizi na\u0161\u00ed planety. Doslova ni\u010d\u00edme n\u00e1\u0161 syst\u00e9m podpory \u017eivota, naru\u0161ujeme klima, ni\u010d\u00edme oce\u00e1ny, vy\u010derp\u00e1v\u00e1me p\u016fdu, v\u0161echno zne\u010di\u0161\u0165ujeme, p\u00e1ch\u00e1me ekocidu na cel\u00e9 s\u00edti \u017eivota.<\/p>\n\n\n\n<h4 class=\"wp-block-heading\">Krize chudoby<\/h4>\n\n\n\n<p>Za druh\u00e9, m\u00e1me krizi chudoby a nerovnom\u011brn\u00e9ho rozd\u011blen\u00ed bohatstv\u00ed a moci, kdy se st\u00e1le v\u00edce bohatstv\u00ed a moci soust\u0159e\u010fuje u nepatrn\u00e9 men\u0161iny lid\u00ed.<\/p>\n\n\n\n<h4 class=\"wp-block-heading\">Krize pokoje<\/h4>\n\n\n\n<p>To vede ke t\u0159et\u00edmu probl\u00e9mu: krizi m\u00edru. V\u00edme, \u017ee jsme v probl\u00e9mech, tak co ud\u011bl\u00e1me? \u0160\u00ed\u0159\u00edme dal\u0161\u00ed a dal\u0161\u00ed zbran\u011b s rostouc\u00ed vra\u017eednou silou. Zapalujeme v\u0161echny na\u0161e rozd\u00edly: rasov\u00e9, ekonomick\u00e9, n\u00e1bo\u017eensk\u00e9, soci\u00e1ln\u00ed, souvisej\u00edc\u00ed s pohlav\u00edm a dal\u0161\u00ed.<\/p>\n\n\n\n<h4 class=\"wp-block-heading\">Krize n\u00e1bo\u017eenstv\u00ed<\/h4>\n\n\n\n<p>M\u00e1me krizi planety, chudoby, m\u00edru; \u010dtvrtou kriz\u00ed je n\u00e1bo\u017eenstv\u00ed, proto\u017ee na\u0161e n\u00e1bo\u017eensk\u00e9 komunity a\u017e p\u0159\u00edli\u0161 \u010dasto z\u016fst\u00e1vaj\u00ed stranou. Jak \u0159ekl Thomas Merton, jsou &#8222;vinn\u00fdmi p\u0159ihl\u00ed\u017eej\u00edc\u00edmi&#8220;. Mysl\u00edm, \u017ee velk\u00e1 \u010d\u00e1st n\u00e1bo\u017eenstv\u00ed prod\u00e1v\u00e1 lidem sp\u00ed\u0161e evakua\u010dn\u00ed pl\u00e1n, ne\u017e aby jim pom\u00e1hala pod\u00edlet se na pl\u00e1nu transformace.<\/p>\n\n\n\n<p><em>McLaren poukazuje na lidi, kte\u0159\u00ed integrovali spiritualitu a \u010dinnost ve slu\u017eb\u011b uzdraven\u00ed sv\u011bta:<\/em><\/p>\n\n\n\n<h4 class=\"wp-block-heading\">Anga\u017eovan\u00fd budhismus<\/h4>\n\n\n\n<p>Velk\u00fd buddhistick\u00fd u\u010ditel Thich Nhat Hahn dosp\u011bl ve Vietnamu pr\u00e1v\u011b v dob\u011b, kdy se jeho n\u00e1rod propadal do ob\u010dansk\u00e9 v\u00e1lky. Necht\u011bl b\u00fdt sou\u010d\u00e1st\u00ed n\u00e1bo\u017eensk\u00e9 komunity, kter\u00e1 se v dob\u011b velk\u00e9 nouze odd\u011blila od sv\u00e9 kultury. Za\u010dal formulovat to, co naz\u00fdval formou anga\u017eovan\u00e9ho buddhismu.<\/p>\n\n\n\n<h4 class=\"wp-block-heading\">Anga\u017eovan\u00e9 k\u0159es\u0165anstv\u00ed<\/h4>\n\n\n\n<p>Podobn\u011b tomu bylo i u Thomase Mertona. Stal se trapistick\u00fdm mnichem. Trapisty bychom si mohli p\u0159edstavit jako lidi, kte\u0159\u00ed jsou odta\u017eit\u00ed od v\u0161ech ud\u00e1lost\u00ed a z\u00e1le\u017eitost\u00ed sv\u011bta. Ale Merton, kter\u00fd napsal knihu Nov\u00e1 sem\u00ednka kontemplace, napsal tak\u00e9 knihu Sem\u00ednka destrukce, proto\u017ee pr\u00fd cht\u011bl formu anga\u017eovan\u00e9 kontemplativn\u00ed k\u0159es\u0165ansk\u00e9 v\u00edry.<\/p>\n\n\n\n<h4 class=\"wp-block-heading\">Anga\u017eovan\u00e1 kontemplace<\/h4>\n\n\n\n<p>Kdy\u017e Richard Rohr zakl\u00e1dal CAC, cht\u011bl, aby to bylo Centrum pro akci a kontemplaci: anga\u017eovan\u00e1 kontemplace zako\u0159en\u011bn\u00e1 v k\u0159es\u0165ansk\u00e9 tradici. A to samoz\u0159ejm\u011b jen \u010derp\u00e1 z p\u0159\u00edkladu Je\u017e\u00ed\u0161e, kter\u00fd se na za\u010d\u00e1tku sv\u00e9ho p\u016fsoben\u00ed st\u00e1hl do \u00fastran\u00ed na dobu kontemplativn\u00edho ml\u010den\u00ed, na dobu \u010dty\u0159iceti dn\u016f, jak prav\u00ed p\u0159\u00edb\u011bh. Ale pak se samoz\u0159ejm\u011b zab\u00fdval z\u00e1pasy a v\u00fdzvami sv\u00e9ho lidu ve sv\u00e9 dob\u011b.<\/p>\n\n\n\n<h4 class=\"wp-block-heading\">Je\u017e\u00ed\u0161 se z&nbsp;\u00fastran\u00ed vr\u00e1til konat<\/h4>\n\n\n\n<p>Ka\u017ed\u00fd den Je\u017e\u00ed\u0161 dodr\u017eoval stejn\u00fd rytmus: st\u00e1hl se do \u00fastran\u00ed, ale pak se vr\u00e1til, aby se zapojil uzdravov\u00e1n\u00edm, krmen\u00edm, p\u00e9\u010d\u00ed, p\u0159ij\u00edm\u00e1n\u00edm, obvazov\u00e1n\u00edm ran tohoto sv\u011bta a v\u0161t\u011bpoval lidem vizi odolnosti, zapojoval se do ho\u0159\u00edc\u00edho sv\u011bta. P\u0159e\u010dt\u011bte si tuto meditaci na webu cac.org.<\/p>\n\n\n\n<h6 class=\"wp-block-heading\">Prameny:<\/h6>\n\n\n\n<p>Adapted from Brian McLaren, introduction to the&nbsp;<a href=\"https:\/\/email.cac.org\/t\/d-l-vurvhd-tlkrhyidn-u\/\"><em><u>2024 Daily Meditations Theme: Radical Resilience: Engaging with a World on Fire<\/u><\/em><\/a>, Center for Action and Contemplation, video, 6:32.<\/p>\n\n\n\n<p><strong>Image credit:<\/strong>&nbsp;Evgeniy Alyoshin,&nbsp;<em>Firefighters putting out a fire&nbsp;<\/em>(detail), Ukraine, 2022, photograph,&nbsp;<a href=\"https:\/\/email.cac.org\/t\/d-l-vurvhd-tlkrhyidn-o\/\">public domain<\/a>.&nbsp;<a href=\"https:\/\/email.cac.org\/t\/d-l-vurvhd-tlkrhyidn-b\/\">Click here to enlarge image<\/a>.<\/p>\n\n\n\n<p><em>What does it look like to engage with the catastrophic fires that sweep through our world without becoming frenzied or frozen?<\/em><\/p>\n","protected":false},"excerpt":{"rendered":"<p>Ka\u017ed\u00fd den Je\u017e\u00ed\u0161 dodr\u017eoval stejn\u00fd rytmus: st\u00e1hl se do \u00fastran\u00ed, ale pak se vr\u00e1til, aby se zapojil uzdravov\u00e1n\u00edm, krmen\u00edm, p\u00e9\u010d\u00ed, p\u0159ij\u00edm\u00e1n\u00edm, obvazov\u00e1n\u00edm ran tohoto sv\u011bta a v\u0161t\u011bpoval lidem vizi odolnosti, zapojoval se do ho\u0159\u00edc\u00edho sv\u011bta<\/p>\n","protected":false},"author":1,"featured_media":8097,"comment_status":"open","ping_status":"open","sticky":false,"template":"","format":"standard","meta":{"footnotes":""},"categories":[198],"tags":[1488,364,307,724],"class_list":["post-8096","post","type-post","status-publish","format-standard","has-post-thumbnail","hentry","category-richard-rohr-ofm-centrum-pro-zivot-a-rozjimani","tag-angazovanost","tag-nabozenstvi","tag-planeta","tag-svet","latest_post"],"_links":{"self":[{"href":"https:\/\/www.frantiskani.cz\/index.php\/wp-json\/wp\/v2\/posts\/8096","targetHints":{"allow":["GET"]}}],"collection":[{"href":"https:\/\/www.frantiskani.cz\/index.php\/wp-json\/wp\/v2\/posts"}],"about":[{"href":"https:\/\/www.frantiskani.cz\/index.php\/wp-json\/wp\/v2\/types\/post"}],"author":[{"embeddable":true,"href":"https:\/\/www.frantiskani.cz\/index.php\/wp-json\/wp\/v2\/users\/1"}],"replies":[{"embeddable":true,"href":"https:\/\/www.frantiskani.cz\/index.php\/wp-json\/wp\/v2\/comments?post=8096"}],"version-history":[{"count":1,"href":"https:\/\/www.frantiskani.cz\/index.php\/wp-json\/wp\/v2\/posts\/8096\/revisions"}],"predecessor-version":[{"id":8098,"href":"https:\/\/www.frantiskani.cz\/index.php\/wp-json\/wp\/v2\/posts\/8096\/revisions\/8098"}],"wp:featuredmedia":[{"embeddable":true,"href":"https:\/\/www.frantiskani.cz\/index.php\/wp-json\/wp\/v2\/media\/8097"}],"wp:attachment":[{"href":"https:\/\/www.frantiskani.cz\/index.php\/wp-json\/wp\/v2\/media?parent=8096"}],"wp:term":[{"taxonomy":"category","embeddable":true,"href":"https:\/\/www.frantiskani.cz\/index.php\/wp-json\/wp\/v2\/categories?post=8096"},{"taxonomy":"post_tag","embeddable":true,"href":"https:\/\/www.frantiskani.cz\/index.php\/wp-json\/wp\/v2\/tags?post=8096"}],"curies":[{"name":"wp","href":"https:\/\/api.w.org\/{rel}","templated":true}]}}