{"id":8113,"date":"2024-01-10T08:17:33","date_gmt":"2024-01-10T07:17:33","guid":{"rendered":"https:\/\/www.frantiskani.cz\/?p=8113"},"modified":"2024-01-10T08:17:37","modified_gmt":"2024-01-10T07:17:37","slug":"angazovane-krestanstvi","status":"publish","type":"post","link":"https:\/\/www.frantiskani.cz\/index.php\/2024\/01\/10\/angazovane-krestanstvi\/","title":{"rendered":"Anga\u017eovan\u00e9 k\u0159es\u0165anstv\u00ed"},"content":{"rendered":"\n<h6 class=\"wp-block-heading\">Druh\u00fd t\u00fdden: Zapojen\u00ed do ho\u0159\u00edc\u00edho sv\u011bta<\/h6>\n\n\n\n<p><em>Brian McLaren sleduje, jak se s otcem Richardem vydali na podobnou cestu a vyty\u010duj\u00ed cestu k\u0159es\u0165ansk\u00e9 v\u00edry, kter\u00e1 se zab\u00fdv\u00e1 pot\u0159ebami sv\u011bta:<\/em><\/p>\n\n\n\n<h4 class=\"wp-block-heading\">K\u0159es\u0165anstv\u00ed p\u0159estalo b\u00fdt pl\u00e1nem prom\u011bny<\/h4>\n\n\n\n<p>N\u00e1zvy m\u00fdch knih prozrazuj\u00ed, \u017ee jsem se ve sv\u00e9 tradici v\u00edry setk\u00e1val s n\u011b\u010d\u00edm, co mi nesed\u011blo&#8230;. P\u0159ipadal jsem si, jako bych loupal cibuli. V\u0161iml jsem si nap\u0159\u00edklad, \u017ee lid\u00e9, kte\u0159\u00ed tr\u00e1v\u00ed hodn\u011b \u010dasu v kostele, se \u010dasto zdaj\u00ed b\u00fdt jedni z nejzlej\u0161\u00ed, arogantn\u011bj\u0161\u00edch a nejodsuzovan\u011bj\u0161\u00edch lid\u00ed, kter\u00e9 jsem potkal. V\u0161iml jsem si, \u017ee tot\u00e9\u017e ob\u010das plat\u00ed i o mn\u011b&#8230;.. Zd\u00e1lo se, \u017ee k\u0159es\u0165anstv\u00ed se pro mnoho lid\u00ed stalo sp\u00ed\u0161e evakua\u010dn\u00edm pl\u00e1nem (jak dostat svou du\u0161i ze zem\u011b do nebe) ne\u017e pl\u00e1nem prom\u011bny (jak pomoci, aby se Bo\u017e\u00ed v\u016fle na zemi plnila tak, jak se pln\u00ed v nebi).<\/p>\n\n\n\n<h4 class=\"wp-block-heading\">Stejn\u011b tak i v budhismu<\/h4>\n\n\n\n<p>Kdy\u017e jsem se koncem 90. let sezn\u00e1mil s Richardem Rohrem, uv\u011bdomil jsem si, \u017ee Richard jde velmi podobnou cestou. Byl o mnoho krok\u016f p\u0159ede mnou a pomohl mi pochopit, \u017ee v na\u0161\u00ed zd\u011bd\u011bn\u00e9 z\u00e1padn\u00ed tradici je n\u011bco, s \u010d\u00edm se oba pot\u00fdk\u00e1me a co se sna\u017e\u00edme opravit, napravit, vyl\u00e9\u010dit, napravit&#8230;.. Nakonec jsem narazil na d\u016fle\u017eit\u00e9 d\u00edlo Thich Nhat Hanha a uv\u011bdomil jsem si, \u017ee Thich Nhat Hanh pro\u0161el podobnou cestou jako Richard a j\u00e1, ale ve sv\u00e9 buddhistick\u00e9 tradici&#8230;..<\/p>\n\n\n\n<h4 class=\"wp-block-heading\">V\u0161ude jde o \u00fanik do sobeck\u00e9 bla\u017eenosti<\/h4>\n\n\n\n<p>Mysl\u00edm, \u017ee tento paraleln\u00ed boj, v katolicismu i protestantismu, v buddhismu i k\u0159es\u0165anstv\u00ed, je bojem o v\u00edru, kter\u00e1 nen\u00ed evakua\u010dn\u00edm pl\u00e1nem nebo \u00fanikem do soukrom\u00e9 bla\u017eenosti, ale zp\u016fsobem, jak usilovat o duchovn\u00ed prom\u011bnu vlastn\u00edho \u017eivota, kter\u00e1 se projev\u00ed ve zm\u011bn\u011b a transformaci na\u0161eho sv\u011bta. Jsme na cest\u011b hled\u00e1n\u00ed, jak m\u00edt anga\u017eovan\u00fd v\u00fdraz hlubok\u00e9ho duchovn\u00edho \u017eivota, kter\u00fd zm\u011bn\u00ed sv\u011bt v plamenech. [1]<\/p>\n\n\n\n<p><em>Inspirov\u00e1n spisy Thich Nhat Hanha a \u010ctrn\u00e1cti p\u0159ik\u00e1z\u00e1n\u00edmi anga\u017eovan\u00e9ho buddhismu napsal McLaren \u010ctrn\u00e1ct p\u0159ik\u00e1z\u00e1n\u00ed spravedliv\u00e9ho a velkorys\u00e9ho k\u0159es\u0165anstv\u00ed. Zde jsou n\u011bkter\u00e9 z pokyn\u016f, kter\u00e9 McLaren nab\u00edz\u00ed:<\/em><\/p>\n\n\n\n<h4 class=\"wp-block-heading\">Spravedliv\u00e9 a velkorys\u00e9 k\u0159es\u0165anstv\u00ed<\/h4>\n\n\n\n<p><strong>Celo\u017eivotn\u00ed u\u010den\u00ed:<\/strong> Nemyslete si, \u017ee znalosti, kter\u00e9 v sou\u010dasnosti m\u00e1te, jsou nem\u011bnn\u00e9, \u00fapln\u00e9 a absolutn\u00ed pravdou&#8230;.. Bu\u010fte otev\u0159en\u00ed Duchu svat\u00e9mu a praktikujte d\u011btskou pokoru&#8230;.<\/p>\n\n\n\n<p><strong>Laskavost:<\/strong> Nenu\u0165te druh\u00e9, v\u010detn\u011b d\u011bt\u00ed, jak\u00fdmikoliv prost\u0159edky, aby p\u0159ijali va\u0161e n\u00e1zory, a\u0165 u\u017e autoritou, hrozbou, pen\u011bzi, propagandou, nebo dokonce vzd\u011bl\u00e1n\u00edm&#8230;.<\/p>\n\n\n\n<p><strong>L\u00e1ska:<\/strong> Neudr\u017eujte v sob\u011b hn\u011bv nebo nen\u00e1vist&#8230;.. U\u010di\u0148te l\u00e1sku sv\u00fdm nejvy\u0161\u0161\u00edm c\u00edlem.<\/p>\n\n\n\n<p><strong>Klid:<\/strong> Neztr\u00e1cejte se v rozpt\u00fdlen\u00ed a ve sv\u00e9m okol\u00ed. Pob\u00fdvejte v Bo\u017e\u00ed p\u0159\u00edtomnosti a pokoji, abyste se vr\u00e1tili k tomu, co se d\u011bje v p\u0159\u00edtomn\u00e9m okam\u017eiku. Bu\u010fte v kontaktu s t\u00edm, co je podivuhodn\u00e9, osv\u011b\u017euj\u00edc\u00ed a uzdravuj\u00edc\u00ed uvnit\u0159 v\u00e1s i kolem v\u00e1s&#8230;..<\/p>\n\n\n\n<p><strong>Nen\u00e1sil\u00ed:<\/strong> Nezab\u00edjejte a neubli\u017eujte a nesta\u0148te se, kdy\u017e se o to sna\u017e\u00ed druz\u00ed. Hledejte kreativn\u00ed, spravedliv\u00e9 a nen\u00e1siln\u00e9 zp\u016fsoby, jak p\u0159edch\u00e1zet konflikt\u016fm nebo je ukon\u010dovat a jak podporovat a posilovat m\u00edr. [2]<\/p>\n\n\n\n<p>P\u0159e\u010dt\u011bte si tuto meditaci na str\u00e1nk\u00e1ch cac.org.<\/p>\n\n\n\n<h6 class=\"wp-block-heading\">Prameny:<\/h6>\n\n\n\n<p>[1] Adapted from Brian McLaren, \u201cWhat Is Engaged Contemplation?,\u201d&nbsp;<em>Essentials of<\/em>&nbsp;<em>&nbsp;Engaged Contemplation<\/em>, Center for Action and Contemplation, 2024. Presentation for the Living School.<\/p>\n\n\n\n<p>[2] Brian D, McLaren,&nbsp;<em><a href=\"https:\/\/email.cac.org\/t\/d-l-vureik-tlkrhyidn-o\/\">The Great Spiritual Migration: How the World\u2019s Largest Religion Is Seeking a Better Way to Be Christian<\/a>&nbsp;<\/em>(New York: Convergent, 2016), 211, 212, 213.<\/p>\n\n\n\n<p><strong>Image credit:<\/strong>&nbsp;Evgeniy Alyoshin,&nbsp;<em>Firefighters putting out a fire&nbsp;<\/em>(detail), Ukraine, 2022, photograph,&nbsp;<a href=\"https:\/\/email.cac.org\/t\/d-l-vureik-tlkrhyidn-b\/\">public domain<\/a>.&nbsp;<a href=\"https:\/\/email.cac.org\/t\/d-l-vureik-tlkrhyidn-n\/\">Click here to enlarge image<\/a>.<\/p>\n\n\n\n<p><em>What does it look like to&nbsp;engage with the catastrophic fires that sweep through our world without becoming frenzied or frozen?<\/em><\/p>\n","protected":false},"excerpt":{"rendered":"<p>Lid\u00e9, kte\u0159\u00ed tr\u00e1v\u00ed hodn\u011b \u010dasu v kostele, se \u010dasto zdaj\u00ed b\u00fdt jedni z nejzlej\u0161\u00ed, arogantn\u011bj\u0161\u00edch a nejodsuzovan\u011bj\u0161\u00edch lid\u00ed, kter\u00e9 jsem potkal. V\u0161iml jsem si, \u017ee tot\u00e9\u017e ob\u010das plat\u00ed i o mn\u011b&#8230;.. Zd\u00e1lo se, \u017ee k\u0159es\u0165anstv\u00ed se pro mnoho lid\u00ed stalo sp\u00ed\u0161e evakua\u010dn\u00edm pl\u00e1nem (jak dostat svou du\u0161i ze zem\u011b do nebe) ne\u017e pl\u00e1nem prom\u011bny (jak pomoci, aby se Bo\u017e\u00ed v\u016fle na zemi plnila tak, jak se pln\u00ed v nebi).<\/p>\n","protected":false},"author":1,"featured_media":8097,"comment_status":"open","ping_status":"open","sticky":false,"template":"","format":"standard","meta":{"footnotes":""},"categories":[198],"tags":[244,456,1509],"class_list":["post-8113","post","type-post","status-publish","format-standard","has-post-thumbnail","hentry","category-richard-rohr-ofm-centrum-pro-zivot-a-rozjimani","tag-budhismus","tag-nenasili","tag-sobectvi","latest_post"],"_links":{"self":[{"href":"https:\/\/www.frantiskani.cz\/index.php\/wp-json\/wp\/v2\/posts\/8113","targetHints":{"allow":["GET"]}}],"collection":[{"href":"https:\/\/www.frantiskani.cz\/index.php\/wp-json\/wp\/v2\/posts"}],"about":[{"href":"https:\/\/www.frantiskani.cz\/index.php\/wp-json\/wp\/v2\/types\/post"}],"author":[{"embeddable":true,"href":"https:\/\/www.frantiskani.cz\/index.php\/wp-json\/wp\/v2\/users\/1"}],"replies":[{"embeddable":true,"href":"https:\/\/www.frantiskani.cz\/index.php\/wp-json\/wp\/v2\/comments?post=8113"}],"version-history":[{"count":1,"href":"https:\/\/www.frantiskani.cz\/index.php\/wp-json\/wp\/v2\/posts\/8113\/revisions"}],"predecessor-version":[{"id":8114,"href":"https:\/\/www.frantiskani.cz\/index.php\/wp-json\/wp\/v2\/posts\/8113\/revisions\/8114"}],"wp:featuredmedia":[{"embeddable":true,"href":"https:\/\/www.frantiskani.cz\/index.php\/wp-json\/wp\/v2\/media\/8097"}],"wp:attachment":[{"href":"https:\/\/www.frantiskani.cz\/index.php\/wp-json\/wp\/v2\/media?parent=8113"}],"wp:term":[{"taxonomy":"category","embeddable":true,"href":"https:\/\/www.frantiskani.cz\/index.php\/wp-json\/wp\/v2\/categories?post=8113"},{"taxonomy":"post_tag","embeddable":true,"href":"https:\/\/www.frantiskani.cz\/index.php\/wp-json\/wp\/v2\/tags?post=8113"}],"curies":[{"name":"wp","href":"https:\/\/api.w.org\/{rel}","templated":true}]}}