{"id":8187,"date":"2024-01-23T08:36:27","date_gmt":"2024-01-23T07:36:27","guid":{"rendered":"https:\/\/www.frantiskani.cz\/?p=8187"},"modified":"2024-01-23T08:36:31","modified_gmt":"2024-01-23T07:36:31","slug":"stat-se-novym-svetcem","status":"publish","type":"post","link":"https:\/\/www.frantiskani.cz\/index.php\/2024\/01\/23\/stat-se-novym-svetcem\/","title":{"rendered":"St\u00e1t se nov\u00fdm sv\u011btcem"},"content":{"rendered":"\n<h6 class=\"wp-block-heading\">\u010ctvrt\u00fd t\u00fdden: V\u011brn\u00e1 odolnost<\/h6>\n\n\n\n<p><em>Buddhistick\u00fd u\u010ditel lama Rod Owens p\u00ed\u0161e o &#8222;nov\u00e9m sv\u011btci&#8220; jako o \u010dlov\u011bku, kter\u00fd je v\u011brn\u00fd cest\u011b duchovn\u00edho a soci\u00e1ln\u00edho osvobozen\u00ed v na\u0161\u00ed dob\u011b:<\/em><\/p>\n\n\n\n<h4 class=\"wp-block-heading\">Duchovn\u00ed bojovn\u00edk<\/h4>\n\n\n\n<p>Nov\u00fd sv\u011btec je sou\u010dasn\u00fdm vyj\u00e1d\u0159en\u00edm starobyl\u00e9 buddhistick\u00e9 tradice, kter\u00e1 ch\u00e1pe sv\u011btce jako b\u00f3dhisattvu. B\u00f3dhisattva se zhruba p\u0159ekl\u00e1d\u00e1 jako &#8222;duchovn\u00ed bojovn\u00edk&#8220; a je to \u010dlov\u011bk, kter\u00fd je motivov\u00e1n energi\u00ed b\u00f3dhi\u010ditty neboli hlubok\u00fdm altruistick\u00fdm p\u0159\u00e1n\u00edm osvobodit v\u0161echny bytosti od utrpen\u00ed. C\u00edt\u00edm, \u017ee sv\u011bt zoufale pot\u0159ebuje p\u0159etvo\u0159en\u00ed t\u00e9to tradice, kter\u00e9 by bylo sou\u010dasn\u00e9, p\u0159\u00edm\u00e9, jednoduch\u00e9 a p\u0159\u00edstupn\u00e9 v\u0161em lidem, zejm\u00e9na t\u011bm, kte\u0159\u00ed se nehl\u00e1s\u00ed k buddhismu.<\/p>\n\n\n\n<h4 class=\"wp-block-heading\">M\u016f\u017eeme b\u00fdt novodob\u00fdmi svat\u00fdmi<\/h4>\n\n\n\n<p>Svat\u00ed jsou lid\u00e9 z r\u016fzn\u00fdch duchovn\u00edch a n\u00e1bo\u017eensk\u00fdch tradic, kte\u0159\u00ed hluboce zt\u011blesnili l\u00e1sku a soucit a jejich\u017e zt\u011blesn\u011bn\u00ed inspirovalo nespo\u010det dal\u0161\u00edch, aby usilovali o stejnou praxi. Pro v\u011bt\u0161inu z n\u00e1s se v\u0161ak svatost jev\u00ed jako vzne\u0161en\u00e9 a nejasn\u00e9 \u00fasil\u00ed, kter\u00e9 je sp\u00ed\u0161e bo\u017esk\u00e9 a n\u00e1bo\u017eensk\u00e9 ne\u017e praktick\u00e9. Sou\u010dasn\u00e1 doba vol\u00e1 po sv\u011btc\u00edch \u2013 nov\u00fdch sv\u011btc\u00edch -, kte\u0159\u00ed poch\u00e1zej\u00ed z t\u00e9to doby a z tohoto m\u00edsta, mluv\u00ed jazykem t\u00e9to doby a tohoto m\u00edsta, a co je nejd\u016fle\u017eit\u011bj\u0161\u00ed, p\u0159ij\u00edmaj\u00ed integraci soci\u00e1ln\u00edho i kone\u010dn\u00e9ho osvobozen\u00ed. Nov\u00ed svat\u00ed se mohou odevzdat do bo\u017esk\u00e9ho nebo duchovn\u00edho a z\u00e1rove\u0148 naru\u0161it syst\u00e9my n\u00e1sil\u00ed. V\u011b\u0159\u00edm, \u017ee my v\u0161ichni se m\u016f\u017eeme a mus\u00edme st\u00e1t Nov\u00fdmi svat\u00fdmi pro sebe i pro na\u0161e komunity.<\/p>\n\n\n\n<p><em>Owens popisuje, jak Nov\u00fd sv\u011btec pracuje na svobod\u011b pro v\u0161echny:<\/em><\/p>\n\n\n\n<p>Kone\u010dn\u00fdm c\u00edlem Nov\u00e9ho sv\u011btce je osvobozen\u00ed pro n\u011bj samotn\u00e9ho, v\u0161echny bytosti a v\u0161echny jevy. V\u0161e mus\u00ed b\u00fdt osvobozeno. Kultivace a sjednocen\u00ed jasnosti, l\u00e1sky, soucitu a radosti sm\u011b\u0159uje Nov\u00e9ho sv\u011btce ke svobod\u011b&#8230;..<\/p>\n\n\n\n<h4 class=\"wp-block-heading\">Svobodn\u00e1 rozhodnut\u00ed<\/h4>\n\n\n\n<p>Kdy\u017e \u0159\u00edk\u00e1m &#8222;svoboda&#8220; nebo &#8222;osvobozen\u00ed&#8220;, m\u00e1m na mysli na\u0161i z\u00e1kladn\u00ed schopnost volit reaktivitu m\u00edsto reaktivity. Pro\u017e\u00edv\u00e1n\u00ed pocit\u016f na\u0161\u00ed mysli a t\u011bla sni\u017euje reaktivitu a umo\u017e\u0148uje n\u00e1m pro\u017e\u00edvat plynulost. Kdy\u017e je plynulost v\u011bt\u0161\u00ed, je zde v\u011bt\u0161\u00ed potenci\u00e1l pro p\u00e9\u010di a tato p\u00e9\u010de n\u00e1m pom\u00e1h\u00e1 omezit n\u00e1sil\u00ed v\u016f\u010di sob\u011b i druh\u00fdm. Svoboda je mo\u017enost zvolit si, jak chceme b\u00fdt ve vztahu k sob\u011b sam\u00fdm a ke sv\u011btu kolem n\u00e1s&#8230;..<\/p>\n\n\n\n<h4 class=\"wp-block-heading\">\u017d\u00edt v&nbsp;harmonii v komunit\u011b<\/h4>\n\n\n\n<p>Na \u00farovni komunity vn\u011bj\u0161\u00ed svoboda znamen\u00e1, \u017ee komunita m\u00e1 mo\u017enost ur\u010dovat, co pot\u0159ebuje, a m\u00e1 p\u0159\u00edstup k tomu, co pot\u0159ebuje. Jednotlivci jsou dr\u017eeni, milov\u00e1ni a je jim d\u00e1n prostor k napln\u011bn\u00ed jejich pot\u0159eb v r\u00e1mci komunity a s jej\u00ed podporou. Znamen\u00e1 to schopnost \u017e\u00edt v harmonii s ostatn\u00edmi komunitami a nec\u00edtit se dominantn\u00ed ani nepoci\u0165ovat pot\u0159ebu dominovat. Je zde prostor pro spolupr\u00e1ci a porozum\u011bn\u00ed.&nbsp;<\/p>\n\n\n\n<p><em>Owens n\u00e1m p\u0159ipom\u00edn\u00e1, \u017ee m\u00e1me mo\u017enost volby b\u00fdt svobodn\u00ed:<\/em><\/p>\n\n\n\n<h4 class=\"wp-block-heading\">Svoboda je stav byt\u00ed<\/h4>\n\n\n\n<p>Nakonec mus\u00edme pochopit, \u017ee na\u0161e pocity ohledn\u011b svobody nemaj\u00ed se svobodou nic spole\u010dn\u00e9ho. Svoboda nen\u00ed pocit; je to stejn\u011b tak stav byt\u00ed a pro\u017e\u00edv\u00e1n\u00ed jako radost. B\u00fdt svobodn\u00fd znamen\u00e1 uv\u011bdomit si, \u017ee jsem v\u017edycky byl svobodn\u00fd. Skute\u010dn\u00e1 pr\u00e1ce na osvobozen\u00ed spo\u010d\u00edv\u00e1 v uzn\u00e1n\u00ed, \u017ee v\u017edy existuje mo\u017enost volby, i kdy\u017e mus\u00edm pracovat na tom, abych se k t\u00e9to volb\u011b vr\u00e1til.<\/p>\n\n\n\n<p>P\u0159e\u010dt\u011bte si tuto meditaci na str\u00e1nk\u00e1ch cac.org.<\/p>\n\n\n\n<h6 class=\"wp-block-heading\">Prameny:<\/h6>\n\n\n\n<p>Lama Rod Owens<em>, The New Saints: From Broken Hearts to Spiritual Warriors<\/em>&nbsp;(Boulder, CO: Sounds True, 2023), 18\u201319, 55, 56, 58.<\/p>\n\n\n\n<p><strong>Image credit:<\/strong>&nbsp;Thays Orrico,&nbsp;<em>Untitled&nbsp;<\/em>(detail), Brazil, 2020, photograph,&nbsp;<a href=\"https:\/\/email.cac.org\/t\/d-l-vuijilt-tlkrhyidn-k\/\">public domain<\/a>.&nbsp;<a href=\"https:\/\/email.cac.org\/t\/d-l-vuijilt-tlkrhyidn-u\/\">Click here to enlarge image<\/a>.<\/p>\n\n\n\n<p><em>We keep the candles lit together throughout the joys and pains of human life.<\/em><\/p>\n","protected":false},"excerpt":{"rendered":"<p>Svoboda nen\u00ed pocit; je to stejn\u011b tak stav byt\u00ed a pro\u017e\u00edv\u00e1n\u00ed jako radost. B\u00fdt svobodn\u00fd znamen\u00e1 uv\u011bdomit si, \u017ee jsem v\u017edycky byl svobodn\u00fd. Skute\u010dn\u00e1 pr\u00e1ce na osvobozen\u00ed spo\u010d\u00edv\u00e1 v uzn\u00e1n\u00ed, \u017ee v\u017edy existuje mo\u017enost volby, i kdy\u017e mus\u00edm pracovat na tom, abych se k t\u00e9to volb\u011b vr\u00e1til.<\/p>\n","protected":false},"author":1,"featured_media":8175,"comment_status":"open","ping_status":"open","sticky":false,"template":"","format":"standard","meta":{"footnotes":""},"categories":[198],"tags":[854,524,434,636,511],"class_list":["post-8187","post","type-post","status-publish","format-standard","has-post-thumbnail","hentry","category-richard-rohr-ofm-centrum-pro-zivot-a-rozjimani","tag-byti","tag-komunita","tag-rozhodnuti","tag-svatost","tag-svoboda","latest_post"],"_links":{"self":[{"href":"https:\/\/www.frantiskani.cz\/index.php\/wp-json\/wp\/v2\/posts\/8187","targetHints":{"allow":["GET"]}}],"collection":[{"href":"https:\/\/www.frantiskani.cz\/index.php\/wp-json\/wp\/v2\/posts"}],"about":[{"href":"https:\/\/www.frantiskani.cz\/index.php\/wp-json\/wp\/v2\/types\/post"}],"author":[{"embeddable":true,"href":"https:\/\/www.frantiskani.cz\/index.php\/wp-json\/wp\/v2\/users\/1"}],"replies":[{"embeddable":true,"href":"https:\/\/www.frantiskani.cz\/index.php\/wp-json\/wp\/v2\/comments?post=8187"}],"version-history":[{"count":1,"href":"https:\/\/www.frantiskani.cz\/index.php\/wp-json\/wp\/v2\/posts\/8187\/revisions"}],"predecessor-version":[{"id":8188,"href":"https:\/\/www.frantiskani.cz\/index.php\/wp-json\/wp\/v2\/posts\/8187\/revisions\/8188"}],"wp:featuredmedia":[{"embeddable":true,"href":"https:\/\/www.frantiskani.cz\/index.php\/wp-json\/wp\/v2\/media\/8175"}],"wp:attachment":[{"href":"https:\/\/www.frantiskani.cz\/index.php\/wp-json\/wp\/v2\/media?parent=8187"}],"wp:term":[{"taxonomy":"category","embeddable":true,"href":"https:\/\/www.frantiskani.cz\/index.php\/wp-json\/wp\/v2\/categories?post=8187"},{"taxonomy":"post_tag","embeddable":true,"href":"https:\/\/www.frantiskani.cz\/index.php\/wp-json\/wp\/v2\/tags?post=8187"}],"curies":[{"name":"wp","href":"https:\/\/api.w.org\/{rel}","templated":true}]}}