{"id":8365,"date":"2024-02-21T09:36:04","date_gmt":"2024-02-21T08:36:04","guid":{"rendered":"https:\/\/www.frantiskani.cz\/?p=8365"},"modified":"2024-02-21T09:36:09","modified_gmt":"2024-02-21T08:36:09","slug":"zmena-priorit","status":"publish","type":"post","link":"https:\/\/www.frantiskani.cz\/index.php\/2024\/02\/21\/zmena-priorit\/","title":{"rendered":"Zm\u011bna priorit"},"content":{"rendered":"\n<h6 class=\"wp-block-heading\">&nbsp;Osm\u00fd t\u00fdden: \u017divot jako duchovn\u00ed cesta<\/h6>\n\n\n\n<p><em>N\u011bkdy v tichu ticha, kdy\u017e naslouch\u00e1me, \/ m\u016f\u017eeme sly\u0161et \u0161epot v srdci \/ d\u00e1vaj\u00edc\u00ed s\u00edlu slabosti, odvahu strachu, nad\u011bji zoufalstv\u00ed.-Howard Thurman, Meditace srdce.<\/em><\/p>\n\n\n\n<h5 class=\"wp-block-heading\"><strong>U\u010ditelka CAC Rev. Dr. Barbara A. Holmes se s n\u00e1mi pod\u011bl\u00ed o to, jak jsou kontemplativn\u00ed chv\u00edle ticha a klidu ned\u00edlnou sou\u010d\u00e1st\u00ed duchovn\u00ed cesty:<\/strong><\/h5>\n\n\n\n<h4 class=\"wp-block-heading\">O sv\u00e9m \u017eivot\u011b v\u00edme \u010dasto na z\u00e1klad\u011b tradic<\/h4>\n\n\n\n<p>Cesta \u017eivotem je naprosto posv\u00e1tn\u00e1 cesta, ale to nev\u00edme, kdy\u017e jsme mlad\u0161\u00ed. \u010casto nechceme p\u0159em\u00fd\u0161let o \u017eivot\u011b v pojmech posv\u00e1tn\u00e9 cesty, proto\u017ee nev\u00edme jist\u011b, odkud jsme p\u0159i\u0161li, a nev\u00edme jist\u011b, kam jdeme. V z\u00e1vislosti na na\u0161ich n\u00e1bo\u017eensk\u00fdch tradic\u00edch to v\u00edme na z\u00e1klad\u011b v\u00edry. M\u00e1me tradice o tom, kdo jsme, jak jsme se sem dostali a kde skon\u010d\u00edme.<\/p>\n\n\n\n<h4 class=\"wp-block-heading\">S&nbsp;p\u0159ib\u00fdvaj\u00edc\u00edm v\u011bkem za\u010dneme rozli\u0161ovat na \u010dem opravdu z\u00e1le\u017e\u00ed<\/h4>\n\n\n\n<p>V ka\u017edodenn\u00edm v\u00edru \u017eivota v\u0161ak lid\u00e9 o ni\u010dem z toho necht\u011bj\u00ed p\u0159em\u00fd\u0161let. Cht\u011bj\u00ed jen p\u0159e\u017e\u00edt sv\u016fj den. Cht\u011bj\u00ed n\u011b\u010deho dos\u00e1hnout. Cht\u011bj\u00ed v\u011bci vlastnit &#8211; a na tom nen\u00ed nic \u0161patn\u00e9ho. Kdy\u017e se v\u0161ak dostaneme do poloviny sv\u00e9ho \u017eivota, za\u010dneme si uv\u011bdomovat, \u017ee v\u0161echny v\u011bci, kter\u00e9 jsme nashrom\u00e1\u017edili, mnoho neznamenaj\u00ed. Nem\u016f\u017eeme si je vz\u00edt s sebou, a\u017e zem\u0159eme. S p\u0159ib\u00fdvaj\u00edc\u00edm v\u011bkem za\u010d\u00edn\u00e1me br\u00e1t v \u00favahu, na \u010dem v \u017eivot\u011b opravdu z\u00e1le\u017e\u00ed.<\/p>\n\n\n\n<h4 class=\"wp-block-heading\">Co je d\u016fle\u017eit\u00e9 pro tebe?<\/h4>\n\n\n\n<p>D\u016fle\u017eit\u00e9 jsou v\u011bci jako rodina, vztahy, l\u00e1ska, oddanost a slu\u017eba druh\u00fdm. Kdy\u017e se za\u010dneme soust\u0159edit na tyto v\u011bci, p\u0159estane to b\u00fdt jen c\u00edrkevn\u00ed fr\u00e1ze, kterou je t\u0159eba \u0159\u00edkat nebo n\u011bco d\u011blat. Pr\u00e1ce s druh\u00fdmi n\u00e1s skute\u010dn\u011b zah\u0159eje u srdce. Veden\u00ed s l\u00e1skou m\u011bn\u00ed to, k\u00fdm jsme.<\/p>\n\n\n\n<h4 class=\"wp-block-heading\">Duch svat\u00fd m\u016f\u017ee b\u00fdt pr\u016fvodce<\/h4>\n\n\n\n<p>Cesta je naprosto posv\u00e1tn\u00e1, proto\u017ee nejsme jen z masa a kost\u00ed. Jsme tak\u00e9 duchovn\u00ed bytosti. A jakou jinou cestu by mohla duchovn\u00ed bytost podniknout ne\u017e duchovn\u00ed cestu?&#8230; Te\u010f jsem na druh\u00e9 stran\u011b pades\u00e1tky a v\u0161echny m\u00e9 priority se zm\u011bnily. Ambice a v\u0161echny v\u011bci, o kter\u00e9 jsem usilovala, v tuto chv\u00edli nemaj\u00ed valn\u00fd smysl. Napln\u011bn\u00ed p\u0159ich\u00e1z\u00ed v tom, \u017ee d\u011bl\u00e1te to, k \u010demu jste vedeni. V k\u0159es\u0165ansk\u00e9 tradici v\u00e1s m\u00e1 Duch svat\u00fd uv\u00e9st do ve\u0161ker\u00e9 pravdy. Ducha svat\u00e9ho vn\u00edm\u00e1m jako pr\u016fvodce &#8211; jdeme po cest\u011b a je tu lampa k na\u0161im noh\u00e1m, kter\u00e1 n\u00e1m pom\u00e1h\u00e1 v\u011bd\u011bt, co d\u011blat, jak to d\u011blat a b\u00fdt v klidu.&nbsp;<\/p>\n\n\n\n<h4 class=\"wp-block-heading\">Na \u0159adu pak p\u0159ich\u00e1z\u00ed kontemplace<\/h4>\n\n\n\n<p>Zde p\u0159ich\u00e1z\u00ed na \u0159adu kontemplace. Je nemo\u017en\u00e9 zm\u011bnit priority, pokud \u017eijeme v neust\u00e1l\u00e9m, zanepr\u00e1zdn\u011bn\u00e9m, frenetick\u00e9m \u017eivotn\u00edm stylu. Mus\u00ed p\u0159ij\u00edt ta pauza, ten n\u00e1dech, to \u010dek\u00e1n\u00ed, ta ochota b\u00fdt v klidu, dokud nebudeme v\u011bd\u011bt. B\u00fdt v klidu a v\u011bd\u011bt &#8211; ale klid nevede okam\u017eit\u011b k pozn\u00e1n\u00ed. Nejprve mus\u00edme b\u00fdt v klidu a pak mus\u00edme b\u00fdt trp\u011bliv\u00ed, dokud se pozn\u00e1n\u00ed nedostav\u00ed.<\/p>\n\n\n\n<p>P\u0159e\u010dt\u011bte si tuto meditaci na cac.org.<\/p>\n\n\n\n<h6 class=\"wp-block-heading\">Prameny:<\/h6>\n\n\n\n<p>Adapted from Barbara Holmes and Donald Bryant, \u201c<a href=\"https:\/\/email.cac.org\/t\/d-l-eldjidk-itiuujuudy-k\/\"><u>Futurism and Cosmic Rebirth<\/u><\/a>,\u201d&nbsp;<em>The Cosmic We,<\/em>season 4, ep. 6 (Albuquerque, NM: Center for Action and Contemplation, 2023), podcast. Available as MP3 audio and pdf transcript.<\/p>\n\n\n\n<p><strong>Image credit:<\/strong>&nbsp;Jeremy Bishop,&nbsp;<em>Untitled&nbsp;<\/em>(detail), Australia, 2016, photograph,&nbsp;<a href=\"https:\/\/email.cac.org\/t\/d-l-eldjidk-itiuujuudy-u\/\">public domain<\/a>.&nbsp;<a href=\"https:\/\/email.cac.org\/t\/d-l-eldjidk-itiuujuudy-o\/\">Click here to enlarge image<\/a>.<\/p>\n\n\n\n<p><em>The desert and the new sprout of spring green are part of the journey.<\/em><\/p>\n","protected":false},"excerpt":{"rendered":"<p>D\u016fle\u017eit\u00e9 jsou v\u011bci jako rodina, vztahy, l\u00e1ska, oddanost a slu\u017eba druh\u00fdm. Kdy\u017e se za\u010dneme soust\u0159edit na tyto v\u011bci, p\u0159estane to b\u00fdt jen c\u00edrkevn\u00ed fr\u00e1ze, kterou je t\u0159eba \u0159\u00edkat nebo n\u011bco d\u011blat. Pr\u00e1ce s druh\u00fdmi n\u00e1s skute\u010dn\u011b zah\u0159eje u srdce. Veden\u00ed s l\u00e1skou m\u011bn\u00ed to, k\u00fdm jsme.<\/p>\n","protected":false},"author":1,"featured_media":8349,"comment_status":"open","ping_status":"open","sticky":false,"template":"","format":"standard","meta":{"footnotes":""},"categories":[198],"tags":[491,401,1391],"class_list":["post-8365","post","type-post","status-publish","format-standard","has-post-thumbnail","hentry","category-richard-rohr-ofm-centrum-pro-zivot-a-rozjimani","tag-duch-svaty","tag-kontemplace","tag-smysl-zivota","latest_post"],"_links":{"self":[{"href":"https:\/\/www.frantiskani.cz\/index.php\/wp-json\/wp\/v2\/posts\/8365","targetHints":{"allow":["GET"]}}],"collection":[{"href":"https:\/\/www.frantiskani.cz\/index.php\/wp-json\/wp\/v2\/posts"}],"about":[{"href":"https:\/\/www.frantiskani.cz\/index.php\/wp-json\/wp\/v2\/types\/post"}],"author":[{"embeddable":true,"href":"https:\/\/www.frantiskani.cz\/index.php\/wp-json\/wp\/v2\/users\/1"}],"replies":[{"embeddable":true,"href":"https:\/\/www.frantiskani.cz\/index.php\/wp-json\/wp\/v2\/comments?post=8365"}],"version-history":[{"count":1,"href":"https:\/\/www.frantiskani.cz\/index.php\/wp-json\/wp\/v2\/posts\/8365\/revisions"}],"predecessor-version":[{"id":8366,"href":"https:\/\/www.frantiskani.cz\/index.php\/wp-json\/wp\/v2\/posts\/8365\/revisions\/8366"}],"wp:featuredmedia":[{"embeddable":true,"href":"https:\/\/www.frantiskani.cz\/index.php\/wp-json\/wp\/v2\/media\/8349"}],"wp:attachment":[{"href":"https:\/\/www.frantiskani.cz\/index.php\/wp-json\/wp\/v2\/media?parent=8365"}],"wp:term":[{"taxonomy":"category","embeddable":true,"href":"https:\/\/www.frantiskani.cz\/index.php\/wp-json\/wp\/v2\/categories?post=8365"},{"taxonomy":"post_tag","embeddable":true,"href":"https:\/\/www.frantiskani.cz\/index.php\/wp-json\/wp\/v2\/tags?post=8365"}],"curies":[{"name":"wp","href":"https:\/\/api.w.org\/{rel}","templated":true}]}}