{"id":8372,"date":"2024-02-22T08:25:35","date_gmt":"2024-02-22T07:25:35","guid":{"rendered":"https:\/\/www.frantiskani.cz\/?p=8372"},"modified":"2024-02-22T08:25:39","modified_gmt":"2024-02-22T07:25:39","slug":"nasledovani-jezise-je-cesta","status":"publish","type":"post","link":"https:\/\/www.frantiskani.cz\/index.php\/2024\/02\/22\/nasledovani-jezise-je-cesta\/","title":{"rendered":"N\u00e1sledov\u00e1n\u00ed Je\u017e\u00ed\u0161e je cesta"},"content":{"rendered":"\n<h6 class=\"wp-block-heading\">Osm\u00fd t\u00fdden: \u017divot jako duchovn\u00ed cesta<\/h6>\n\n\n\n<p><em>Brian McLaren poukazuje na Je\u017e\u00ed\u0161\u016fv pobyt na pou\u0161ti jako na z\u00e1sadn\u00ed sou\u010d\u00e1st jeho duchovn\u00ed cesty, na kterou vyz\u00fdv\u00e1 i sv\u00e9 u\u010dedn\u00edky:<\/em><\/p>\n\n\n\n<h4 class=\"wp-block-heading\">Nebezpe\u010d\u00ed zdom\u00e1cn\u011bn\u00ed a zastra\u0161ov\u00e1n\u00ed pro u\u010dedn\u00edky<\/h4>\n\n\n\n<p>Je\u017e\u00ed\u0161 pot\u0159eboval \u010das p\u0159\u00edpravy na pou\u0161ti. Pot\u0159eboval si ujasnit sv\u00e9 posl\u00e1n\u00ed ve vlastn\u00edm srdci, aby se nenechal uchv\u00e1tit o\u010dek\u00e1v\u00e1n\u00edm obdivovatel\u016f ani zastra\u0161it hrozbami zu\u0159iv\u00fdch kritik\u016f. Pokud se odv\u00e1\u017e\u00edme n\u00e1sledovat Je\u017e\u00ed\u0161e a hl\u00e1sat radik\u00e1ln\u00ed rozm\u011br Bo\u017e\u00ed dobr\u00e9 zpr\u00e1vy jako on, budeme \u010delit stejn\u00e9mu dvoj\u00edmu nebezpe\u010d\u00ed zdom\u00e1cn\u011bn\u00ed a zastra\u0161ov\u00e1n\u00ed&#8230;..<\/p>\n\n\n\n<h4 class=\"wp-block-heading\">B\u00fdt u\u010dedn\u00edkem nen\u00ed lehk\u00e9<\/h4>\n\n\n\n<p>Brzy za\u010dal zv\u00e1t vybran\u00e9 jednotlivce, aby se stali jeho n\u00e1sledovn\u00edky&#8230;.. St\u00e1t se rab\u00ednov\u00fdmi u\u010dedn\u00edky znamenalo vstoupit do p\u0159\u00edsn\u00e9ho programu prom\u011bny, nau\u010dit se nov\u00e9mu zp\u016fsobu \u017eivota, nov\u00e9mu souboru hodnot [a] dovednost\u00ed. Znamenalo to &#8230; \u010delit na cest\u011b nov\u00fdm nebezpe\u010d\u00edm. Jakmile se d\u016fkladn\u011b vyu\u010dili u\u010dedn\u00edky, m\u011bli b\u00fdt vysl\u00e1ni jako apo\u0161tolov\u00e9, aby v\u0161ude \u0161\u00ed\u0159ili rab\u00ednovo kontroverzn\u00ed a n\u00e1ro\u010dn\u00e9 poselstv\u00ed. U\u010dednictv\u00ed se ne\u0159\u00edkalo lehce. [1]<\/p>\n\n\n\n<p><em>Kontemplativn\u00ed spisovatelka Joyce Ruppov\u00e1 se zam\u00fd\u0161l\u00ed nad Je\u017e\u00ed\u0161ov\u00fdm obt\u00ed\u017en\u00fdm u\u010den\u00edm pro n\u00e1sledovn\u00edky &#8222;vz\u00edt sv\u016fj k\u0159\u00ed\u017e a n\u00e1sledovat ho&#8220;:<\/em><\/p>\n\n\n\n<h4 class=\"wp-block-heading\">U\u010dednictv\u00ed n\u011bkdy znamen\u00e1 b\u0159emeno a t\u011b\u017ekosti<\/h4>\n\n\n\n<p>Co si myslel z\u00e1stup, kter\u00fd Je\u017e\u00ed\u0161e n\u00e1sledoval, kdy\u017e pronesl tento tvrd\u00fd v\u00fdrok [L 14,27]? P\u0159em\u00fd\u0161leli o tom, co znamen\u00e1 n\u00e9st k\u0159\u00ed\u017e? M\u011bli pochybnosti o tom, zda ho maj\u00ed doprov\u00e1zet? Je\u017e\u00ed\u0161 cht\u011bl, aby jeho n\u00e1sledovn\u00edci v\u011bd\u011bli, \u017ee cesta, na kterou se vydaj\u00ed, zahrnuje pozn\u00e1n\u00ed a o\u017eiven\u00ed u\u010den\u00ed, kter\u00e9 prosazoval. Jin\u00fdmi slovy, Je\u017e\u00ed\u0161 je varoval: &#8222;Rozhodnete-li se v\u011bnovat tomu, na \u010dem v tomto \u017eivot\u011b skute\u010dn\u011b z\u00e1le\u017e\u00ed, bude v\u00e1s to n\u011bco st\u00e1t. Toto u\u010den\u00ed budete n\u011bkdy poci\u0165ovat jako b\u0159emeno, jako t\u00edhu k\u0159\u00ed\u017ee.&#8220; V\u0161ichni byli p\u0159esv\u011bd\u010deni, \u017ee je to pro n\u011b t\u011b\u017ek\u00e9.<\/p>\n\n\n\n<h4 class=\"wp-block-heading\">U\u010dedn\u00edk nem\u016f\u017ee jen tak p\u0159ihl\u00ed\u017eet \u010di st\u00e1t na okraji<\/h4>\n\n\n\n<p>Nem\u016f\u017eeme jen tak sed\u011bt na okraji \u017eivota a naz\u00fdvat se Je\u017e\u00ed\u0161ov\u00fdmi n\u00e1sledovn\u00edky. M\u00e1me si ho v\u00edce ne\u017e v\u00e1\u017eit pro jeho velkorysou l\u00e1sku a ob\u011btavou slu\u017ebu. Nesly\u0161\u00edme Je\u017e\u00ed\u0161e reptat nad v\u00fdzvami a n\u00e1roky tohoto zp\u016fsobu \u017eivota. Nevid\u00edme ho &#8222;mluvit hezk\u00e9 \u0159e\u010di&#8220;, ale nic pro to ned\u011blat. Popisuje svou vizi a pak povzbuzuje ostatn\u00ed, aby se k n\u011bmu p\u0159ipojili a p\u0159evedli toto u\u010den\u00ed do praxe. [2]<\/p>\n\n\n\n<p><em>McLaren n\u00e1s zve, abychom se p\u0159ipojili k dobrodru\u017en\u00e9 a nezn\u00e1m\u00e9 cest\u011b v duchu Je\u017e\u00ed\u0161ov\u00fdch prvn\u00edch u\u010dedn\u00edk\u016f:&nbsp;<\/em><\/p>\n\n\n\n<h4 class=\"wp-block-heading\">Jsem k\u0159es\u0165an nebo Krist\u016fv u\u010dedn\u00edk?<\/h4>\n\n\n\n<p>Slovo k\u0159es\u0165an je n\u00e1m dnes zn\u00e1m\u011bj\u0161\u00ed ne\u017e slovo u\u010dedn\u00edk. V dne\u0161n\u00ed dob\u011b se \u010dasto zd\u00e1, \u017ee slovo k\u0159es\u0165an se vztahuje sp\u00ed\u0161e na lidi, kte\u0159\u00ed by Je\u017e\u00ed\u0161e shodili ze sk\u00e1ly, ne\u017e na jeho skute\u010dn\u00e9 n\u00e1sledovn\u00edky. Mo\u017en\u00e1 nastal \u010das znovu objevit s\u00edlu a v\u00fdzvu onoho d\u0159\u00edv\u011bj\u0161\u00edho, prim\u00e1rn\u011bj\u0161\u00edho slova u\u010dedn\u00edk, [kter\u00e9] se v Nov\u00e9m z\u00e1kon\u011b vyskytuje v\u00edce ne\u017e 250kr\u00e1t, na rozd\u00edl od slova k\u0159es\u0165an, kter\u00e9 se vyskytuje pouze t\u0159ikr\u00e1t. Mo\u017en\u00e1 se n\u00e1m tyto statistiky sna\u017e\u00ed n\u011bco \u0159\u00edci.<\/p>\n\n\n\n<h4 class=\"wp-block-heading\">N\u00e1sleduj Krista jako u\u010dedn\u00edk<\/h4>\n\n\n\n<p>B\u00fdt \u017eiv\u00fd v Je\u017e\u00ed\u0161ov\u011b dobrodru\u017estv\u00ed znamen\u00e1 sly\u0161et tuto n\u00e1ro\u010dnou dobrou zpr\u00e1vu dne\u0161ka a p\u0159ijmout ono vzru\u0161uj\u00edc\u00ed pozv\u00e1n\u00ed n\u00e1sledovat ho &#8230; jako u\u010dedn\u00edk. [3]<\/p>\n\n\n\n<p>P\u0159e\u010dt\u011bte si tuto meditaci na str\u00e1nk\u00e1ch cac.org.<\/p>\n\n\n\n<h6 class=\"wp-block-heading\">Prameny:<\/h6>\n\n\n\n<p>[1] Brian D. McLaren,&nbsp;<a href=\"https:\/\/email.cac.org\/t\/d-l-eldjiuy-tlkrhyidn-k\/\"><em>We Make the Road by Walking: A Year-Long Quest for Spiritual Formation, Reorientation, and Activation<\/em><\/a>&nbsp;(New York: Jericho Books, 2014), 94.&nbsp;<br><br>[2] Joyce Rupp, Jesus, Guide of My Life: Reflections for the Lenten Journey (Notre Dame, IN: Ave Maria Press, 2023), 20\u201321.<br><br>[3] McLaren,&nbsp;<a href=\"https:\/\/email.cac.org\/t\/d-l-eldjiuy-tlkrhyidn-u\/\"><em>We Make the Road<\/em><\/a>, 94.<\/p>\n\n\n\n<p><strong>Image credit:<\/strong>&nbsp;Jeremy Bishop,&nbsp;<em>Untitled&nbsp;<\/em>(detail), Australia, 2016, photograph,&nbsp;<a href=\"https:\/\/email.cac.org\/t\/d-l-eldjiuy-tlkrhyidn-o\/\">public domain<\/a>.&nbsp;<a href=\"https:\/\/email.cac.org\/t\/d-l-eldjiuy-tlkrhyidn-b\/\">Click here to enlarge image<\/a>.<\/p>\n\n\n\n<p><em>The desert and the new sprout of spring green are part of the journey.<\/em><\/p>\n","protected":false},"excerpt":{"rendered":"<p>Slovo k\u0159es\u0165an je n\u00e1m dnes zn\u00e1m\u011bj\u0161\u00ed ne\u017e slovo u\u010dedn\u00edk. V dne\u0161n\u00ed dob\u011b se \u010dasto zd\u00e1, \u017ee slovo k\u0159es\u0165an se vztahuje sp\u00ed\u0161e na lidi, kte\u0159\u00ed by Je\u017e\u00ed\u0161e shodili ze sk\u00e1ly, ne\u017e na jeho skute\u010dn\u00e9 n\u00e1sledovn\u00edky. Mo\u017en\u00e1 nastal \u010das znovu objevit s\u00edlu a v\u00fdzvu onoho d\u0159\u00edv\u011bj\u0161\u00edho, prim\u00e1rn\u011bj\u0161\u00edho slova u\u010dedn\u00edk, [kter\u00e9] se v Nov\u00e9m z\u00e1kon\u011b vyskytuje v\u00edce ne\u017e 250kr\u00e1t, na rozd\u00edl od slova k\u0159es\u0165an, kter\u00e9 se vyskytuje pouze t\u0159ikr\u00e1t. Mo\u017en\u00e1 se n\u00e1m tyto statistiky sna\u017e\u00ed n\u011bco \u0159\u00edci.<\/p>\n","protected":false},"author":1,"featured_media":8349,"comment_status":"open","ping_status":"open","sticky":false,"template":"","format":"standard","meta":{"footnotes":""},"categories":[198],"tags":[1583,1582],"class_list":["post-8372","post","type-post","status-publish","format-standard","has-post-thumbnail","hentry","category-richard-rohr-ofm-centrum-pro-zivot-a-rozjimani","tag-nest-kriz","tag-ucednik","latest_post"],"_links":{"self":[{"href":"https:\/\/www.frantiskani.cz\/index.php\/wp-json\/wp\/v2\/posts\/8372","targetHints":{"allow":["GET"]}}],"collection":[{"href":"https:\/\/www.frantiskani.cz\/index.php\/wp-json\/wp\/v2\/posts"}],"about":[{"href":"https:\/\/www.frantiskani.cz\/index.php\/wp-json\/wp\/v2\/types\/post"}],"author":[{"embeddable":true,"href":"https:\/\/www.frantiskani.cz\/index.php\/wp-json\/wp\/v2\/users\/1"}],"replies":[{"embeddable":true,"href":"https:\/\/www.frantiskani.cz\/index.php\/wp-json\/wp\/v2\/comments?post=8372"}],"version-history":[{"count":1,"href":"https:\/\/www.frantiskani.cz\/index.php\/wp-json\/wp\/v2\/posts\/8372\/revisions"}],"predecessor-version":[{"id":8373,"href":"https:\/\/www.frantiskani.cz\/index.php\/wp-json\/wp\/v2\/posts\/8372\/revisions\/8373"}],"wp:featuredmedia":[{"embeddable":true,"href":"https:\/\/www.frantiskani.cz\/index.php\/wp-json\/wp\/v2\/media\/8349"}],"wp:attachment":[{"href":"https:\/\/www.frantiskani.cz\/index.php\/wp-json\/wp\/v2\/media?parent=8372"}],"wp:term":[{"taxonomy":"category","embeddable":true,"href":"https:\/\/www.frantiskani.cz\/index.php\/wp-json\/wp\/v2\/categories?post=8372"},{"taxonomy":"post_tag","embeddable":true,"href":"https:\/\/www.frantiskani.cz\/index.php\/wp-json\/wp\/v2\/tags?post=8372"}],"curies":[{"name":"wp","href":"https:\/\/api.w.org\/{rel}","templated":true}]}}