{"id":8386,"date":"2024-02-25T07:31:24","date_gmt":"2024-02-25T06:31:24","guid":{"rendered":"https:\/\/www.frantiskani.cz\/?p=8386"},"modified":"2024-02-25T07:31:28","modified_gmt":"2024-02-25T06:31:28","slug":"zivot-jako-duchovni-cesta","status":"publish","type":"post","link":"https:\/\/www.frantiskani.cz\/index.php\/2024\/02\/25\/zivot-jako-duchovni-cesta\/","title":{"rendered":"\u017divot jako duchovn\u00ed cesta"},"content":{"rendered":"\n<h6 class=\"wp-block-heading\">Shrnut\u00ed osm\u00e9ho t\u00fddne 18. \u00fanora &#8211; 23. \u00fanora 2024<\/h6>\n\n\n\n<h4 class=\"wp-block-heading\">Ned\u011ble<\/h4>\n\n\n\n<p>Hrdinsk\u00e1 cesta nespo\u010d\u00edv\u00e1 jen v tom, \u017ee se st\u00e1le vyd\u00e1v\u00e1me na nov\u00e1 m\u00edsta a d\u011bl\u00e1me si z cesty dovolenou nebo cestopis. Mus\u00edme se vr\u00e1tit tam, odkud jsme vy\u0161li, a poznat to nov\u00fdm zp\u016fsobem a d\u011blat \u017eivot nov\u00fdm zp\u016fsobem.-Richard Rohr<\/p>\n\n\n\n<h4 class=\"wp-block-heading\">Pond\u011bl\u00ed<\/h4>\n\n\n\n<p>T\u00edm, \u017ee pop\u00edrali svou bolest a vyh\u00fdbali se nutn\u00e9mu p\u00e1du, se mnoz\u00ed dr\u017eeli stranou sv\u00fdch vlastn\u00edch duchovn\u00edch cest a hloubek &#8211; a t\u00edm se dr\u017eeli stranou sv\u00fdch vlastn\u00edch duchovn\u00edch v\u00fd\u0161in.-Richard Rohr<\/p>\n\n\n\n<h4 class=\"wp-block-heading\">\u00dater\u00fd<\/h4>\n\n\n\n<p>Posv\u00e1tn\u00fdm \u00fakolem, kter\u00fd je p\u0159ed n\u00e1mi, je nechat se znovu z\u00edskat n\u011b\u010d\u00edm hlub\u0161\u00edm, ne\u017e je bezprost\u0159ednost boje a bolesti. Toto n\u011bco nen\u00ed t\u0159eba identifikovat nebo na n\u011bj fixovat, ale odevzdat se mu.-Pixie Lighthorse<\/p>\n\n\n\n<h4 class=\"wp-block-heading\">St\u0159eda<\/h4>\n\n\n\n<p>Cesta je naprosto posv\u00e1tn\u00e1, proto\u017ee nejsme jen z masa a kost\u00ed. Jsme tak\u00e9 duchovn\u00ed bytosti. A jakou jinou cestu by mohla duchovn\u00ed bytost podniknout ne\u017e cestu duchovn\u00ed?-Barbara A. Holmesov\u00e1<\/p>\n\n\n\n<h4 class=\"wp-block-heading\">\u010ctvrtek<\/h4>\n\n\n\n<p>Je\u017e\u00ed\u0161 cht\u011bl, aby jeho n\u00e1sledovn\u00edci v\u011bd\u011bli, \u017ee cesta, kterou vykonaj\u00ed, zahrnuje pozn\u00e1n\u00ed a o\u017eiven\u00ed u\u010den\u00ed, kter\u00e9 prosazoval. Jin\u00fdmi slovy, Je\u017e\u00ed\u0161 je varoval: &#8222;Pokud se rozhodnete v\u011bnovat se tomu, na \u010dem v tomto \u017eivot\u011b skute\u010dn\u011b z\u00e1le\u017e\u00ed, bude v\u00e1s to n\u011bco st\u00e1t.&#8220; -Joyce Rupp<\/p>\n\n\n\n<h4 class=\"wp-block-heading\">P\u00e1tek<\/h4>\n\n\n\n<p>Hrdina se &#8222;propad\u00e1&#8220; t\u00edm, co je pouhou jeho \u017eivotn\u00ed situac\u00ed, aby objevil sv\u016fj Skute\u010dn\u00fd \u017eivot, kter\u00fd je v\u017edy mnohem hlub\u0161\u00ed \u0159ekou, skrytou pod zd\u00e1nliv\u00fdmi p\u0159\u00edznaky. Tento hlub\u0161\u00ed objev je do zna\u010dn\u00e9 m\u00edry t\u00edm, co maj\u00ed n\u00e1bo\u017een\u0161t\u00ed lid\u00e9 na mysli, kdy\u017e \u0159\u00edkaj\u00ed &#8222;nalezen\u00ed sv\u00e9 du\u0161e&#8220;.-Richard Rohr<\/p>\n\n\n\n<h2 class=\"wp-block-heading\">Pro \u017eivot bez kontroly<\/h2>\n\n\n\n<h6 class=\"wp-block-heading\">Praxe osm\u00e9ho t\u00fddne<\/h6>\n\n\n\n<p><em>Ve\u0159ejn\u00e1 teolo\u017eka Kate Bowlerov\u00e1 se s v\u00e1mi pod\u011bl\u00ed o modlitbu pro chv\u00edle, kdy si nejsme jisti sv\u00fdm dal\u0161\u00edm krokem. P\u00ed\u0161e<\/em>:<\/p>\n\n\n\n<p>V podcastu jsem vedla velmi citliv\u00fd rozhovor s teologem a etikem Stanleym Hauerwasem. Pracujeme spolu u\u017e t\u00e9m\u011b\u0159 dv\u011b desetilet\u00ed a j\u00e1 se spol\u00e9h\u00e1m na to, \u017ee si je neuv\u011b\u0159iteln\u011b jist\u00fd t\u00edm, co d\u011bl\u00e1 \u017eivot dobr\u00fdm a ctnostn\u00fdm&#8230;.. Pot\u00e9, co mi popsal, kolik zvrat\u016f ten \u017eivot za\u017eil, dosp\u011bl k z\u00e1v\u011bru: &#8222;Schopnost \u017e\u00edt dob\u0159e je schopnost \u017e\u00edt bez mnoha jistot.&#8220;<\/p>\n\n\n\n<p>Budeme si muset vyp\u011bstovat vysokou toleranci k tomu, \u017ee m\u00e1me tak m\u00e1lo kontroly a tak m\u00e1lo z\u00e1kladn\u00edch p\u0159edpoklad\u016f. Poprosme tedy na\u0161eho Boha, aby trochu &#8222;odpl\u00e1noval&#8220; na\u0161e dny a pomohl n\u00e1m tak \u017e\u00edt.<\/p>\n\n\n\n<p>Bo\u017ee, p\u0159ich\u00e1z\u00edm k tob\u011b takov\u00fd, jak\u00fd jsem.<\/p>\n\n\n\n<p>Je to vlastn\u011b v\u0161echno, co m\u00e1m.<\/p>\n\n\n\n<p>A dal\u0161\u00ed si uv\u011bdomuji.<\/p>\n\n\n\n<p>bude stejn\u00fd.<\/p>\n\n\n\n<p>C\u00edt\u00edm, jak se pohybuji,<\/p>\n\n\n\n<p>od okam\u017eiku k okam\u017eiku,<\/p>\n\n\n\n<p>bez pohodl\u00ed &#8222;\u0159e\u0161en\u00ed&#8220;.<\/p>\n\n\n\n<p>Te\u010f mi p\u0159ipad\u00e1 divok\u00e9, jak jsem si p\u0159edstavoval.<\/p>\n\n\n\n<p>n\u011bjak\u00fd l\u00e9k, kter\u00fd by to jednou prov\u017edy vyl\u00e9\u010dil,<\/p>\n\n\n\n<p>nebo hlavn\u00ed pl\u00e1n, kter\u00fd by zajistil, aby se v\u011bci<\/p>\n\n\n\n<p>\u017ee to bude fungovat.<\/p>\n\n\n\n<p>Ale popravd\u011b \u0159e\u010deno, to bylo v\u017edycky.<\/p>\n\n\n\n<p>moje tajn\u00e1 nad\u011bje.<\/p>\n\n\n\n<p>Tak\u017ee, Pane, zkusme to znovu.<\/p>\n\n\n\n<p>Pros\u00edm o nov\u00fd pl\u00e1n.<\/p>\n\n\n\n<p>Chci pl\u00e1n, kter\u00fd je &#8222;nepl\u00e1novan\u00fd&#8220;.<\/p>\n\n\n\n<p>Mus\u00edm pokra\u010dovat v pohybu a pl\u00e1nov\u00e1n\u00ed,<\/p>\n\n\n\n<p>zkou\u0161et a m\u011bnit,<\/p>\n\n\n\n<p>spl\u00e9tat sv\u00e9 dny dohromady, i kdy\u017e<\/p>\n\n\n\n<p>rozpl\u00e9taj\u00ed.<\/p>\n\n\n\n<p><strong>M\u016f\u017eeme to tedy d\u011blat spole\u010dn\u011b?<\/strong><\/p>\n\n\n\n<p>P\u0159ipome\u0148 mi, abych se modlil: &#8222;P\u0159ij\u010f, Pane.<\/p>\n\n\n\n<p>a uti\u0161 ty starosti.<\/p>\n\n\n\n<p>J\u00e1 vykro\u010d\u00edm a ty m\u011b podep\u0159e\u0161.<\/p>\n\n\n\n<p>D\u00e1v\u00e1m a ty mi dr\u017e\u00ed\u0161 otev\u0159en\u00e9 ruce.<\/p>\n\n\n\n<p>Jedn\u00e1m a ty m\u011b posiluje\u0161 odvahou.<\/p>\n\n\n\n<p>zkou\u0161et a zkou\u0161et a zkou\u0161et znovu.<\/p>\n\n\n\n<p>Tento \u017eivot je nejist\u00fd, Pane,<\/p>\n\n\n\n<p>ale tv\u00e1 l\u00e1ska ne.<\/p>\n\n\n\n<p>Ty vypr\u00e1v\u00ed\u0161 p\u0159\u00edb\u011bh m\u00e9ho \u017eivota<\/p>\n\n\n\n<p>bez ohledu na to, jak m\u00e1lo toho v\u00edm<\/p>\n\n\n\n<p>o tom, jak skon\u010d\u00ed, krom\u011b toho, \u017ee \u0159eknu,<\/p>\n\n\n\n<p>\u017ee jsi tu byl od za\u010d\u00e1tku<\/p>\n\n\n\n<p>a objevuje\u0161 se na ka\u017ed\u00e9 str\u00e1nce.<\/p>\n\n\n\n<h4 class=\"wp-block-heading\">Podn\u011bt k&nbsp;zamy\u0161len\u00ed<\/h4>\n\n\n\n<p>Te\u010f, kdy\u017e v\u00edme, \u017ee nev\u00edme, si tuto my\u0161lenku na chv\u00edli vychutnejme. Nen\u00ed to n\u00e1dhern\u00e9, \u017ee B\u016fh, kter\u00fd vrhl hv\u011bzdy do vesm\u00edru, zn\u00e1 tak\u00e9 ka\u017ed\u00fd za\u010d\u00e1tek a konec? Tak se na chv\u00edli uklidn\u011bme a dovolme si nev\u011bd\u011bt v p\u0159\u00edtomnosti Boha, kter\u00fd u\u017e v\u00ed.<\/p>\n\n\n\n<p>P\u0159e\u010dt\u011bte si tuto meditaci na webu cac.org.<\/p>\n","protected":false},"excerpt":{"rendered":"<p>Te\u010f, kdy\u017e v\u00edme, \u017ee nev\u00edme, si tuto my\u0161lenku na chv\u00edli vychutnejme. Nen\u00ed to n\u00e1dhern\u00e9, \u017ee B\u016fh, kter\u00fd vrhl hv\u011bzdy do vesm\u00edru, zn\u00e1 tak\u00e9 ka\u017ed\u00fd za\u010d\u00e1tek a konec? Tak se na chv\u00edli uklidn\u011bme a dovolme si nev\u011bd\u011bt v p\u0159\u00edtomnosti Boha, kter\u00fd u\u017e v\u00ed.<\/p>\n","protected":false},"author":1,"featured_media":8349,"comment_status":"open","ping_status":"open","sticky":false,"template":"","format":"standard","meta":{"footnotes":""},"categories":[198],"tags":[1588,991,561,1589],"class_list":["post-8386","post","type-post","status-publish","format-standard","has-post-thumbnail","hentry","category-richard-rohr-ofm-centrum-pro-zivot-a-rozjimani","tag-bez-kontroly","tag-duchovni-cesta","tag-duvera","tag-spolecne-s-bohem","latest_post"],"_links":{"self":[{"href":"https:\/\/www.frantiskani.cz\/index.php\/wp-json\/wp\/v2\/posts\/8386","targetHints":{"allow":["GET"]}}],"collection":[{"href":"https:\/\/www.frantiskani.cz\/index.php\/wp-json\/wp\/v2\/posts"}],"about":[{"href":"https:\/\/www.frantiskani.cz\/index.php\/wp-json\/wp\/v2\/types\/post"}],"author":[{"embeddable":true,"href":"https:\/\/www.frantiskani.cz\/index.php\/wp-json\/wp\/v2\/users\/1"}],"replies":[{"embeddable":true,"href":"https:\/\/www.frantiskani.cz\/index.php\/wp-json\/wp\/v2\/comments?post=8386"}],"version-history":[{"count":1,"href":"https:\/\/www.frantiskani.cz\/index.php\/wp-json\/wp\/v2\/posts\/8386\/revisions"}],"predecessor-version":[{"id":8387,"href":"https:\/\/www.frantiskani.cz\/index.php\/wp-json\/wp\/v2\/posts\/8386\/revisions\/8387"}],"wp:featuredmedia":[{"embeddable":true,"href":"https:\/\/www.frantiskani.cz\/index.php\/wp-json\/wp\/v2\/media\/8349"}],"wp:attachment":[{"href":"https:\/\/www.frantiskani.cz\/index.php\/wp-json\/wp\/v2\/media?parent=8386"}],"wp:term":[{"taxonomy":"category","embeddable":true,"href":"https:\/\/www.frantiskani.cz\/index.php\/wp-json\/wp\/v2\/categories?post=8386"},{"taxonomy":"post_tag","embeddable":true,"href":"https:\/\/www.frantiskani.cz\/index.php\/wp-json\/wp\/v2\/tags?post=8386"}],"curies":[{"name":"wp","href":"https:\/\/api.w.org\/{rel}","templated":true}]}}