{"id":8407,"date":"2024-03-01T08:20:36","date_gmt":"2024-03-01T07:20:36","guid":{"rendered":"https:\/\/www.frantiskani.cz\/?p=8407"},"modified":"2024-03-01T08:20:40","modified_gmt":"2024-03-01T07:20:40","slug":"prekvapivy-prikaz","status":"publish","type":"post","link":"https:\/\/www.frantiskani.cz\/index.php\/2024\/03\/01\/prekvapivy-prikaz\/","title":{"rendered":"P\u0159ekvapiv\u00fd p\u0159\u00edkaz"},"content":{"rendered":"\n<h6 class=\"wp-block-heading\">&nbsp;Dev\u00e1t\u00fd t\u00fdden: Kdy\u017e se hn\u011bv setk\u00e1 s l\u00e1skou<\/h6>\n\n\n\n<p><em>Zlob se, ale neh\u0159e\u0161. -Efezsk\u00fdm 4:26<\/em><\/p>\n\n\n\n<p><em>Teolog Allen Dwight Callahan p\u00ed\u0161e o p\u0159esv\u011bd\u010div\u00e9m biblick\u00e9m ver\u0161i:<\/em><\/p>\n\n\n\n<p>V \u00favodn\u00ed v\u011bt\u011b Efezsk\u00fdm 4,26 jsou &nbsp;imperativy \u2013 dva. Jedn\u00edm je z\u00e1kaz h\u0159e\u0161it. Druh\u00fd je nab\u00e1d\u00e1n\u00ed k hn\u011bvu.<\/p>\n\n\n\n<p>To je pravda: Bible n\u00e1m p\u0159ikazuje, abychom se hn\u011bvali.<\/p>\n\n\n\n<p>&#8222;Hn\u011bvejte se. To je p\u0159\u00edkaz.&#8220;&#8230;<\/p>\n\n\n\n<h4 class=\"wp-block-heading\">Hn\u011bv<\/h4>\n\n\n\n<p>Mo\u017en\u00e1 nam\u00edtnete, \u017ee u\u017e te\u010f m\u00e1me v\u00edc hn\u011bvu, ne\u017e v\u00edme, co s n\u00edm d\u011blat, a samoz\u0159ejm\u011b m\u00e1te pravdu. Hn\u011bvu je skute\u010dn\u011b nadbytek. Lid\u00e9 st\u00e1le \u010dast\u011bji a intenzivn\u011bji vyjad\u0159uj\u00ed sv\u016fj hn\u011bv, ventiluj\u00ed ho, a dokonce o n\u011bm hlasuj\u00ed.<\/p>\n\n\n\n<p>Ale je hn\u011bv ale tak\u00e9 je hn\u011bv.<\/p>\n\n\n\n<h4 class=\"wp-block-heading\">Vztek<\/h4>\n\n\n\n<p>Ano, je tu vztek, kdy\u017e v\u00e1s n\u011bkdo od\u0159\u00edzne v odbo\u010dovac\u00edm pruhu, kdy\u017e na v\u00e1s \u010dek\u00e1 d\u00e9le ne\u017e \u010dty\u0159i minuty, kdy\u017e v\u00e1m v koment\u00e1\u0159\u00edch k va\u0161emu p\u0159\u00edsp\u011bvku nad\u00e1v\u00e1 misantropick\u00fd troll&#8230;..<\/p>\n\n\n\n<h4 class=\"wp-block-heading\">Spravedliv\u00fd hn\u011bv<\/h4>\n\n\n\n<p>Pak je tu hn\u011bv, kter\u00fd n\u00e1s nech\u00e1v\u00e1 ot\u0159esen\u00e9 a rozechv\u011bl\u00e9, proto\u017ee je zr\u00e1dn\u011b poru\u0161ov\u00e1na posv\u00e1tn\u00e1 d\u016fv\u011bra; proto\u017ee jsou bezd\u016fvodn\u011b po\u0161kozov\u00e1ni ti, kte\u0159\u00ed nikomu neubl\u00ed\u017eili; proto\u017ee ti, kte\u0159\u00ed maj\u00ed p\u0159\u00edli\u0161 m\u00e1lo, maj\u00ed nyn\u00ed je\u0161t\u011b m\u00e9n\u011b, a ti, kte\u0159\u00ed u\u017e maj\u00ed p\u0159\u00edli\u0161 mnoho, maj\u00ed nyn\u00ed je\u0161t\u011b v\u00edce; proto\u017ee jsou p\u00e1ch\u00e1ny ohavn\u00e9 k\u0159ivdy a pachatel\u00e9 ani nep\u0159izn\u00e1vaj\u00ed, \u017ee k\u0159ivdy, kter\u00fdch se dopou\u0161t\u011bj\u00ed, jsou \u0161patn\u00e9.<\/p>\n\n\n\n<h4 class=\"wp-block-heading\">nehor\u00e1znost si \u017e\u00e1d\u00e1 hn\u011bv<\/h4>\n\n\n\n<p>To, co se stalo &#8211; co se d\u011bje nyn\u00ed, tady a v\u0161ude -, nen\u00ed jen h\u0159\u00edch a ostuda. Je to nehor\u00e1znost a nehor\u00e1znost si \u017e\u00e1d\u00e1 hn\u011bv, hn\u011bv, kter\u00fd by m\u011bl vyj\u00edt najevo. Hn\u011bv v takov\u00fdch p\u0159\u00edpadech nen\u00ed pouze p\u0159\u00edpustn\u00fd. Je povinn\u00fd, nutn\u00fd.<\/p>\n\n\n\n<p>Proto imperativ: &#8222;Hn\u011bvej se.&#8220;<\/p>\n\n\n\n<h4 class=\"wp-block-heading\">H\u0159\u00edch se nerozlobit<\/h4>\n\n\n\n<p>Tv\u00e1\u0159\u00ed v tv\u00e1\u0159 pohor\u0161en\u00ed je hn\u011bv cenou, kterou plat\u00edme za to, \u017ee v\u011bnujeme pozornost. Je to hn\u011bv, kter\u00fd by m\u011bl vyj\u00edt najevo, proto\u017ee tv\u00e1\u0159\u00ed v tv\u00e1\u0159 nehor\u00e1znosti je h\u0159\u00edchem se nerozzlobit. [1]<\/p>\n\n\n\n<p><em>Richard Rohr ct\u00ed moudrost obsa\u017eenou v siln\u00fdch emoc\u00edch, jako je smutek a hn\u011bv:<\/em><\/p>\n\n\n\n<h4 class=\"wp-block-heading\">Velk\u00e9 emoce mohou b\u00fdt u\u010ditelem<\/h4>\n\n\n\n<p>Velk\u00e9 emoce jsou obzvl\u00e1\u0161t\u011b mocn\u00fdmi u\u010diteli. Toho jsem si velmi dob\u0159e v\u011bdom p\u0159i pro\u017e\u00edv\u00e1n\u00ed z\u00e1rmutku pot\u00e9, co jsem za\u017eil smrt sv\u00e9 matky, dosp\u00edvaj\u00edc\u00ed nete\u0159e a sv\u00e9ho otce. I hn\u011bv a vztek jsou velk\u00fdmi u\u010diteli, pokud jim naslouch\u00e1me. Maj\u00ed tak velkou moc odhalit na\u0161e nejhlub\u0161\u00ed j\u00e1 sob\u011b i druh\u00fdm, p\u0159esto m\u00e1me tendenci je vn\u00edmat negativn\u011b. Ano, jsou nebezpe\u010dn\u00e9, nut\u00ed n\u00e1s reagovat a br\u00e1nit se, ale \u010dasto zcela p\u0159eorganizuj\u00ed to, jak pozn\u00e1v\u00e1me &#8211; nebo jestli v\u016fbec pozn\u00e1v\u00e1me &#8211; realitu.<\/p>\n\n\n\n<h4 class=\"wp-block-heading\">Odhaluji sv\u00e9 emoce?<\/h4>\n\n\n\n<p>V\u011b\u0159te tomu nebo ne, ale takov\u00e9 emoce jsou zp\u016fsoby pozn\u00e1v\u00e1n\u00ed. Maj\u00ed schopnost n\u00e1s zaslepit, ale tak\u00e9 moc n\u00e1s otev\u0159\u00edt a p\u0159iv\u00e9st k hlubok\u00e9mu obr\u00e1cen\u00ed, poko\u0159e a up\u0159\u00edmnosti. Lid\u00e9, kte\u0159\u00ed jsou p\u0159\u00edli\u0161 mil\u00ed a nikdy netrp\u00ed nebo neodhaluj\u00ed sv\u00e9 vlastn\u00ed negativn\u00ed emoce, toho o sob\u011b obvykle moc nev\u011bd\u00ed &#8211; a proto je my ostatn\u00ed nebereme p\u0159\u00edli\u0161 v\u00e1\u017en\u011b. Zva\u017ete, zda to neplat\u00ed i ve va\u0161em vlastn\u00edm okruhu vztah\u016f. [2]<\/p>\n\n\n\n<p>P\u0159e\u010dt\u011bte si tuto meditaci na webu cac.org.<\/p>\n\n\n\n<h6 class=\"wp-block-heading\">Prameny:<\/h6>\n\n\n\n<p>[1] Allen Dwight Callahan, \u201cThe Virtue of Anger,\u201d&nbsp;<em>Oneing&nbsp;<\/em>6, no. 1,<em>&nbsp;Anger<\/em>&nbsp;(Spring 2018): 29\u201330. Available in&nbsp;<a href=\"https:\/\/email.cac.org\/t\/d-l-eluljc-tlkrhyidn-o\/\">print<\/a>&nbsp;and&nbsp;<a href=\"https:\/\/email.cac.org\/t\/d-l-eluljc-tlkrhyidn-b\/\"><u>PDF download<\/u><\/a>.<\/p>\n\n\n\n<p>[2] Adapted from Richard Rohr,&nbsp;<a href=\"https:\/\/email.cac.org\/t\/d-l-eluljc-tlkrhyidn-n\/\"><em><u>The Wisdom Pattern: Order, Disorder, Reorder<\/u><\/em><\/a>&nbsp;(Cincinnati, OH: Franciscan Media, 2020), 124\u2013125.<\/p>\n\n\n\n<p><strong>Image credit:<\/strong>&nbsp;Benjamin Yazza,&nbsp;<em>Untitled&nbsp;<\/em>(detail), New Mexico, 2023, photograph, used with permission.&nbsp;<a href=\"https:\/\/email.cac.org\/t\/d-l-eluljc-tlkrhyidn-p\/\">Click here to enlarge image<\/a>.<br><br><em>Anger is a spark that motivates us forward. Love is a pathway that funnels our motivation in an impactful direction.<\/em><\/p>\n","protected":false},"excerpt":{"rendered":"<p>Tv\u00e1\u0159\u00ed v tv\u00e1\u0159 pohor\u0161en\u00ed je hn\u011bv cenou, kterou plat\u00edme za to, \u017ee v\u011bnujeme pozornost. Je to hn\u011bv, kter\u00fd by m\u011bl vyj\u00edt najevo, proto\u017ee tv\u00e1\u0159\u00ed v tv\u00e1\u0159 nehor\u00e1znosti je h\u0159\u00edchem se nerozzlobit.<\/p>\n","protected":false},"author":1,"featured_media":8389,"comment_status":"open","ping_status":"open","sticky":false,"template":"","format":"standard","meta":{"footnotes":""},"categories":[198],"tags":[508,898,1595],"class_list":["post-8407","post","type-post","status-publish","format-standard","has-post-thumbnail","hentry","category-richard-rohr-ofm-centrum-pro-zivot-a-rozjimani","tag-emoce","tag-hnev","tag-spravedlivy-hnev","latest_post"],"_links":{"self":[{"href":"https:\/\/www.frantiskani.cz\/index.php\/wp-json\/wp\/v2\/posts\/8407","targetHints":{"allow":["GET"]}}],"collection":[{"href":"https:\/\/www.frantiskani.cz\/index.php\/wp-json\/wp\/v2\/posts"}],"about":[{"href":"https:\/\/www.frantiskani.cz\/index.php\/wp-json\/wp\/v2\/types\/post"}],"author":[{"embeddable":true,"href":"https:\/\/www.frantiskani.cz\/index.php\/wp-json\/wp\/v2\/users\/1"}],"replies":[{"embeddable":true,"href":"https:\/\/www.frantiskani.cz\/index.php\/wp-json\/wp\/v2\/comments?post=8407"}],"version-history":[{"count":1,"href":"https:\/\/www.frantiskani.cz\/index.php\/wp-json\/wp\/v2\/posts\/8407\/revisions"}],"predecessor-version":[{"id":8408,"href":"https:\/\/www.frantiskani.cz\/index.php\/wp-json\/wp\/v2\/posts\/8407\/revisions\/8408"}],"wp:featuredmedia":[{"embeddable":true,"href":"https:\/\/www.frantiskani.cz\/index.php\/wp-json\/wp\/v2\/media\/8389"}],"wp:attachment":[{"href":"https:\/\/www.frantiskani.cz\/index.php\/wp-json\/wp\/v2\/media?parent=8407"}],"wp:term":[{"taxonomy":"category","embeddable":true,"href":"https:\/\/www.frantiskani.cz\/index.php\/wp-json\/wp\/v2\/categories?post=8407"},{"taxonomy":"post_tag","embeddable":true,"href":"https:\/\/www.frantiskani.cz\/index.php\/wp-json\/wp\/v2\/tags?post=8407"}],"curies":[{"name":"wp","href":"https:\/\/api.w.org\/{rel}","templated":true}]}}