{"id":8498,"date":"2024-03-18T07:24:11","date_gmt":"2024-03-18T06:24:11","guid":{"rendered":"https:\/\/www.frantiskani.cz\/?p=8498"},"modified":"2024-03-18T07:24:17","modified_gmt":"2024-03-18T06:24:17","slug":"zivot-prodchnuty-tajemstvim","status":"publish","type":"post","link":"https:\/\/www.frantiskani.cz\/index.php\/2024\/03\/18\/zivot-prodchnuty-tajemstvim\/","title":{"rendered":"\u017divot prodchnut\u00fd tajemstv\u00edm"},"content":{"rendered":"\n<h6 class=\"wp-block-heading\">Dvan\u00e1ct\u00fd t\u00fdden: Mysticismus v\u0161edn\u00edho dne<\/h6>\n\n\n\n<p><em>U\u010ditelka CAC Barbara Holmesov\u00e1 se pod\u011bl\u00ed o sv\u00e9 zku\u0161enosti s ka\u017edodenn\u00ed mystikou.<\/em><\/p>\n\n\n\n<h4 class=\"wp-block-heading\">Ka\u017ed\u00fd v&nbsp;\u017eivot\u011b za\u017eil z\u00e1zrak<\/h4>\n\n\n\n<p>Ka\u017ed\u00fd \u010dlov\u011bk m\u00e1 n\u011bjakou mystickou zku\u0161enost. Mo\u017en\u00e1 se nerozd\u011blila mo\u0159e a mo\u017en\u00e1 nechodil po vod\u011b, ale p\u0159esto se v na\u0161em \u017eivot\u011b ud\u00e1ly \u00fa\u017easn\u00e9 z\u00e1zraky. Jen jsme je nesd\u00edleli ve spole\u010denstv\u00ed, a proto se o n\u011b nec\u00edt\u00edme pohodln\u011b d\u011blit jako jednotlivci. \u0158eknu v\u00e1m z\u00e1klady sv\u00e9 osobn\u00ed mystiky, abyste zv\u00e1\u017eili sv\u00e9&#8230;..<\/p>\n\n\n\n<h4 class=\"wp-block-heading\">V&nbsp;rodin\u011b jsem m\u011bla mystiky, j\u00e1 jsem jen oby\u010dejn\u00fd mystik<\/h4>\n\n\n\n<p>Jsem oby\u010dejn\u00fd, ka\u017edodenn\u00ed mystik. Netvrd\u00edm, \u017ee m\u00e1m zvl\u00e1\u0161tn\u00ed schopnosti, jen \u017eivot prodchnut\u00fd tajemstv\u00edm. Moje rodina se s mystikou, duchovn\u00edm rozli\u0161ov\u00e1n\u00edm a pou\u017e\u00edv\u00e1n\u00edm duchovn\u00edch dar\u016f, jako je uzdravov\u00e1n\u00ed a slova pozn\u00e1n\u00ed, vyrovnala. Nejv\u011bt\u0161\u00ed vliv na m\u011b m\u011bla moje teta Lee, katolick\u00e1 \u0161amanka z kmene Gullah. Vid\u011bla mrtv\u00e9 lidi a zprost\u0159edkov\u00e1vala na\u0161\u00ed rodin\u011b tajemstv\u00ed. Dok\u00e1zala v\u00e1m \u0159\u00edct, kdo p\u0159ich\u00e1z\u00ed a odch\u00e1z\u00ed a jak na tom je, kdy\u017e se dostane na druhou stranu!&#8230;. P\u0159ed\u00e1vala n\u00e1m zpr\u00e1vy od p\u0159edk\u016f na druh\u00e9 stran\u011b. Jakmile p\u0159\u00edbuzn\u00fd p\u0159e\u0161el na druhou stranu, sd\u011blovala n\u00e1m v\u011bk, kter\u00fd si zvolil jako symbol sv\u00e9 t\u011blesnosti.&nbsp;<\/p>\n\n\n\n<h4 class=\"wp-block-heading\">Moje teta byla speci\u00e1ln\u00ed mystik<\/h4>\n\n\n\n<p>Zd\u00e1 se, \u017ee alespo\u0148 v jej\u00edm pojet\u00ed si \u010dlov\u011bk mohl vybrat sv\u016fj v\u011bk v \u017eivot\u011b po \u017eivot\u011b. Tak\u017ee kdy\u017e jste vid\u011bli lidi ve snech, vid\u011bli jste je zt\u011blesn\u011bn\u00e9 ve v\u011bku, kter\u00fd nejl\u00e9pe odr\u00e1\u017eel jejich duchovn\u00ed radost. M\u016fj otec si vybral pades\u00e1tku, a kdy\u017e ho vid\u00edm ve snech, tak taky tak vypad\u00e1. Moje m\u00e1ma si vybrala t\u0159ic\u00edtku. Tento vzhled sv\u00e9 m\u00e1my nezn\u00e1m, tak\u017ee v\u017edycky v\u00e1h\u00e1m, proto\u017ee v tomto bod\u011b po duchovn\u00ed str\u00e1nce je mlad\u0161\u00ed ne\u017e j\u00e1. Existovala nejr\u016fzn\u011bj\u0161\u00ed pravidla t\u00fdkaj\u00edc\u00ed se sn\u016f a setk\u00e1n\u00ed. Tetina poselstv\u00ed v\u017edycky obsahovala n\u011bco, \u010demu se \u0159\u00edkalo &#8222;ov\u011b\u0159en\u00ed&#8220;. Zpe\u010detila to informac\u00ed, \u017ee se to nikdo krom\u011b bl\u00edzk\u00fdch, kte\u0159\u00ed ode\u0161li, nedozv\u00ed. \u0158ekla by v\u00e1m, kde se d\u00e1 naj\u00edt ztracen\u00fd \u0161perk, nebo obsah n\u011bkolika posledn\u00edch slov pronesen\u00fdch v soukrom\u00ed.&nbsp;<\/p>\n\n\n\n<h4 class=\"wp-block-heading\">Moje maminka z&nbsp;Kamerunu byla v&nbsp;mystick\u00e9m spojen\u00ed s \u010c\u00ednou<\/h4>\n\n\n\n<p>To byly mysti\u010dky z t\u00e1tovy strany rodiny. A nev\u011bd\u011bli byste, \u017ee jich m\u00e1me spoustu i z mamin\u010diny strany&#8230;.. Vyp\u00e1trali jsme na\u0161e vazby DNA a moje maminka poch\u00e1z\u00ed z n\u00e1roda Tikar\u016f z Kamerunu s p\u0159ekvapiv\u00fdm propojen\u00edm s \u010c\u00ednou. Jako ka\u017edodenn\u00edmu mystikovi mi testov\u00e1n\u00ed DNA pomohlo s duchovn\u00edm uzdraven\u00edm kulturn\u00ed a historick\u00e9 ztr\u00e1ty.&nbsp;<\/p>\n\n\n\n<h4 class=\"wp-block-heading\">Pro mne je mystika ka\u017edodenn\u00ed p\u0159irozenou sou\u010d\u00e1st\u00ed \u017eivota<\/h4>\n\n\n\n<p>Zvl\u00e1\u0161tn\u00ed je, \u017ee mi to v\u0161echno p\u0159ipadalo norm\u00e1ln\u00ed. Navzdory tomu, \u017ee se \u0161koln\u00ed doch\u00e1zka a dal\u0161\u00ed vzd\u011bl\u00e1v\u00e1n\u00ed sna\u017eily m\u00e9 zku\u0161enosti znehodnotit, v\u011bd\u011bl jsem, \u017ee ka\u017edodenn\u00ed mystika je skute\u010dn\u00e1. Nedal jsem se p\u0159esv\u011bd\u010dit ani pou\u010dit o opaku. Popisuji mystiku jako p\u0159irozenou sou\u010d\u00e1st ka\u017edodenn\u00edho \u017eivota a v\u0161echny v\u011bci, kter\u00e9 popisuji, se d\u011bly v b\u011b\u017en\u00e9m \u010dase. Nebyla to \u017e\u00e1dn\u00e1 podivn\u00e1 hudba, rozm\u00e1chl\u00e9 pl\u00e1\u0161t\u011b ani stra\u0161ideln\u00e1 zakl\u00ednadla&#8230; jen hlubok\u00e9 pochopen\u00ed posv\u00e1tna a ochota nechat se v\u00e9st dary.&nbsp;<\/p>\n\n\n\n<p>P\u0159e\u010dt\u011bte si tuto meditaci na str\u00e1nk\u00e1ch cac.org.<\/p>\n\n\n\n<h6 class=\"wp-block-heading\">Prameny:<\/h6>\n\n\n\n<p class=\"has-small-font-size\">Adapted from Barbara A. Holmes,&nbsp;<em>Everyday Mysticism<\/em><em>: An Online Gathering with Dr. Barbara Holmes,<\/em>&nbsp;Center for Action and Contemplation, October 18, 2023, online teaching. Recording unavailable.<\/p>\n\n\n\n<p class=\"has-small-font-size\"><strong>Image credit:<\/strong>&nbsp;Benjamin Yazza, Untitled (detail), New Mexico, 2023, photograph, used with permission.&nbsp;<a href=\"https:\/\/email.cac.org\/t\/d-l-eajjlk-tlkrhyidn-h\/\">Click here to enlarge image<\/a>. During the course of every day, mystical moments are available to us, like sharing a moment with a grasshopper.<\/p>\n","protected":false},"excerpt":{"rendered":"<p> Barbara Holmesov\u00e1: Ka\u017ed\u00fd \u010dlov\u011bk m\u00e1 n\u011bjakou mystickou zku\u0161enost. Mo\u017en\u00e1 se nerozd\u011blila mo\u0159e a mo\u017en\u00e1 nechodil po vod\u011b, ale p\u0159esto se v na\u0161em \u017eivot\u011b ud\u00e1ly \u00fa\u017easn\u00e9 z\u00e1zraky. Jen jsme je nesd\u00edleli ve spole\u010denstv\u00ed, a proto se o n\u011b nec\u00edt\u00edme pohodln\u011b d\u011blit jako jednotlivci. \u0158eknu v\u00e1m z\u00e1klady sv\u00e9 osobn\u00ed mystiky, abyste zv\u00e1\u017eili sv\u00e9&#8230;..<\/p>\n","protected":false},"author":1,"featured_media":8488,"comment_status":"open","ping_status":"open","sticky":false,"template":"","format":"standard","meta":{"footnotes":""},"categories":[198],"tags":[390],"class_list":["post-8498","post","type-post","status-publish","format-standard","has-post-thumbnail","hentry","category-richard-rohr-ofm-centrum-pro-zivot-a-rozjimani","tag-mystika","latest_post"],"_links":{"self":[{"href":"https:\/\/www.frantiskani.cz\/index.php\/wp-json\/wp\/v2\/posts\/8498","targetHints":{"allow":["GET"]}}],"collection":[{"href":"https:\/\/www.frantiskani.cz\/index.php\/wp-json\/wp\/v2\/posts"}],"about":[{"href":"https:\/\/www.frantiskani.cz\/index.php\/wp-json\/wp\/v2\/types\/post"}],"author":[{"embeddable":true,"href":"https:\/\/www.frantiskani.cz\/index.php\/wp-json\/wp\/v2\/users\/1"}],"replies":[{"embeddable":true,"href":"https:\/\/www.frantiskani.cz\/index.php\/wp-json\/wp\/v2\/comments?post=8498"}],"version-history":[{"count":1,"href":"https:\/\/www.frantiskani.cz\/index.php\/wp-json\/wp\/v2\/posts\/8498\/revisions"}],"predecessor-version":[{"id":8499,"href":"https:\/\/www.frantiskani.cz\/index.php\/wp-json\/wp\/v2\/posts\/8498\/revisions\/8499"}],"wp:featuredmedia":[{"embeddable":true,"href":"https:\/\/www.frantiskani.cz\/index.php\/wp-json\/wp\/v2\/media\/8488"}],"wp:attachment":[{"href":"https:\/\/www.frantiskani.cz\/index.php\/wp-json\/wp\/v2\/media?parent=8498"}],"wp:term":[{"taxonomy":"category","embeddable":true,"href":"https:\/\/www.frantiskani.cz\/index.php\/wp-json\/wp\/v2\/categories?post=8498"},{"taxonomy":"post_tag","embeddable":true,"href":"https:\/\/www.frantiskani.cz\/index.php\/wp-json\/wp\/v2\/tags?post=8498"}],"curies":[{"name":"wp","href":"https:\/\/api.w.org\/{rel}","templated":true}]}}