{"id":8505,"date":"2024-03-20T07:25:42","date_gmt":"2024-03-20T06:25:42","guid":{"rendered":"https:\/\/www.frantiskani.cz\/?p=8505"},"modified":"2024-03-20T07:25:45","modified_gmt":"2024-03-20T06:25:45","slug":"zijeme-z-nejakeho-duvodu","status":"publish","type":"post","link":"https:\/\/www.frantiskani.cz\/index.php\/2024\/03\/20\/zijeme-z-nejakeho-duvodu\/","title":{"rendered":"\u017dijeme z n\u011bjak\u00e9ho d\u016fvodu"},"content":{"rendered":"\n<h6 class=\"wp-block-heading\">Dvan\u00e1ct\u00fd t\u00fdden: Mysticismus v\u0161edn\u00edho dne<\/h6>\n\n\n\n<p><em>Teolog Howard Thurman (1899-1981) v\u011b\u0159il, \u017ee p\u011bstov\u00e1n\u00ed vnit\u0159n\u00edho klidu n\u00e1m umo\u017e\u0148uje zakou\u0161et bo\u017estv\u00ed. Lerita Coleman Brownov\u00e1 p\u00ed\u0161e:<\/em><\/p>\n\n\n\n<h4 class=\"wp-block-heading\">No\u010dn\u00ed ticho<\/h4>\n\n\n\n<p>Kdy\u017e se Thurman jako student semin\u00e1\u0159e vracel pozd\u011b ve\u010der dom\u016f, v\u0161iml si \u0161um\u011bn\u00ed vody. Touto cestou \u0161el u\u017e mnohokr\u00e1t a nikdy nesly\u0161el ani kapku. Druh\u00fd den Thurman o sv\u00e9m pozorov\u00e1n\u00ed hovo\u0159il s jedn\u00edm ze sv\u00fdch profesor\u016f, kter\u00fd mu \u0159ekl, \u017ee pod ulic\u00ed vede kan\u00e1l. Proto\u017ee pozd\u011b v noci nebyly sly\u0161et zvuky tramvaj\u00ed, automobil\u016f a kolemjdouc\u00edch, mohl Howard rozeznat zvuk vody.<\/p>\n\n\n\n<h4 class=\"wp-block-heading\">Ticho pro du\u0161i<\/h4>\n\n\n\n<p>Thurman tyto zvuky p\u0159irovn\u00e1v\u00e1&#8230; k vnit\u0159n\u00edmu brebent\u011bn\u00ed v na\u0161\u00ed mysli, kter\u00e9 n\u00e1m br\u00e1n\u00ed uv\u011bdomit si Bo\u017e\u00ed p\u0159\u00edtomnost. Zti\u0161it povrchn\u00ed hluk v na\u0161\u00ed mysli je to, k \u010demu n\u00e1s Thurman vyb\u00edz\u00ed, kdy\u017e n\u00e1m d\u00e1v\u00e1 pokyn, jak to d\u011bl\u00e1 v cel\u00e9m sv\u00e9m d\u00edle, abychom se &#8222;soust\u0159edili dol\u016f&#8220;.<\/p>\n\n\n\n<h4 class=\"wp-block-heading\">U\u010d\u00edm se naslouchat<\/h4>\n\n\n\n<p>To, co p\u0159itahuje a udr\u017euje na\u0161i pozornost, ur\u010duje, jak a kdy budeme Boha pro\u017e\u00edvat. &#8222;V celkov\u00e9 n\u00e1bo\u017eensk\u00e9 zku\u0161enosti se u\u010d\u00edme \u010dekat; u\u010d\u00edme se p\u0159ipravit mysl a ducha,&#8220; p\u00ed\u0161e. &#8222;Pr\u00e1v\u011b v okam\u017eic\u00edch \u010dek\u00e1n\u00ed, p\u0159em\u00edt\u00e1n\u00ed, prodl\u00e9v\u00e1n\u00ed, prodl\u00e9v\u00e1n\u00ed bez \u010dasu se podstata n\u00e1bo\u017eensk\u00e9 zku\u0161enosti st\u00e1v\u00e1 nejplodn\u011bj\u0161\u00ed. Pr\u00e1v\u011b tady se u\u010d\u00edm naslouchat, otev\u00edrat doko\u0159\u00e1n samotn\u00e9 dve\u0159e sv\u00e9ho byt\u00ed, \u010distit z\u00e1kout\u00ed a \u0161t\u011brbiny sv\u00e9ho \u017eivota &#8211; abych se, a\u017e do n\u011bj Jeho p\u0159\u00edtomnost vtrhne, mohl t\u011b\u0161it z Jeho p\u0159\u00edchodu k sob\u011b sam\u00e9mu ve mn\u011b.&#8220; [1] Thurman se domn\u00edval, \u017ee tato \u010dinnost m\u016f\u017ee vy\u017eadovat tak\u00e9 opu\u0161t\u011bn\u00ed nen\u00e1visti a ho\u0159kosti, tak\u017ee p\u0159i vstupu do sv\u00e9ho st\u0159edu vstupujete do Boha jako Stvo\u0159itele existence, proto\u017ee &#8222;B\u016fh je dnem existence&#8220;.<\/p>\n\n\n\n<p><em>Brown nach\u00e1z\u00ed v Thurmanov\u00fdch spisech v\u00fdzvu k otev\u0159enosti v\u016f\u010di mo\u017enosti ka\u017edodenn\u00ed mystiky pro v\u0161echny.<\/em><\/p>\n\n\n\n<h4 class=\"wp-block-heading\">Naslouch\u00e1n\u00edm Bohu se ka\u017ed\u00fd m\u016f\u017ee st\u00e1t mystikem<\/h4>\n\n\n\n<p>Thurman demystifikoval mystiku t\u00edm, \u017ee ji jednodu\u0161e formuloval. Mystikov\u00e9 jsou lid\u00e9, kte\u0159\u00ed maj\u00ed osobn\u00ed n\u00e1bo\u017eenskou zku\u0161enost nebo se setkali s Bohem. Tento popis m\u011b a mnoho dal\u0161\u00edch osvobodil od my\u0161lenky, \u017ee B\u016fh se lidem zjevuje pouze po letech modliteb a asketick\u00e9ho, izolovan\u00e9ho \u017eivota. Thurman v\u011b\u0159il, \u017ee mystikem se m\u016f\u017ee st\u00e1t ka\u017ed\u00fd, kdo je t\u00e9to zku\u0161enosti otev\u0159en\u00fd. Otev\u0159el n\u00e1m dve\u0159e do sv\u011bta, kde se mystici voln\u011b pohybuj\u00ed mezi n\u00e1mi a \u017eij\u00ed oby\u010dejn\u00fdm \u017eivotem. Mystikov\u00e9 jsou ti, kte\u0159\u00ed sly\u0161\u00ed vodu tekouc\u00ed pod ulic\u00ed. Um\u00ed zti\u0161it povrchov\u00fd hluk natolik, aby sly\u0161eli smysl v\u0161ech v\u011bc\u00ed, kter\u00e9 proud\u00ed pod ka\u017edodenn\u00edm \u017eivotem.<\/p>\n\n\n\n<h4 class=\"wp-block-heading\">\u017dijeme v\u00edce pro Boha ne\u017e pro sebe. Pro l\u00e1sku a spole\u010denstv\u00ed<\/h4>\n\n\n\n<p>Mystikov\u00e9 v\u0161edn\u00edho dne jsou lid\u00e9, kte\u0159\u00ed komunikuj\u00ed s Bo\u017e\u00ed p\u0159\u00edtomnost\u00ed, p\u0159ij\u00edmaj\u00ed veden\u00ed prost\u0159ednictv\u00edm prorock\u00fdch viz\u00ed, hlas\u016f a sn\u016f a zavazuj\u00ed se \u017e\u00edt sp\u00ed\u0161e pro Boha ne\u017e pouze pro sebe. Jejich vize \u017eivota je \u0161ir\u0161\u00ed a rozs\u00e1hlej\u0161\u00ed, proto\u017ee v\u011bd\u00ed, \u017ee \u017eij\u00ed z n\u011bjak\u00e9ho d\u016fvodu, z n\u011bjak\u00e9ho z\u00e1m\u011bru, kter\u00fd prosp\u011bje lidsk\u00fdm du\u0161\u00edm, je\u017e mo\u017en\u00e1 nikdy nepotkaj\u00ed&#8230;.. Thurman pro\u017e\u00edval identitu zalo\u017eenou na mystice, proto\u017ee pravideln\u011b poci\u0165oval jednotu s Bohem a p\u0159\u00edle\u017eitostn\u011b za\u017e\u00edval vize. V\u011b\u0159il tak\u00e9, \u017ee mystick\u00e9 okam\u017eiky by m\u011bly lidi podn\u011bcovat k l\u00e1sce, spole\u010denstv\u00ed a soci\u00e1ln\u00edmu jedn\u00e1n\u00ed.<\/p>\n\n\n\n<p>P\u0159e\u010dt\u011bte si tuto meditaci na str\u00e1nk\u00e1ch cac.org.<\/p>\n","protected":false},"excerpt":{"rendered":"<p>Mystikov\u00e9 v\u0161edn\u00edho dne jsou lid\u00e9, kte\u0159\u00ed komunikuj\u00ed s Bo\u017e\u00ed p\u0159\u00edtomnost\u00ed, p\u0159ij\u00edmaj\u00ed veden\u00ed prost\u0159ednictv\u00edm prorock\u00fdch viz\u00ed, hlas\u016f a sn\u016f a zavazuj\u00ed se \u017e\u00edt sp\u00ed\u0161e pro Boha ne\u017e pouze pro sebe. Jejich vize \u017eivota je \u0161ir\u0161\u00ed a rozs\u00e1hlej\u0161\u00ed, proto\u017ee v\u011bd\u00ed, \u017ee \u017eij\u00ed z n\u011bjak\u00e9ho d\u016fvodu, z n\u011bjak\u00e9ho z\u00e1m\u011bru, kter\u00fd prosp\u011bje lidsk\u00fdm du\u0161\u00edm, je\u017e mo\u017en\u00e1 nikdy nepotkaj\u00ed&#8230;.. <\/p>\n","protected":false},"author":1,"featured_media":8488,"comment_status":"open","ping_status":"open","sticky":false,"template":"","format":"standard","meta":{"footnotes":""},"categories":[198],"tags":[1619,1620],"class_list":["post-8505","post","type-post","status-publish","format-standard","has-post-thumbnail","hentry","category-richard-rohr-ofm-centrum-pro-zivot-a-rozjimani","tag-mystika-pro-kazdy-den","tag-nasslouchat","latest_post"],"_links":{"self":[{"href":"https:\/\/www.frantiskani.cz\/index.php\/wp-json\/wp\/v2\/posts\/8505","targetHints":{"allow":["GET"]}}],"collection":[{"href":"https:\/\/www.frantiskani.cz\/index.php\/wp-json\/wp\/v2\/posts"}],"about":[{"href":"https:\/\/www.frantiskani.cz\/index.php\/wp-json\/wp\/v2\/types\/post"}],"author":[{"embeddable":true,"href":"https:\/\/www.frantiskani.cz\/index.php\/wp-json\/wp\/v2\/users\/1"}],"replies":[{"embeddable":true,"href":"https:\/\/www.frantiskani.cz\/index.php\/wp-json\/wp\/v2\/comments?post=8505"}],"version-history":[{"count":1,"href":"https:\/\/www.frantiskani.cz\/index.php\/wp-json\/wp\/v2\/posts\/8505\/revisions"}],"predecessor-version":[{"id":8506,"href":"https:\/\/www.frantiskani.cz\/index.php\/wp-json\/wp\/v2\/posts\/8505\/revisions\/8506"}],"wp:featuredmedia":[{"embeddable":true,"href":"https:\/\/www.frantiskani.cz\/index.php\/wp-json\/wp\/v2\/media\/8488"}],"wp:attachment":[{"href":"https:\/\/www.frantiskani.cz\/index.php\/wp-json\/wp\/v2\/media?parent=8505"}],"wp:term":[{"taxonomy":"category","embeddable":true,"href":"https:\/\/www.frantiskani.cz\/index.php\/wp-json\/wp\/v2\/categories?post=8505"},{"taxonomy":"post_tag","embeddable":true,"href":"https:\/\/www.frantiskani.cz\/index.php\/wp-json\/wp\/v2\/tags?post=8505"}],"curies":[{"name":"wp","href":"https:\/\/api.w.org\/{rel}","templated":true}]}}