{"id":8524,"date":"2024-03-23T07:56:33","date_gmt":"2024-03-23T06:56:33","guid":{"rendered":"https:\/\/www.frantiskani.cz\/?p=8524"},"modified":"2024-03-23T07:56:38","modified_gmt":"2024-03-23T06:56:38","slug":"mystika-vsedniho-dne-tydenni-shrnuti","status":"publish","type":"post","link":"https:\/\/www.frantiskani.cz\/index.php\/2024\/03\/23\/mystika-vsedniho-dne-tydenni-shrnuti\/","title":{"rendered":"Mystika v\u0161edn\u00edho dne: T\u00fddenn\u00ed shrnut\u00ed"},"content":{"rendered":"\n<h6 class=\"wp-block-heading\">Shrnut\u00ed dvan\u00e1ct\u00e9ho t\u00fddne 17. b\u0159ezna &#8211; 23. b\u0159ezna 2024<\/h6>\n\n\n\n<h4 class=\"wp-block-heading\">Ned\u011ble<\/h4>\n\n\n\n<p>Pro m\u011b &#8222;mystika&#8220; znamen\u00e1 jednodu\u0161e zku\u0161enostn\u00ed pozn\u00e1n\u00ed duchovn\u00edch v\u011bc\u00ed, na rozd\u00edl od pozn\u00e1n\u00ed z knih, z druh\u00e9 ruky nebo dokonce z c\u00edrkve.-Richard Rohr<\/p>\n\n\n\n<h4 class=\"wp-block-heading\">Pond\u011bl\u00ed<\/h4>\n\n\n\n<p>Popisuji mystiku jako p\u0159irozenou sou\u010d\u00e1st ka\u017edodenn\u00edho \u017eivota &#8230; prost\u011b hlubok\u00e9 pochopen\u00ed posv\u00e1tn\u00e9ho a ochota nechat se v\u00e9st dary.-Barbara A. Holmesov\u00e1<\/p>\n\n\n\n<h4 class=\"wp-block-heading\">\u00dater\u00fd<\/h4>\n\n\n\n<p>Dnes nehled\u00e1me kolos\u00e1ln\u00ed tajemstv\u00ed, jako je rozd\u011blen\u00ed mo\u0159\u00ed. Chceme jen proniknout do ka\u017edodenn\u00ed mystiky nebo ji alespo\u0148 rozpoznat.-Barbara A. Holmesov\u00e1<\/p>\n\n\n\n<h4 class=\"wp-block-heading\">St\u0159eda<\/h4>\n\n\n\n<p>Ka\u017edodenn\u00ed mystikov\u00e9 jsou lid\u00e9, kte\u0159\u00ed komunikuj\u00ed s Bo\u017e\u00ed p\u0159\u00edtomnost\u00ed, p\u0159ij\u00edmaj\u00ed veden\u00ed, &#8230; a zavazuj\u00ed se \u017e\u00edt sp\u00ed\u0161e pro Boha ne\u017e pouze pro sebe. Jejich vize \u017eivota je v\u011bt\u0161\u00ed a rozs\u00e1hlej\u0161\u00ed, proto\u017ee v\u011bd\u00ed, \u017ee \u017eij\u00ed z n\u011bjak\u00e9ho d\u016fvodu, za n\u011bjak\u00fdm \u00fa\u010delem, kter\u00fd prosp\u011bje lidsk\u00fdm du\u0161\u00edm, s nimi\u017e se mo\u017en\u00e1 nikdy nesetkaj\u00ed.-Lerita Coleman Brown<\/p>\n\n\n\n<h4 class=\"wp-block-heading\">\u010ctvrtek<\/h4>\n\n\n\n<p>Mohu si postavit mal\u00fd olt\u00e1\u0159, ve sv\u011bt\u011b nebo ve sv\u00e9m srdci. Mohu se zastavit v tom, co d\u011bl\u00e1m, na dostate\u010dn\u011b dlouho, abych vid\u011bl, kde jsem, s k\u00fdm tam jsem a jak je to m\u00edsto \u00fa\u017easn\u00e9. Mohu ozna\u010dit dal\u0161\u00ed br\u00e1nu do nebe.-Barbara Brown Taylorov\u00e1<\/p>\n\n\n\n<h4 class=\"wp-block-heading\">P\u00e1tek<\/h4>\n\n\n\n<p>Mystick\u00e9 srdce v\u00ed, \u017ee pobl\u00ed\u017e je kolega Ryb\u00e1\u0159, kter\u00fd je v\u017edy k dispozici pro dobrou radu. Stoj\u00ed a l\u00e1k\u00e1 z b\u0159eh\u016f, na okraj\u00edch ka\u017ed\u00e9ho oby\u010dejn\u00e9ho \u017eivota, ka\u017ed\u00e9 nen\u00e1bo\u017eensk\u00e9 chv\u00edle a ka\u017ed\u00e9ho &#8222;sv\u011btsk\u00e9ho&#8220; zam\u011bstn\u00e1n\u00ed.-Richard Rohr<\/p>\n\n\n\n<h1 class=\"wp-block-heading\">Nechat v\u011bci, aby sta\u010dily<\/h1>\n\n\n\n<p>Praktikum dvan\u00e1ct\u00e9ho t\u00fddne<\/p>\n\n\n\n<p><em>Otec Richard popisuje, jak ho &#8222;naz\u00edr\u00e1n\u00ed&#8220; p\u0159iv\u00e1d\u00ed do kontaktu s Bohem ve v\u0161ech v\u011bcech:<\/em><\/p>\n\n\n\n<h4 class=\"wp-block-heading\">Modlitba naz\u00edr\u00e1n\u00ed<\/h4>\n\n\n\n<p>Jak n\u011bkte\u0159\u00ed z v\u00e1s v\u011bd\u00ed, p\u0159e\u0161el jsem na formu modlitby, kterou naz\u00fdv\u00e1m &#8222;naz\u00edr\u00e1n\u00ed&#8220; &#8211; naz\u00edr\u00e1n\u00ed bez posuzov\u00e1n\u00ed, bez anal\u00fdzy, bez kritiky. V\u010dera odpoledne, za pom\u011brn\u011b m\u00edrn\u00e9ho zimn\u00edho dne v Albuquerque, jsem vzal sv\u00e9ho psa Opieho na malou proch\u00e1zku. Na druh\u00e9m konci parkovi\u0161t\u011b je lavi\u010dka, tak jsem si tam sedl. Opie vysko\u010dil vedle m\u011b a jen jsme tam spolu koukali asi od 15:00 do t\u00e9m\u011b\u0159 16:30 hodin.<\/p>\n\n\n\n<h4 class=\"wp-block-heading\">Naz\u00edral jsem popraskan\u00fd asfalt<\/h4>\n\n\n\n<p>V\u011b\u0159\u00edm, \u017ee z\u00edr\u00e1n\u00ed je forma modlitby, kter\u00e1 n\u00e1s nech\u00e1v\u00e1 \u017easnout nad v\u011bcmi, kter\u00e9 nemaj\u00ed pr\u00e1vo vzbuzovat \u00factu. D\u00edval jsem se na popraskan\u00fd asfalt. Tady to je. Pro\u010d tam je? Nev\u00edm pro\u010d, ale u\u017e jen to, \u017ee tam je, m\u011b p\u0159im\u011blo si jej zamilovat, ocenit jej, pod\u011bkovat mu.<\/p>\n\n\n\n<h4 class=\"wp-block-heading\">Naz\u00edral jsem t\u0159i popelnice<\/h4>\n\n\n\n<p>Tot\u00e9\u017e jsem ud\u011blal se t\u0159emi popelnicemi na parkovi\u0161ti. Opravdu! Byly o\u0161kliv\u00e9 a polepen\u00e9 graffiti. Na\u0161t\u011bst\u00ed bylo p\u0159\u00edmo na jejich p\u0159edn\u00ed stran\u011b naps\u00e1no: &#8222;Miluju t\u011b!&#8220;. Sm\u011brem k m\u00e9mu domu je mal\u00e9 graffiti s n\u00e1pisem: &#8222;Miluju t\u011b!&#8220;. Pod\u00edval jsem se i na o\u0161unt\u011blou linii plotu, potrhanou a opravenou. D\u00edval jsem se na n\u011bj, dokud nebyl alespo\u0148 trochu kr\u00e1sn\u00fd. To se d\u011blo celou hodinu a p\u016fl.<\/p>\n\n\n\n<h4 class=\"wp-block-heading\">Rozhodl jsem se vid\u011bt ve v\u0161em kr\u00e1su<\/h4>\n\n\n\n<p>Bylo to prost\u011b kr\u00e1sn\u00e9, proto\u017ee jsem to nechal b\u00fdt kr\u00e1sn\u00e9, nebo B\u016fh to nechal b\u00fdt kr\u00e1sn\u00e9. Nehledal jsem odpov\u011bdi, byl jsem jen p\u0159e\u017evykuj\u00edc\u00ed mysl, d\u00edval jsem se, a \u010d\u00edm v\u00edc jsem se d\u00edval bez posuzov\u00e1n\u00ed, bez anal\u00fdzy, bez kritiky, t\u00edm kr\u00e1sn\u011bj\u0161\u00ed v\u0161echno bylo.<\/p>\n\n\n\n<h4 class=\"wp-block-heading\">Rozhodl jsem se obdivovat nahotu \u017eivota<\/h4>\n\n\n\n<p>Nem\u011bli jsme jednu z na\u0161ich hlubok\u00fdch, modr\u00fdch obloh Nov\u00e9ho Mexika. Byla bled\u011b modr\u00e1, ale hezk\u00e1, a to sta\u010dilo. Bylo to v\u0161echno v\u00edc ne\u017e dost. Nahota \u017eivota se ve sv\u00e9 nahot\u011b st\u00e1v\u00e1 dostate\u010dnou, a dokonce p\u0159in\u00e1\u0161\u00ed jakousi chv\u00e1lu.<\/p>\n\n\n\n<p>P\u0159e\u010dt\u011bte si tuto meditaci na cac.org.<\/p>\n","protected":false},"excerpt":{"rendered":"<p>Jak n\u011bkte\u0159\u00ed z v\u00e1s v\u011bd\u00ed, p\u0159e\u0161el jsem na formu modlitby, kterou naz\u00fdv\u00e1m &#8222;naz\u00edr\u00e1n\u00ed&#8220; &#8211; naz\u00edr\u00e1n\u00ed bez posuzov\u00e1n\u00ed, bez anal\u00fdzy, bez kritiky. V\u010dera odpoledne, za pom\u011brn\u011b m\u00edrn\u00e9ho zimn\u00edho dne v Albuquerque, jsem vzal sv\u00e9ho psa Opieho na malou proch\u00e1zku. Na druh\u00e9m konci parkovi\u0161t\u011b je lavi\u010dka, tak jsem si tam sedl. Opie vysko\u010dil vedle m\u011b a jen jsme tam spolu koukali asi od 15:00 do t\u00e9m\u011b\u0159 16:30 hodin.<\/p>\n","protected":false},"author":1,"featured_media":8488,"comment_status":"open","ping_status":"open","sticky":false,"template":"","format":"standard","meta":{"footnotes":""},"categories":[198],"tags":[1626,390],"class_list":["post-8524","post","type-post","status-publish","format-standard","has-post-thumbnail","hentry","category-richard-rohr-ofm-centrum-pro-zivot-a-rozjimani","tag-modlitba-nairani","tag-mystika","latest_post"],"_links":{"self":[{"href":"https:\/\/www.frantiskani.cz\/index.php\/wp-json\/wp\/v2\/posts\/8524","targetHints":{"allow":["GET"]}}],"collection":[{"href":"https:\/\/www.frantiskani.cz\/index.php\/wp-json\/wp\/v2\/posts"}],"about":[{"href":"https:\/\/www.frantiskani.cz\/index.php\/wp-json\/wp\/v2\/types\/post"}],"author":[{"embeddable":true,"href":"https:\/\/www.frantiskani.cz\/index.php\/wp-json\/wp\/v2\/users\/1"}],"replies":[{"embeddable":true,"href":"https:\/\/www.frantiskani.cz\/index.php\/wp-json\/wp\/v2\/comments?post=8524"}],"version-history":[{"count":1,"href":"https:\/\/www.frantiskani.cz\/index.php\/wp-json\/wp\/v2\/posts\/8524\/revisions"}],"predecessor-version":[{"id":8525,"href":"https:\/\/www.frantiskani.cz\/index.php\/wp-json\/wp\/v2\/posts\/8524\/revisions\/8525"}],"wp:featuredmedia":[{"embeddable":true,"href":"https:\/\/www.frantiskani.cz\/index.php\/wp-json\/wp\/v2\/media\/8488"}],"wp:attachment":[{"href":"https:\/\/www.frantiskani.cz\/index.php\/wp-json\/wp\/v2\/media?parent=8524"}],"wp:term":[{"taxonomy":"category","embeddable":true,"href":"https:\/\/www.frantiskani.cz\/index.php\/wp-json\/wp\/v2\/categories?post=8524"},{"taxonomy":"post_tag","embeddable":true,"href":"https:\/\/www.frantiskani.cz\/index.php\/wp-json\/wp\/v2\/tags?post=8524"}],"curies":[{"name":"wp","href":"https:\/\/api.w.org\/{rel}","templated":true}]}}