{"id":8543,"date":"2024-03-26T07:38:33","date_gmt":"2024-03-26T06:38:33","guid":{"rendered":"https:\/\/www.frantiskani.cz\/?p=8543"},"modified":"2024-03-26T07:38:39","modified_gmt":"2024-03-26T06:38:39","slug":"obetni-beranek-drive-a-nyni","status":"publish","type":"post","link":"https:\/\/www.frantiskani.cz\/index.php\/2024\/03\/26\/obetni-beranek-drive-a-nyni\/","title":{"rendered":"Ob\u011btn\u00ed ber\u00e1nek d\u0159\u00edve a nyn\u00ed"},"content":{"rendered":"\n<h3 class=\"wp-block-heading\">T\u0159in\u00e1ct\u00fd t\u00fdden: Vzor ob\u011btn\u00edho ber\u00e1nka<\/h3>\n\n\n\n<p><em>Otec Richard vysv\u011btluje hebrejsk\u00fd ritu\u00e1l ob\u011btn\u00edho ber\u00e1nka a to, jak se tento vzor projevuje v sekul\u00e1rn\u00edm kontextu i dnes:<\/em><\/p>\n\n\n\n<h4 class=\"wp-block-heading\">Vylou\u010den\u00ed h\u0159\u00ed\u0161n\u00edci \u2013 ego \u201espravedliv\u00fdch\u201c se raduje<\/h4>\n\n\n\n<p>V 16. kapitole knihy Leviticus vid\u00edme brilantn\u00ed ritualizaci toho, \u010demu dnes \u0159\u00edk\u00e1me ob\u011btn\u00ed ber\u00e1nek, a skute\u010dn\u011b bychom m\u011bli d\u00e9monizovan\u00e9ho kozla litovat. V Den sm\u00ed\u0159en\u00ed kn\u011bz vzt\u00e1hl ruce na &#8222;uprchl\u00e9ho&#8220; kozla a vlo\u017eil na zv\u00ed\u0159e v\u0161echny h\u0159\u00edchy Izraelit\u016f z p\u0159edchoz\u00edho roku. Pot\u00e9 byl kozel vyveden na pou\u0161\u0165 a tam ponech\u00e1n. A lid\u00e9 se vraceli dom\u016f s radost\u00ed, stejn\u011b jako to d\u011blali evrop\u0161t\u00ed k\u0159es\u0165an\u00e9 po up\u00e1len\u00ed domn\u011bl\u00e9ho kac\u00ed\u0159e na hranici nebo b\u00edl\u00ed Ameri\u010dan\u00e9 po lyn\u010dov\u00e1n\u00ed \u010dernoch\u016f. Kdykoli je &#8222;h\u0159\u00ed\u0161n\u00edk&#8220; vylou\u010den, na\u0161e ego je pot\u011b\u0161eno a c\u00edt\u00ed \u00falevu a bezpe\u010d\u00ed &#8211; alespo\u0148 na chv\u00edli. Obvykle se iluze jen prohlubuje a st\u00e1v\u00e1 se katatonickou, podm\u00edn\u011bnou a opakovanou &#8211; proto\u017ee ob\u011btn\u00ed ber\u00e1nek samoz\u0159ejm\u011b ve skute\u010dnosti nefungoval, aby odstranil zlo na prvn\u00edm m\u00edst\u011b. [1]&nbsp;<\/p>\n\n\n\n<h4 class=\"wp-block-heading\">Sem\u00ednka evangelia zarostla k\u0159ov\u00edm<\/h4>\n\n\n\n<p>Jako k\u0159es\u0165an v\u011b\u0159\u00edm, \u017ee Je\u017e\u00ed\u0161ova smrt byla historick\u00fdm pr\u016flomem. Nen\u00ed n\u00e1hodou, \u017ee k\u0159es\u0165an\u00e9 datuj\u00ed d\u011bjiny kolem jeho \u017eivota. Pot\u00e9 u\u017e jsme nikdy nemohli vid\u011bt v\u011bci stejn\u00fdm zp\u016fsobem. Sem\u00ednka evangelia byla nav\u017edy zaseta do lidsk\u00fdch d\u011bjin, ale zd\u00e1 se, \u017ee n\u011bkte\u0159\u00ed vyznava\u010di jin\u00fdch n\u00e1bo\u017eenstv\u00ed tato sem\u00ednka &#8222;zal\u00e9vali&#8220; v\u00edce ne\u017e mnoz\u00ed k\u0159es\u0165an\u00e9. Zd\u00e1 se mi, \u017ee k\u0159es\u0165ansk\u00fd Z\u00e1pad byl evangeliem natolik destabilizov\u00e1n, \u017ee musel p\u0159ej\u00edt do &#8222;nads\u00e1zky&#8220;, aby skryl sv\u016fj st\u00edn a zakryl sv\u016fj strach a pot\u0159ebu nen\u00e1vid\u011bt druh\u00e9. To v\u0161e navzdory u\u010den\u00ed j\u00edm ur\u010den\u00e9ho Boha! \u00dast\u0159edn\u00ed Je\u017e\u00ed\u0161ovo poselstv\u00ed o l\u00e1sce k nep\u0159\u00e1tel\u016fm, odpu\u0161t\u011bn\u00ed a p\u00e9\u010di o ty na dn\u011b m\u011blo prakticky znemo\u017enit a u\u010dinit nemysliteln\u00fdm ob\u011btn\u00ed ber\u00e1nky.&nbsp;<\/p>\n\n\n\n<h4 class=\"wp-block-heading\">Mnoz\u00ed k\u0159es\u0165an\u00e9 ud\u011blali ob\u011btn\u00ed ber\u00e1nky z&nbsp;lid\u00ed jin\u00fdch vyzn\u00e1n\u00ed<\/h4>\n\n\n\n<p>Mnoz\u00ed k\u0159es\u0165an\u00e9 s naprostou ironi\u00ed uct\u00edvali v ned\u011bli Je\u017e\u00ed\u0161e jako ob\u011btn\u00edho ber\u00e1nka a v ostatn\u00edch \u0161esti dnech v t\u00fddnu d\u011blali ob\u011btn\u00ed ber\u00e1nky ze \u017eid\u016f, muslim\u016f, jin\u00fdch k\u0159es\u0165ansk\u00fdch vyzn\u00e1n\u00ed, kac\u00ed\u0159\u016f, h\u0159\u00ed\u0161n\u00edk\u016f, pohan\u016f, chud\u00fdch a t\u00e9m\u011b\u0159 v\u0161ech, kte\u0159\u00ed nebyli jako oni. \u010clov\u011bk by si myslel, \u017ee k\u0159es\u0165an\u00e9, kte\u0159\u00ed &#8222;hled\u011bli na toho, kter\u00e9ho probodli&#8220; (Jan 19,37), pochopili, jak \u0161patn\u00e1 m\u016f\u017ee b\u00fdt nadvl\u00e1da, moc a nen\u00e1vist. Syst\u00e9m se naprosto m\u00fdlil, pokud jde o jejich vlastn\u00ed vyvolenou postavu Boha, a p\u0159esto syst\u00e9mu nad\u00e1le d\u016fv\u011b\u0159uj\u00ed.&nbsp;<\/p>\n\n\n\n<h4 class=\"wp-block-heading\">K\u0159es\u0165an\u00e9 za\u010dali sv\u011bt rozd\u011blovat na \u010dist\u00e9 a ne\u010dist\u00e9<\/h4>\n\n\n\n<p>Ob\u011btn\u00ed ber\u00e1nek z\u00e1vis\u00ed na pom\u011brn\u011b sofistikovan\u00e9, ale snadno nau\u010den\u00e9 schopnosti rozd\u011blovat, odd\u011blovat, rozd\u011blovat sv\u011bt na \u010dist\u00fd a ne\u010dist\u00fd. Z antropologick\u00e9ho hlediska za\u010d\u00edn\u00e1 ka\u017ed\u00e9 n\u00e1bo\u017eenstv\u00ed vytvo\u0159en\u00edm &#8222;ne\u010dist\u00e9ho&#8220;. Velmi brzy vznik\u00e1 cel\u00fd mor\u00e1ln\u00ed syst\u00e9m s tabu, tresty, strachem, vinou, a dokonce i kn\u011b\u017estvo, kter\u00e9 jej prosazuje. D\u00e1v\u00e1 n\u00e1m pocit \u0159\u00e1du, kontroly a nad\u0159azenosti, co\u017e je p\u0159esn\u011b to, co ego chce a co mal\u00e9 j\u00e1 vy\u017eaduje.&nbsp;<\/p>\n\n\n\n<h4 class=\"wp-block-heading\">U\u010dil to Je\u017e\u00ed\u0161?<\/h4>\n\n\n\n<p>Je\u017e\u00ed\u0161ova n\u00e1bo\u017eensk\u00e1 genialita spo\u010d\u00edv\u00e1 v tom, \u017ee naprosto odm\u00edt\u00e1 v\u0161echny dluhov\u00e9 kodexy, kodexy \u010distoty a hled\u00e1n\u00ed h\u0159\u00ed\u0161n\u00edk\u016f. Odm\u00edt\u00e1 rozd\u011blov\u00e1n\u00ed sv\u011bta na \u010dist\u00fd a ne\u010dist\u00fd, k velk\u00e9 nelibosti t\u00e9m\u011b\u0159 v\u0161ech &#8211; tehdy i dnes. [2]<\/p>\n\n\n\n<p>P\u0159e\u010dt\u011bte si tuto meditaci na str\u00e1nk\u00e1ch cac.org.<\/p>\n\n\n\n<h6 class=\"wp-block-heading\">Prameny:<\/h6>\n\n\n\n<p class=\"has-small-font-size\">[1] Adapted from Richard Rohr,&nbsp;<em><a href=\"https:\/\/email.cac.org\/t\/d-l-evadd-tlkrhyidn-h\/\">Essential Teachings on Love<\/a>,<\/em>selected by Joelle Chase and Judy Traeger (Maryknoll, NY: Orbis Books, 2018), 128.&nbsp;<\/p>\n\n\n\n<p class=\"has-small-font-size\">[2] Adapted from Richard Rohr,&nbsp;<a href=\"https:\/\/email.cac.org\/t\/d-l-evadd-tlkrhyidn-k\/\"><em>The Wisdom Pattern: Order, Disorder, Reorder<\/em><\/a><em>&nbsp;<\/em>(Cincinnati, OH: Franciscan Media, 2001, 2020), 167\u2013169.&nbsp;<\/p>\n\n\n\n<p class=\"has-small-font-size\"><strong>Image credit:<\/strong>&nbsp;Benjamin Yazza,&nbsp;<em>Untitled&nbsp;<\/em>(detail), New Mexico, 2023, photograph, used with permission.&nbsp;<a href=\"https:\/\/email.cac.org\/t\/d-l-evadd-tlkrhyidn-u\/\">Click here to enlarge image<\/a>.&nbsp;<em>Who do we push outside the circle of our acceptance to sing alone on the branches of a burnt and mangled desert tree<\/em><em>?<\/em><\/p>\n","protected":false},"excerpt":{"rendered":"<p>Je\u017e\u00ed\u0161ova n\u00e1bo\u017eensk\u00e1 genialita spo\u010d\u00edv\u00e1 v tom, \u017ee naprosto odm\u00edt\u00e1 v\u0161echny dluhov\u00e9 kodexy, kodexy \u010distoty a hled\u00e1n\u00ed h\u0159\u00ed\u0161n\u00edk\u016f. Odm\u00edt\u00e1 rozd\u011blov\u00e1n\u00ed sv\u011bta na \u010dist\u00fd a ne\u010dist\u00fd, k velk\u00e9 nelibosti t\u00e9m\u011b\u0159 v\u0161ech &#8211; tehdy i dnes. <\/p>\n","protected":false},"author":1,"featured_media":8534,"comment_status":"open","ping_status":"open","sticky":false,"template":"","format":"standard","meta":{"footnotes":""},"categories":[198],"tags":[1629,361,1628,1543],"class_list":["post-8543","post","type-post","status-publish","format-standard","has-post-thumbnail","hentry","category-richard-rohr-ofm-centrum-pro-zivot-a-rozjimani","tag-cisty-a-necisty","tag-ego","tag-jina-vyznani","tag-obetni-beranek","latest_post"],"_links":{"self":[{"href":"https:\/\/www.frantiskani.cz\/index.php\/wp-json\/wp\/v2\/posts\/8543","targetHints":{"allow":["GET"]}}],"collection":[{"href":"https:\/\/www.frantiskani.cz\/index.php\/wp-json\/wp\/v2\/posts"}],"about":[{"href":"https:\/\/www.frantiskani.cz\/index.php\/wp-json\/wp\/v2\/types\/post"}],"author":[{"embeddable":true,"href":"https:\/\/www.frantiskani.cz\/index.php\/wp-json\/wp\/v2\/users\/1"}],"replies":[{"embeddable":true,"href":"https:\/\/www.frantiskani.cz\/index.php\/wp-json\/wp\/v2\/comments?post=8543"}],"version-history":[{"count":1,"href":"https:\/\/www.frantiskani.cz\/index.php\/wp-json\/wp\/v2\/posts\/8543\/revisions"}],"predecessor-version":[{"id":8544,"href":"https:\/\/www.frantiskani.cz\/index.php\/wp-json\/wp\/v2\/posts\/8543\/revisions\/8544"}],"wp:featuredmedia":[{"embeddable":true,"href":"https:\/\/www.frantiskani.cz\/index.php\/wp-json\/wp\/v2\/media\/8534"}],"wp:attachment":[{"href":"https:\/\/www.frantiskani.cz\/index.php\/wp-json\/wp\/v2\/media?parent=8543"}],"wp:term":[{"taxonomy":"category","embeddable":true,"href":"https:\/\/www.frantiskani.cz\/index.php\/wp-json\/wp\/v2\/categories?post=8543"},{"taxonomy":"post_tag","embeddable":true,"href":"https:\/\/www.frantiskani.cz\/index.php\/wp-json\/wp\/v2\/tags?post=8543"}],"curies":[{"name":"wp","href":"https:\/\/api.w.org\/{rel}","templated":true}]}}