{"id":8575,"date":"2024-04-01T09:13:33","date_gmt":"2024-04-01T07:13:33","guid":{"rendered":"https:\/\/www.frantiskani.cz\/?p=8575"},"modified":"2024-04-01T09:26:36","modified_gmt":"2024-04-01T07:26:36","slug":"univerzalni-vzor","status":"publish","type":"post","link":"https:\/\/www.frantiskani.cz\/index.php\/2024\/04\/01\/univerzalni-vzor\/","title":{"rendered":"Univerz\u00e1ln\u00ed vzor"},"content":{"rendered":"\n<h6 class=\"wp-block-heading\">\u010ctrn\u00e1ct\u00fd t\u00fdden: V\u00edra ve vzk\u0159\u00ed\u0161en\u00ed<\/h6>\n\n\n\n<p><em>Richard Rohr ozna\u010duje smrt a vzk\u0159\u00ed\u0161en\u00ed za univerz\u00e1ln\u00ed vzor Skute\u010dnosti:<\/em><\/p>\n\n\n\n<h4 class=\"wp-block-heading\">Duchovn\u00ed transformace \u2013 smrt a vzk\u0159\u00ed\u0161en\u00ed<\/h4>\n\n\n\n<p>K\u0159es\u0165anstv\u00ed &#8211; stejn\u011b jako buddhismus, dal\u0161\u00ed n\u00e1bo\u017eenstv\u00ed a syst\u00e9my zalo\u017een\u00e9 na p\u0159\u00edrod\u011b &#8211; nazna\u010duje, \u017ee vzor prom\u011bny, vzor, kter\u00fd spojuje, vzor \u017eivota, kter\u00fd n\u00e1m Realita nab\u00edz\u00ed, nen\u00ed vyhnut\u00ed se smrti, ale v\u017edy prom\u011bna smrti. Jin\u00fdmi slovy, jedin\u00fdm d\u016fv\u011bryhodn\u00fdm vzorem duchovn\u00ed transformace je smrt a vzk\u0159\u00ed\u0161en\u00ed. K\u0159es\u0165an\u00e9 se u\u010d\u00ed podstupovat zkou\u0161ky, proto\u017ee Je\u017e\u00ed\u0161 n\u00e1m \u0159ekl, \u017ee mus\u00edme &#8222;n\u00e9st k\u0159\u00ed\u017e&#8220; spolu s n\u00edm (Mt 16,24; Mk 8,34; L 14,27). Buddhist\u00e9 to d\u011blaj\u00ed, proto\u017ee Buddha zcela p\u0159\u00edmo \u0159ekl, \u017ee &#8222;\u017eivot je utrpen\u00ed&#8220;. Buddhismus n\u00e1s u\u010d\u00ed, jak dovedn\u011b rozeznat zdroj utrpen\u00ed, odpoutat se od sv\u00fdch o\u010dek\u00e1v\u00e1n\u00ed a z\u00e1\u0161ti a zbavit se iluz\u00ed.<\/p>\n\n\n\n<h4 class=\"wp-block-heading\">Poka\u017ed\u00e9 jde o volbu a krok do hlub\u0161\u00ed \u00farovn\u011b<\/h4>\n\n\n\n<p>Smrt a \u017eivot jsou dv\u011b strany t\u00e9\u017ee mince; nem\u016f\u017eeme m\u00edt jednu bez druh\u00e9. Poka\u017ed\u00e9, kdy\u017e se rozhodneme odevzdat, poka\u017ed\u00e9, kdy\u017e d\u016fv\u011b\u0159ujeme um\u00edraj\u00edc\u00edmu, je na\u0161e v\u00edra vedena na hlub\u0161\u00ed \u00farove\u0148 a my pod n\u00ed objevujeme V\u011bt\u0161\u00ed J\u00e1. Rozhodneme se netla\u010dit se do p\u0159edn\u00ed \u0159ady a v zadn\u00ed \u0159ad\u011b se stane n\u011bco mnohem lep\u0161\u00edho. Opust\u00edme narcistick\u00fd hn\u011bv a zjist\u00edme, \u017ee se za\u010d\u00edn\u00e1me c\u00edtit mnohem \u0161\u0165astn\u011bj\u0161\u00ed. Vzd\u00e1me se pot\u0159eby ovl\u00e1dat sv\u00e9ho partnera a vztah kone\u010dn\u011b rozkvete. Poka\u017ed\u00e9 je to v\u0161ak volba &#8211; a poka\u017ed\u00e9 je to druh um\u00edr\u00e1n\u00ed. Zd\u00e1 se, \u017ee pozn\u00e1me, co je \u017eivot, a\u017e kdy\u017e v\u00edme, co je smrt.<\/p>\n\n\n\n<h4 class=\"wp-block-heading\">\u017d\u00edt je pro m\u011b Kristus a zem\u0159\u00edt je zisk (sv.Pavel)<\/h4>\n\n\n\n<p>Mystici a velc\u00ed sv\u011btci byli ti, kte\u0159\u00ed se nau\u010dili d\u016fv\u011b\u0159ovat a p\u0159ipustit tento vzorec a \u010dasto \u0159\u00edkali v podstat\u011b: &#8222;Co jsem kdy ztratil t\u00edm, \u017ee jsem zem\u0159el?&#8220;. Nebo zkuste slavnou Pavlovu v\u011btu: &#8222;\u017d\u00edt je pro m\u011b Kristus a zem\u0159\u00edt je zisk&#8220; (Filipsk\u00fdm 1,21). Nyn\u00ed dokonce i v\u011bdeck\u00e9 studie odhaluj\u00ed stejn\u00fd univerz\u00e1ln\u00ed vzorec. V\u011bci se m\u011bn\u00ed a rostou t\u00edm, \u017ee um\u00edraj\u00ed a\u017e do sv\u00e9ho sou\u010dasn\u00e9ho stavu, ale poka\u017ed\u00e9 je to riziko. V\u017edy se pt\u00e1me: &#8222;Bude to tentokr\u00e1t fungovat?&#8220;.<\/p>\n\n\n\n<h4 class=\"wp-block-heading\">Neust\u00e1l\u00fd pohyb ztr\u00e1ty a obnovy<\/h4>\n\n\n\n<p>Tolik v\u011bdeck\u00fdch discipl\u00edn se spojuje, ka\u017ed\u00e1 sv\u00fdm zp\u016fsobem, aby \u0159ekly, \u017ee v tomto sv\u011bt\u011b na v\u0161ech \u00farovn\u00edch prob\u00edh\u00e1 neust\u00e1l\u00fd pohyb ztr\u00e1ty a obnovy. Zd\u00e1 se, \u017ee je to vzorec ve\u0161ker\u00e9ho r\u016fstu a v\u00fdvoje. B\u00fdt na\u017eivu znamen\u00e1 odevzdat se tomuto nevyhnuteln\u00e9mu proud\u011bn\u00ed. Je to stejn\u00fd vzorec v ka\u017ed\u00e9m atomu, v ka\u017ed\u00e9m lidsk\u00e9m vztahu i v ka\u017ed\u00e9 galaxii. Domorod\u00e9 n\u00e1rody, hinduisti\u010dt\u00ed guruov\u00e9, Buddha, Moj\u017e\u00ed\u0161, Mohamed a Je\u017e\u00ed\u0161 &#8211; ti v\u0161ichni to v lidsk\u00fdch d\u011bjin\u00e1ch jasn\u011b vid\u011bli a pojmenovali to jako druh &#8222;nutn\u00e9ho um\u00edr\u00e1n\u00ed&#8220;.<\/p>\n\n\n\n<h4 class=\"wp-block-heading\">Opustit a z\u00edskat hlub\u0161\u00ed<\/h4>\n\n\n\n<p>Pokud je tento vzorec pravdiv\u00fd, platil v\u017edy a v\u0161ude. Takov\u00e9 vid\u011bn\u00ed neza\u010dalo teprve p\u0159ed dv\u011bma tis\u00edci lety. Ka\u017ed\u00fd z n\u00e1s se mus\u00ed nau\u010dit opustit n\u011bco men\u0161\u00edho, aby se mohlo st\u00e1t n\u011bco v\u011bt\u0161\u00edho. Ale to nen\u00ed n\u00e1bo\u017eenstv\u00ed &#8211; je to vysoce viditeln\u00e1 pravda. Je to zp\u016fsob, jak\u00fdm funguje realita.<\/p>\n\n\n\n<p>P\u0159e\u010dt\u011bte si tuto meditaci na webu cac.org.<\/p>\n\n\n\n<h6 class=\"wp-block-heading\">Prameny:<\/h6>\n\n\n\n<p class=\"has-small-font-size\">Adapted from Richard Rohr,&nbsp;<a href=\"https:\/\/email.cac.org\/t\/d-l-egldiy-itiuujuudy-h\/\"><em>The Universal Christ: How a Forgotten Reality Can Change Everything We See, Hope for, and Believe<\/em><\/a>&nbsp;(New York: Convergent, 2019, 2021), 218\u2013219.&nbsp;<\/p>\n\n\n\n<p class=\"has-small-font-size\"><strong>Image credit:<\/strong>&nbsp;Jenna Keiper, Untitled (detail), Washington, 2020, photograph, used with permission.&nbsp;<a href=\"https:\/\/email.cac.org\/t\/d-l-egldiy-itiuujuudy-k\/\">Click here to enlarge image.<\/a>&nbsp;<em>The first rays of sun caressing our faces remind us of the importance of new beginnings, of waiting, of awe.<\/em><\/p>\n","protected":false},"excerpt":{"rendered":"<p>smrt a vzk\u0159\u00ed\u0161en\u00ed: Tolik v\u011bdeck\u00fdch discipl\u00edn se spojuje, ka\u017ed\u00e1 sv\u00fdm zp\u016fsobem, aby \u0159ekly, \u017ee v tomto sv\u011bt\u011b na v\u0161ech \u00farovn\u00edch prob\u00edh\u00e1 neust\u00e1l\u00fd pohyb ztr\u00e1ty a obnovy. Zd\u00e1 se, \u017ee je to vzorec ve\u0161ker\u00e9ho r\u016fstu a v\u00fdvoje. B\u00fdt na\u017eivu znamen\u00e1 odevzdat se tomuto nevyhnuteln\u00e9mu proud\u011bn\u00ed. Je to stejn\u00fd vzorec v ka\u017ed\u00e9m atomu, v ka\u017ed\u00e9m lidsk\u00e9m vztahu i v ka\u017ed\u00e9 galaxii.<\/p>\n","protected":false},"author":1,"featured_media":8571,"comment_status":"open","ping_status":"open","sticky":false,"template":"","format":"standard","meta":{"footnotes":""},"categories":[198],"tags":[314,1635],"class_list":["post-8575","post","type-post","status-publish","format-standard","has-post-thumbnail","hentry","category-richard-rohr-ofm-centrum-pro-zivot-a-rozjimani","tag-kristus","tag-ztraty-a-obnova","latest_post"],"_links":{"self":[{"href":"https:\/\/www.frantiskani.cz\/index.php\/wp-json\/wp\/v2\/posts\/8575","targetHints":{"allow":["GET"]}}],"collection":[{"href":"https:\/\/www.frantiskani.cz\/index.php\/wp-json\/wp\/v2\/posts"}],"about":[{"href":"https:\/\/www.frantiskani.cz\/index.php\/wp-json\/wp\/v2\/types\/post"}],"author":[{"embeddable":true,"href":"https:\/\/www.frantiskani.cz\/index.php\/wp-json\/wp\/v2\/users\/1"}],"replies":[{"embeddable":true,"href":"https:\/\/www.frantiskani.cz\/index.php\/wp-json\/wp\/v2\/comments?post=8575"}],"version-history":[{"count":1,"href":"https:\/\/www.frantiskani.cz\/index.php\/wp-json\/wp\/v2\/posts\/8575\/revisions"}],"predecessor-version":[{"id":8576,"href":"https:\/\/www.frantiskani.cz\/index.php\/wp-json\/wp\/v2\/posts\/8575\/revisions\/8576"}],"wp:featuredmedia":[{"embeddable":true,"href":"https:\/\/www.frantiskani.cz\/index.php\/wp-json\/wp\/v2\/media\/8571"}],"wp:attachment":[{"href":"https:\/\/www.frantiskani.cz\/index.php\/wp-json\/wp\/v2\/media?parent=8575"}],"wp:term":[{"taxonomy":"category","embeddable":true,"href":"https:\/\/www.frantiskani.cz\/index.php\/wp-json\/wp\/v2\/categories?post=8575"},{"taxonomy":"post_tag","embeddable":true,"href":"https:\/\/www.frantiskani.cz\/index.php\/wp-json\/wp\/v2\/tags?post=8575"}],"curies":[{"name":"wp","href":"https:\/\/api.w.org\/{rel}","templated":true}]}}