{"id":8666,"date":"2024-04-20T21:41:06","date_gmt":"2024-04-20T19:41:06","guid":{"rendered":"https:\/\/www.frantiskani.cz\/?p=8666"},"modified":"2024-04-20T21:41:14","modified_gmt":"2024-04-20T19:41:14","slug":"umeni-a-kontemplace","status":"publish","type":"post","link":"https:\/\/www.frantiskani.cz\/index.php\/2024\/04\/20\/umeni-a-kontemplace\/","title":{"rendered":"Um\u011bn\u00ed a kontemplace"},"content":{"rendered":"\n<h6 class=\"wp-block-heading\">\u00a0Shrnut\u00ed \u0161estn\u00e1ct\u00e9ho t\u00fddne 14. dubna &#8211; 19. dubna 2024<\/h6>\n\n\n\n<h4 class=\"wp-block-heading\">Ned\u011ble<\/h4>\n\n\n\n<p>Bo\u017esk\u00e9 se uj\u00edm\u00e1 veden\u00ed p\u0159i zm\u011bn\u011b m\u00edsta. Um\u011blci maj\u00ed mo\u017en\u00e1 k tomuto Tajemstv\u00ed snaz\u0161\u00ed p\u0159\u00edstup ne\u017e mnoz\u00ed teologov\u00e9.\u00a0-Richard Rohr<\/p>\n\n\n\n<h4 class=\"wp-block-heading\">Pond\u011bl\u00ed<\/h4>\n\n\n\n<p>Um\u011bn\u00ed je p\u0159\u00edli\u0161 \u010dasto pova\u017eov\u00e1no za dekorativn\u00ed, a p\u0159itom je podstatn\u011b v\u00edc ne\u017e to. Zab\u00fdvat se um\u011bn\u00edm znamen\u00e1, \u017ee mus\u00edme zpomalit, abychom umo\u017enili vstup nov\u00e9 zku\u0161enosti, ke kter\u00e9 mo\u017en\u00e1 nelze p\u0159istoupit jin\u00fdm zp\u016fsobem.\u00a0-Lourdes Bernard<\/p>\n\n\n\n<h4 class=\"wp-block-heading\">\u00dater\u00fd<\/h4>\n\n\n\n<p>Um\u011bn\u00ed tak\u00e9 raz\u00ed cesty k na\u0161im vnit\u0159n\u00edm ostr\u016fvk\u016fm spirituality. Kdy\u017e se rozhodneme \u017e\u00edt pouze ve sv\u00e9 hlav\u011b, izolujeme se od Boha, kter\u00fd je bl\u00ed\u017e ne\u017e n\u00e1\u0161 dal\u0161\u00ed n\u00e1dech. Obnoven\u00ed \u00fa\u017easu je za\u010d\u00e1tkem vnit\u0159n\u00ed cesty k Bohu.\u00a0-Barbara A. Holmesov\u00e1<\/p>\n\n\n\n<h4 class=\"wp-block-heading\">St\u0159eda<\/h4>\n\n\n\n<p>Inspirace je ve vzduchu a usazuje se na lidech bez ohledu na jejich barvu pleti, soci\u00e1ln\u00ed p\u016fvod nebo \u00farove\u0148 vzd\u011bl\u00e1n\u00ed. Kolik negramotn\u00fdch um\u011blc\u016f se objevilo v [Braz\u00edlii], v okrajov\u00fdch komunit\u00e1ch, a nikdo si jich nev\u0161iml? Chv\u00e1st\u00e1n\u00ed nen\u00ed cestou Ducha.\u00a0-Leonardo Boff<\/p>\n\n\n\n<h4 class=\"wp-block-heading\">\u010ctvrtek<\/h4>\n\n\n\n<p>Jde o to, abychom si dovolili st\u00e1t se n\u00e1dobou pro um\u011bleck\u00e9 d\u00edlo a nechali toto d\u00edlo v\u00e9st na\u0161e ruce. Jakmile tak u\u010din\u00edme, souhlas\u00edme s posv\u00e1tn\u00fdm dobrodru\u017estv\u00edm. \u0158\u00edk\u00e1me ano transcendentn\u00ed a zt\u011blesn\u011bn\u00e9 p\u0159\u00edtomnosti svat\u00e9ho.\u00a0-Mirabai Starr<\/p>\n\n\n\n<h4 class=\"wp-block-heading\">P\u00e1tek<\/h4>\n\n\n\n<p>Velk\u00e9 um\u011bn\u00ed a velk\u00fd m\u00fdtus se v n\u00e1s sna\u017e\u00ed vyvolat proz\u0159en\u00ed. Cht\u011bj\u00ed n\u00e1m d\u00e1t p\u0159irozen\u00fd a p\u016fvodn\u00ed smysl pro svatost. Nut\u00ed n\u00e1s pokleknout a pol\u00edbit zem.-Richard Rohr\u00a0<\/p>\n\n\n\n<h1 class=\"wp-block-heading\">Tanec jako duchovn\u00ed praxe<\/h1>\n\n\n\n<h6 class=\"wp-block-heading\">Praxe \u0161estn\u00e1ct\u00e9ho t\u00fddne<\/h6>\n\n\n\n<p><em>V posledn\u00edm \u010d\u00edsle \u010dasopisu Oneing p\u00ed\u0161e pracovnice CAC a tane\u010dnice Jenna Keiperov\u00e1 o l\u00e9\u010div\u00e9 moudrosti zt\u011blesn\u011bn\u00e9ho pohybu:<\/em><\/p>\n\n\n\n<h4 class=\"wp-block-heading\">Komunitn\u00ed tanec<\/h4>\n\n\n\n<p>Moji p\u0159edkov\u00e9, divoc\u00ed sourozenci star\u00fdch dubov\u00fdch les\u016f a rud\u00ed poutn\u00edci v\u011btrn\u00fdch vrchol\u016f, znali spole\u010dn\u00fd rytmick\u00fd pohyb. V\u0161echna na\u0161e p\u016fvodn\u00ed domorod\u00e1 spole\u010denstv\u00ed &#8211; pokud je n\u00e1m zn\u00e1mo &#8211; tan\u010dila v komunitn\u00edch ritu\u00e1lech, aby se vyrovnala s hr\u016fzou a \u00factou lidsk\u00e9ho \u017eivota. [1] Antropologov\u00e9 na cel\u00e9m sv\u011bt\u011b zjistili, \u017ee praxe spole\u010dn\u00e9ho tance je fascinuj\u00edc\u00ed svou p\u0159edv\u00eddatelnost\u00ed. Je to tak velmi &#8230; lidsk\u00e9. Lid\u00e9 m\u011bli po celou dobu odpov\u011bdi, kter\u00e9 dne\u0161n\u00ed v\u011bdci &#8222;objevuj\u00ed&#8220;, vepsan\u00e9 v na\u0161ich komunitn\u00edch rytmech. Mo\u017en\u00e1 by bylo moudr\u00e9 jim naslouchat.&nbsp;<\/p>\n\n\n\n<h4 class=\"wp-block-heading\">pohyb va\u0161\u00edm rodn\u00fdm pr\u00e1vem<\/h4>\n\n\n\n<p>Nezapome\u0148te, \u017ee elektrony \u0161eptaj\u00ed, kdy\u017e se hudba zpomaluje, nezapome\u0148te. Spole\u010dn\u011b se na\u0161e t\u011bla zklid\u0148uj\u00ed a zjem\u0148uj\u00ed. Mnoh\u00e1 T\u011bla vedou sv\u00e9 Du\u0161e do poloh na podlaze. Krout\u00edme se a houpeme, n\u00e1\u0161 dech se zpomaluje, spole\u010dn\u011b. Pamatuj&#8230;.&nbsp;<\/p>\n\n\n\n<p>Boha v zemi. B\u016fh ve stromech. B\u016fh ve mn\u011b sam\u00e9m. Vt\u011blen\u00fd B\u016fh. Promlouv\u00e1 skrze ka\u017ed\u00e9 T\u011blo, a tak je pozv\u00e1n\u00ed adresov\u00e1no ka\u017ed\u00e9mu T\u011blu: \u0160ediv\u00e9 vlasy, neokoukan\u00e9 tv\u00e1\u0159e, ztuhl\u00e9 klouby, pru\u017en\u00e9 svaly. Vysok\u00e9 i n\u00edzk\u00e9 a s v\u011bt\u0161\u00edm t\u011blem. Pomal\u00e9, rychl\u00e9, t\u011bhotn\u00e9, um\u00edraj\u00edc\u00ed. Sama ve sv\u00e9m pokoji nebo na podlaze ve spole\u010denstv\u00ed. Pokud m\u00e1te T\u011blo, kter\u00e9 se jak\u00fdmkoli zp\u016fsobem h\u00fdbe, pak je pohyb va\u0161\u00edm rodn\u00fdm pr\u00e1vem. A pokud se va\u0161e T\u011blo u\u017e pohybovat nem\u016f\u017ee, pak najdeme zp\u016fsob, jak se pohybovat v energii s v\u00e1mi. V\u00edtejte, spolucestuj\u00edc\u00ed. Tam, kde se slova vytr\u00e1cej\u00ed, promlouv\u00e1 T\u011blo.&nbsp;<\/p>\n\n\n\n<p>Z\u00e1hada za z\u00e1hadou.&nbsp;<\/p>\n\n\n\n<p>P\u0159e\u010dt\u011bte si tuto meditaci na cac.org.<\/p>\n\n\n\n<h6 class=\"wp-block-heading\">Prameny:<\/h6>\n\n\n\n<p class=\"has-small-font-size\">[1] See Bessel A. van der Kolk,&nbsp;<em>The Body Keeps the Score: Brain, Mind, and Body in the Healing of Trauma<\/em>&nbsp;(New York: Viking, 2014), 331\u2013332.&nbsp;&nbsp;<\/p>\n\n\n\n<p class=\"has-small-font-size\">Jenna Keiper, \u201cWhen Body Speaks: On Dance as Spiritual Practice,\u201d&nbsp;<em>Oneing<\/em>&nbsp;12, no. 1,&nbsp;<em>Art and Spirituality<\/em>&nbsp;(Spring 2024): 84\u201385, 86.\u202f<a href=\"https:\/\/email.cac.org\/t\/d-l-eyulhtl-tlkrhyidn-x\/\">Available in print<\/a>&nbsp;and&nbsp;<a href=\"https:\/\/email.cac.org\/t\/d-l-eyulhtl-tlkrhyidn-m\/\">PDF download<\/a>.&nbsp;<\/p>\n\n\n\n<p class=\"has-small-font-size\"><strong>Image credit:<\/strong>&nbsp;Benjamin Yazza, Untitled (detail), New Mexico, 2023, photo, used with permission.&nbsp;<a href=\"https:\/\/email.cac.org\/t\/d-l-eyulhtl-tlkrhyidn-c\/\">Click here to enlarge image.<\/a>&nbsp;<em>What draws us when we gaze on an image? Here we see movement, flow, and artistry in natural wood.<\/em><\/p>\n","protected":false},"excerpt":{"rendered":"<p>Moji p\u0159edkov\u00e9, divoc\u00ed sourozenci star\u00fdch dubov\u00fdch les\u016f a rud\u00ed poutn\u00edci v\u011btrn\u00fdch vrchol\u016f, znali spole\u010dn\u00fd rytmick\u00fd pohyb. V\u0161echna na\u0161e p\u016fvodn\u00ed domorod\u00e1 spole\u010denstv\u00ed &#8211; pokud je n\u00e1m zn\u00e1mo &#8211; tan\u010dila v komunitn\u00edch ritu\u00e1lech, aby se vyrovnala s hr\u016fzou a \u00factou lidsk\u00e9ho \u017eivota. <\/p>\n","protected":false},"author":1,"featured_media":8635,"comment_status":"open","ping_status":"open","sticky":false,"template":"","format":"standard","meta":{"footnotes":""},"categories":[198],"tags":[1659],"class_list":["post-8666","post","type-post","status-publish","format-standard","has-post-thumbnail","hentry","category-richard-rohr-ofm-centrum-pro-zivot-a-rozjimani","tag-umeni-a-kontemplace","latest_post"],"_links":{"self":[{"href":"https:\/\/www.frantiskani.cz\/index.php\/wp-json\/wp\/v2\/posts\/8666","targetHints":{"allow":["GET"]}}],"collection":[{"href":"https:\/\/www.frantiskani.cz\/index.php\/wp-json\/wp\/v2\/posts"}],"about":[{"href":"https:\/\/www.frantiskani.cz\/index.php\/wp-json\/wp\/v2\/types\/post"}],"author":[{"embeddable":true,"href":"https:\/\/www.frantiskani.cz\/index.php\/wp-json\/wp\/v2\/users\/1"}],"replies":[{"embeddable":true,"href":"https:\/\/www.frantiskani.cz\/index.php\/wp-json\/wp\/v2\/comments?post=8666"}],"version-history":[{"count":1,"href":"https:\/\/www.frantiskani.cz\/index.php\/wp-json\/wp\/v2\/posts\/8666\/revisions"}],"predecessor-version":[{"id":8667,"href":"https:\/\/www.frantiskani.cz\/index.php\/wp-json\/wp\/v2\/posts\/8666\/revisions\/8667"}],"wp:featuredmedia":[{"embeddable":true,"href":"https:\/\/www.frantiskani.cz\/index.php\/wp-json\/wp\/v2\/media\/8635"}],"wp:attachment":[{"href":"https:\/\/www.frantiskani.cz\/index.php\/wp-json\/wp\/v2\/media?parent=8666"}],"wp:term":[{"taxonomy":"category","embeddable":true,"href":"https:\/\/www.frantiskani.cz\/index.php\/wp-json\/wp\/v2\/categories?post=8666"},{"taxonomy":"post_tag","embeddable":true,"href":"https:\/\/www.frantiskani.cz\/index.php\/wp-json\/wp\/v2\/tags?post=8666"}],"curies":[{"name":"wp","href":"https:\/\/api.w.org\/{rel}","templated":true}]}}