{"id":8668,"date":"2024-04-21T08:41:34","date_gmt":"2024-04-21T06:41:34","guid":{"rendered":"https:\/\/www.frantiskani.cz\/?p=8668"},"modified":"2024-04-21T08:41:37","modified_gmt":"2024-04-21T06:41:37","slug":"probihajici-rozhovor","status":"publish","type":"post","link":"https:\/\/www.frantiskani.cz\/index.php\/2024\/04\/21\/probihajici-rozhovor\/","title":{"rendered":"\u00a0Prob\u00edhaj\u00edc\u00ed rozhovor"},"content":{"rendered":"\n<h6 class=\"wp-block-heading\">Sedmn\u00e1ct\u00fd t\u00fdden: Naslouch\u00e1n\u00ed stvo\u0159en\u00ed<\/h6>\n\n\n\n<p><em>Ud\u011blejme prvn\u00ed krok na cest\u011b k vzestupu a p\u0159edstavme si cel\u00fd hmotn\u00fd sv\u011bt jako zrcadlo, kter\u00fdm m\u016f\u017eeme proj\u00edt k Bohu, nejvy\u0161\u0161\u00edmu Tv\u016frci.<\/em><\/p>\n\n\n\n<p><em>-Bonaventura, Cesta du\u0161e k Bohu 1.9<\/em><\/p>\n\n\n\n<p><em>Svou hlubokou \u00factu ke sv\u011btu p\u0159\u00edrody nach\u00e1z\u00ed otec Richard ve sv\u00e9 franti\u0161k\u00e1nsk\u00e9 tradici.&nbsp;&nbsp;<\/em><\/p>\n\n\n\n<h4 class=\"wp-block-heading\">Franti\u0161ek zcela nalad\u011bn\u00fd na Bo\u017e\u00ed p\u0159\u00edtomnost v\u017edy a v\u0161ude<\/h4>\n\n\n\n<p>P\u0159\u00edb\u011bhy ze \u017eivota Franti\u0161ka z Assisi (1182-1226) popisuj\u00ed, jak rozmlouval se zv\u00ed\u0159aty a p\u0159\u00edrodn\u00edmi \u017eivly. Nemluv\u00ed s nimi jen jako s pt\u00e1ky nebo vlky, ale jako se vz\u00e1jemn\u00fdmi duchovn\u00edmi bytostmi, kter\u00e9 jsou hodny osloven\u00ed. V\u017edy jim \u0159\u00edkal, kdo jsou, pro\u010d by m\u011bli b\u00fdt \u0161\u0165astn\u00ed a pro\u010d d\u011blaj\u00ed radost jemu. Jeden z jeho prvn\u00edch \u017eivotopisc\u016f napsal: &#8222;My, kte\u0159\u00ed jsme byli s n\u00edm, jsme ho v\u017edy vid\u011bli v takov\u00e9 vnit\u0159n\u00ed i vn\u011bj\u0161\u00ed radosti nad v\u0161emi tvory, jak se jich dot\u00fdk\u00e1 a jak se na n\u011b d\u00edv\u00e1, tak\u017ee se zd\u00e1lo, \u017ee jeho duch u\u017e nen\u00ed na zemi, ale v nebi.&#8220; [1] Na\u0161im modern\u00edm u\u0161\u00edm to m\u016f\u017ee zn\u00edt sentiment\u00e1ln\u011b, ale mo\u017en\u00e1 pr\u00e1v\u011b tak vypad\u00e1 sv\u011btec &#8211; zcela nalad\u011bn\u00fd na Bo\u017e\u00ed p\u0159\u00edtomnost v\u017edy a v\u0161ude. [2]<\/p>\n\n\n\n<h4 class=\"wp-block-heading\">Ve\u0161ker\u00e9 stvo\u0159en\u00ed je mu bratrem a sestrou<\/h4>\n\n\n\n<p>Franti\u0161ek mluvil se sk\u0159ivany, ber\u00e1nky, kr\u00e1l\u00edky, ba\u017eanty, sokoly, cik\u00e1dami, vodn\u00edm ptactvem, v\u010delami, slavn\u00fdm vlkem z Gubbia, prasaty a rybami s h\u00e1\u010dky, kter\u00e9 h\u00e1zel zp\u011bt do vody, kdykoli to bylo mo\u017en\u00e9, nebo o nich mluvil. Oslovuje i ne\u017eiv\u00e9 stvo\u0159en\u00ed, jako by bylo skute\u010dn\u011b obda\u0159eno du\u0161\u00ed, co\u017e v\u00edme, proto\u017ee jeho Kant\u00e1ta o tvorech zahrnuje ohe\u0148, v\u00edtr, vodu, bratra Slunce, sestru M\u011bs\u00edc a samoz\u0159ejm\u011b i samotnou &#8222;na\u0161i sestru matku Zemi&#8220;. [3]<\/p>\n\n\n\n<h4 class=\"wp-block-heading\">Jeden hlas v\u0161eho byt\u00ed<\/h4>\n\n\n\n<p>Takzvan\u00e1 &#8222;p\u0159\u00edrodn\u00ed mystika&#8220; byla ve skute\u010dnosti d\u016fstojnou prvn\u00ed cestou pro Franti\u0161ka a tak\u00e9 pro Bonaventuru, u\u010dence, kter\u00fd Franti\u0161kovu a Kl\u00e1\u0159inu vizi p\u0159enesl na \u00farove\u0148 teologie, filozofie a sv\u011btov\u00e9ho n\u00e1zoru. Bonaventura vid\u011bl v\u0161echny v\u011bci jako Bo\u017e\u00ed podoby (vestigia Dei), otisky prst\u016f a stop, kter\u00e9 odhaluj\u00ed bo\u017eskou DNA, je\u017e je z\u00e1kladem v\u0161ech \u010dl\u00e1nk\u016f Velk\u00e9ho \u0159et\u011bzce byt\u00ed. Franti\u0161ek i Bonaventura polo\u017eili z\u00e1klady toho, co pozd\u011bji Jan Duns Scotus ozna\u010dil jako univocitu (jeden hlas) v\u0161eho byt\u00ed a co Dawn Nothwehrov\u00e1, franti\u0161k\u00e1nsk\u00e1 sestra, naz\u00fdv\u00e1 &#8222;kosmickou vz\u00e1jemnost\u00ed&#8220;. [4]<\/p>\n\n\n\n<h4 class=\"wp-block-heading\">nep\u0159etr\u017eit\u00e1 sv\u00e1tost, znamen\u00ed Bo\u017e\u00ed univerz\u00e1ln\u00ed p\u0159\u00edtomnosti ve v\u0161ech v\u011bcech<\/h4>\n\n\n\n<p>Samotn\u00e9 stvo\u0159en\u00ed &#8211; nikoli ritu\u00e1l nebo prostor vybudovan\u00fd lidsk\u00fdma rukama &#8211; bylo Franti\u0161kovou hlavn\u00ed katedrou. Jeho l\u00e1ska ke stvo\u0159en\u00ed ho hnala zp\u011bt k pot\u0159eb\u00e1m m\u011bsta, co\u017e je vzorec velmi podobn\u00fd Je\u017e\u00ed\u0161ovu vlastn\u00edmu pohybu mezi pou\u0161tn\u00ed samotou (kontemplac\u00ed) a malom\u011bstskou l\u00e9\u010ditelskou slu\u017ebou (akc\u00ed). Evangelium n\u00e1s prom\u011b\u0148uje t\u00edm, \u017ee n\u00e1s uv\u00e1d\u00ed do kontaktu s t\u00edm, co je mnohem trvalej\u0161\u00ed a uspokojiv\u011bj\u0161\u00ed, doslova &#8222;z\u00e1kladem na\u0161eho byt\u00ed&#8220;, kter\u00fd m\u00e1 mnohem v\u00edce &#8222;reality&#8220; ne\u017e teologick\u00e9 koncepty nebo ritualizace skute\u010dnosti. Ka\u017edodenn\u00ed vesm\u00edrn\u00e9 ud\u00e1losti na nebi a na zemi jsou Realitou nad na\u0161imi hlavami a pod na\u0161ima nohama ka\u017edou minutu na\u0161eho \u017eivota: nep\u0159etr\u017eit\u00e1 sv\u00e1tost, znamen\u00ed Bo\u017e\u00ed univerz\u00e1ln\u00ed p\u0159\u00edtomnosti ve v\u0161ech v\u011bcech. [5]<\/p>\n\n\n\n<p>Tuto meditaci si m\u016f\u017eete p\u0159e\u010d\u00edst na str\u00e1nk\u00e1ch cac.org.<\/p>\n\n\n\n<h6 class=\"wp-block-heading\">Prameny:<\/h6>\n\n\n\n<p class=\"has-small-font-size\">[1]&nbsp;<em>The Assisi Compilation<\/em>&nbsp;88. See\u202f<em>Francis of Assisi: Early Documents<\/em>, vol. 2,\u202f<em>The Founder<\/em>&nbsp;(New York: New City Press, 2000), 192.&nbsp;<\/p>\n\n\n\n<p class=\"has-small-font-size\">[2] Adapted from Richard Rohr,&nbsp;<em>In the Footsteps of Francis: Awakening to Creation&nbsp;<\/em>(Albuquerque, NM: Center for Action and Contemplation, 2010), webcast.&nbsp;<a href=\"https:\/\/email.cac.org\/t\/d-l-ejrlttl-tlkrhyidn-h\/\">Available as MP3 audio download.<\/a>&nbsp;<\/p>\n\n\n\n<p class=\"has-small-font-size\">[3] Francis,\u202f<em>The Canticle of the Creatures<\/em>. See\u202f<em>Francis of Assisi: Early Documents<\/em>, vol. 1,&nbsp;<em>The Saint&nbsp;<\/em>(New York: New City Press, 1999), 113\u2013114.&nbsp;<\/p>\n\n\n\n<p class=\"has-small-font-size\">[4] Dawn M. Nothwehr, preface to\u202f<em>Ecological Footprints: An Essential Franciscan Guide for Faith and Sustainable Living&nbsp;<\/em>(Collegeville, MN: Liturgical Press, 2012), xx.&nbsp;<\/p>\n\n\n\n<p class=\"has-small-font-size\">[5] Adapted from Richard Rohr,&nbsp;<a href=\"https:\/\/email.cac.org\/t\/d-l-ejrlttl-tlkrhyidn-k\/\"><em>Eager to Love: The Alternative Way of Francis of Assisi<\/em><\/a><em>&nbsp;<\/em>(Cincinnati, OH: Franciscan Media, 2014), 46\u201347.&nbsp;<\/p>\n\n\n\n<p class=\"has-small-font-size\"><strong>Image credit and inspiration:&nbsp;<\/strong>Benjamin Yazza,&nbsp;<em>Untitled<\/em>(detail), New Mexico, 2023, photo, used with permission.&nbsp;<a href=\"https:\/\/email.cac.org\/t\/d-l-ejrlttl-tlkrhyidn-u\/\">Click here to enlarge image.<\/a>&nbsp;<em>Awe is as close as the way a butterfly alights on a flower in the yard outside.&nbsp;<\/em><\/p>\n","protected":false},"excerpt":{"rendered":"<p>Evangelium n\u00e1s prom\u011b\u0148uje t\u00edm, \u017ee n\u00e1s uv\u00e1d\u00ed do kontaktu s t\u00edm, co je mnohem trvalej\u0161\u00ed a uspokojiv\u011bj\u0161\u00ed, doslova &#8222;z\u00e1kladem na\u0161eho byt\u00ed&#8220;, kter\u00fd m\u00e1 mnohem v\u00edce &#8222;reality&#8220; ne\u017e teologick\u00e9 koncepty nebo ritualizace skute\u010dnosti. Ka\u017edodenn\u00ed vesm\u00edrn\u00e9 ud\u00e1losti na nebi a na zemi jsou Realitou nad na\u0161imi hlavami a pod na\u0161ima nohama ka\u017edou minutu na\u0161eho \u017eivota: nep\u0159etr\u017eit\u00e1 sv\u00e1tost, znamen\u00ed Bo\u017e\u00ed univerz\u00e1ln\u00ed p\u0159\u00edtomnosti ve v\u0161ech v\u011bcech.<\/p>\n","protected":false},"author":1,"featured_media":8669,"comment_status":"open","ping_status":"open","sticky":false,"template":"","format":"standard","meta":{"footnotes":""},"categories":[198],"tags":[200,495,148],"class_list":["post-8668","post","type-post","status-publish","format-standard","has-post-thumbnail","hentry","category-richard-rohr-ofm-centrum-pro-zivot-a-rozjimani","tag-priroda","tag-stvoreni","tag-sv-frantisek","latest_post"],"_links":{"self":[{"href":"https:\/\/www.frantiskani.cz\/index.php\/wp-json\/wp\/v2\/posts\/8668","targetHints":{"allow":["GET"]}}],"collection":[{"href":"https:\/\/www.frantiskani.cz\/index.php\/wp-json\/wp\/v2\/posts"}],"about":[{"href":"https:\/\/www.frantiskani.cz\/index.php\/wp-json\/wp\/v2\/types\/post"}],"author":[{"embeddable":true,"href":"https:\/\/www.frantiskani.cz\/index.php\/wp-json\/wp\/v2\/users\/1"}],"replies":[{"embeddable":true,"href":"https:\/\/www.frantiskani.cz\/index.php\/wp-json\/wp\/v2\/comments?post=8668"}],"version-history":[{"count":1,"href":"https:\/\/www.frantiskani.cz\/index.php\/wp-json\/wp\/v2\/posts\/8668\/revisions"}],"predecessor-version":[{"id":8670,"href":"https:\/\/www.frantiskani.cz\/index.php\/wp-json\/wp\/v2\/posts\/8668\/revisions\/8670"}],"wp:featuredmedia":[{"embeddable":true,"href":"https:\/\/www.frantiskani.cz\/index.php\/wp-json\/wp\/v2\/media\/8669"}],"wp:attachment":[{"href":"https:\/\/www.frantiskani.cz\/index.php\/wp-json\/wp\/v2\/media?parent=8668"}],"wp:term":[{"taxonomy":"category","embeddable":true,"href":"https:\/\/www.frantiskani.cz\/index.php\/wp-json\/wp\/v2\/categories?post=8668"},{"taxonomy":"post_tag","embeddable":true,"href":"https:\/\/www.frantiskani.cz\/index.php\/wp-json\/wp\/v2\/tags?post=8668"}],"curies":[{"name":"wp","href":"https:\/\/api.w.org\/{rel}","templated":true}]}}