{"id":8747,"date":"2024-05-06T09:59:06","date_gmt":"2024-05-06T07:59:06","guid":{"rendered":"https:\/\/www.frantiskani.cz\/?p=8747"},"modified":"2024-05-06T10:00:51","modified_gmt":"2024-05-06T08:00:51","slug":"buh-nas-privadi-domu","status":"publish","type":"post","link":"https:\/\/www.frantiskani.cz\/index.php\/2024\/05\/06\/buh-nas-privadi-domu\/","title":{"rendered":"B\u016fh n\u00e1s p\u0159iv\u00e1d\u00ed dom\u016f"},"content":{"rendered":"\n<h6 class=\"wp-block-heading\">Devaten\u00e1ct\u00fd t\u00fdden: N\u00e1vrat dom\u016f<\/h6>\n\n\n\n<p><em>Nep\u0159estaneme zkoumat \/ a na konci v\u0161eho na\u0161eho zkoum\u00e1n\u00ed \/ bude p\u0159\u00edchod tam, kde jsme za\u010dali \/ a poprv\u00e9 pozn\u00e1me to m\u00edsto.<\/em> <em>-T. S. Eliot, \u010cty\u0159i kvartety<\/em><\/p>\n\n\n\n<p><em>V podcastu V\u0161echno p\u0159ich\u00e1z\u00ed otec Richard hovo\u0159\u00ed o duchovn\u00ed cest\u011b, kter\u00e1 se vine jak sm\u011brem od prav\u00e9ho domova, tak k n\u011bmu:<\/em><em>\u202f<\/em><\/p>\n\n\n\n<h4 class=\"wp-block-heading\">Odchod z&nbsp;Domova \u2013 nov\u00e9 ego \u2013 nov\u00e1 cesta<\/h4>\n\n\n\n<p>M\u016f\u017eeme \u0159\u00edci, \u017ee prvn\u00ed odchod z domova vytvo\u0159\u00ed nov\u00e9 ego. Je to sice nezbytn\u00e9 vytv\u00e1\u0159en\u00ed, ale z\u00e1rove\u0148 je to vytv\u00e1\u0159en\u00ed odlou\u010den\u00ed. Je to p\u0159edev\u0161\u00edm p\u0159ijet\u00ed sebe sama. Pravd\u011bpodobn\u011b to pot\u0159ebujeme, p\u0159inejmen\u0161\u00edm do doby, ne\u017e dos\u00e1hneme st\u0159edn\u00edho v\u011bku. Pak ale pot\u0159ebujeme dovolit, aby to, co jsme vytvo\u0159ili, opustili.<\/p>\n\n\n\n<p>&nbsp;Mo\u017en\u00e1 jsem byl skv\u011bl\u00fd basketbalista, ale to u\u017e je pry\u010d. Nebo jsem byl mo\u017en\u00e1 hezk\u00fd, ale to u\u017e je pry\u010d.\u202f<\/p>\n\n\n\n<h4 class=\"wp-block-heading\">Ve st\u0159edn\u00edm v\u011bku je pot\u0159eba objevit sv\u00e9 prav\u00e9 j\u00e1<\/h4>\n\n\n\n<p>Kdy\u017e m\u016f\u017eeme \u0159\u00edct \u201eano\u201c nov\u00e9mu v\u011bku a p\u0159itom b\u00fdt \u0161\u0165astn\u00ed, ud\u011blali jsme svou pr\u00e1ci. M\u00e9 prav\u00e9 j\u00e1 je v Bohu, a ne v tom, co jsem vytvo\u0159il. M\u00e9 j\u00e1, kter\u00e9 jsem si vytvo\u0159il, mi dalo p\u011bknou stezku, po kter\u00e9 se mohu proch\u00e1zet, a n\u011bco, co mohu ka\u017ed\u00fd den d\u011blat, ale nejsem to skute\u010dn\u011b j\u00e1. M\u016f\u017ee to b\u00fdt moje kari\u00e9ra nebo povol\u00e1n\u00ed; p\u0159esto, jakkoli je to dobr\u00e9, nen\u00ed to m\u00e9 Prav\u00e9 J\u00e1.\u202f<\/p>\n\n\n\n<h4 class=\"wp-block-heading\">Ve vy\u0161\u0161\u00edm v\u011bku se navr\u00e1tit dom\u016f \u2013 tam kde v\u0161e u\u017e zn\u00e1m<\/h4>\n\n\n\n<p>Mysl\u00edm, \u017ee v metafo\u0159e \u017eivota jako cesty jde nakonec o n\u00e1vrat dom\u016f, tam, kde jsme za\u010dali. S bl\u00ed\u017e\u00edc\u00ed se smrt\u00ed o tom hodn\u011b p\u0159em\u00fd\u0161l\u00edm, proto\u017ee si mysl\u00edm, \u017ee nejlep\u0161\u00ed zp\u016fsob, jak popsat to, co p\u0159ijde, nen\u00ed \u017ee \u201eum\u00edr\u00e1m\u201c, ale \u201ekone\u010dn\u011b se vrac\u00edm dom\u016f\u201c. Je\u0161t\u011b nev\u00edm, jak\u00e9 to je, ale ve sv\u00e9m vy\u0161\u0161\u00edm v\u011bku u\u017e mohu opravdu v\u011b\u0159it, \u017ee je to domov. Nev\u00edm, odkud se ta d\u016fv\u011bra bere, nebo dokonce nev\u00edm, co je to domov, ale v\u00edm, \u017ee nejdu n\u011bkam do nov\u00e9ho. Jedu na v\u0161echna m\u00edsta, kter\u00e1 jsem hluboce poznal. Ukazuj\u00ed mi na velkou hloubku, na Velkou Skute\u010dnost. Mysl\u00edm, \u017ee n\u00e1vrat dom\u016f je to, o co jde.\u202f[1]&nbsp;<\/p>\n\n\n\n<p><em>Otec Richard v tomto obdob\u00ed sv\u00e9ho \u017eivota pokra\u010duje v \u00favah\u00e1ch o nalezen\u00ed domova v Bohu:&nbsp;<\/em><\/p>\n\n\n\n<h4 class=\"wp-block-heading\">D\u0159\u00edv\u011bj\u0161\u00ed kari\u00e9ra a \u017eivot jsou odebr\u00e1ny<\/h4>\n\n\n\n<p>Nejprve mus\u00edm \u0159\u00edct, \u017ee je\u0161t\u011b \u00fapln\u011b nev\u00edm, jak v n\u011bm \u017e\u00edt. Jsem zvykl\u00fd \u017e\u00edt 80 let z budov\u00e1n\u00ed vzd\u011bl\u00e1n\u00ed, osobnosti, pov\u011bsti, kari\u00e9ry. Kdy\u017e jsme na t\u011bchto v\u011bcech pracovali tak dlouho, na velmi re\u00e1ln\u00e9 \u00farovni nev\u00edme, jak \u017e\u00edt bez nich. Ale d\u00edky Bohu n\u00e1m byly odebr\u00e1ny. B\u016fh n\u00e1s zpomaluje, mysl\u00edm, \u017ee nutn\u011b, jinak se nepropadneme do Prav\u00e9ho J\u00e1.\u202f<\/p>\n\n\n\n<h4 class=\"wp-block-heading\">Druh\u00e1 polovina \u017eivota mne u\u010d\u00ed b\u00fdt k\u00fdm opravdu jsem<\/h4>\n\n\n\n<p>M\u00e9 ch\u00e1p\u00e1n\u00ed druh\u00e9 poloviny \u017eivota je p\u0159edev\u0161\u00edm stesk po Prav\u00e9m J\u00e1. Chci se nau\u010dit b\u00fdt t\u00edm, k\u00fdm m\u011b B\u016fh skute\u010dn\u011b stvo\u0159il. A mysl\u00edm, \u017ee B\u016fh chce, abych byl t\u00edm, k\u00fdm skute\u010dn\u011b jsem. [2]&nbsp;<\/p>\n\n\n\n<p>P\u0159e\u010dt\u011bte si tuto meditaci na cac.org.<\/p>\n\n\n\n<h6 class=\"wp-block-heading\">Prameny:<\/h6>\n\n\n\n<p class=\"has-small-font-size\">[1] Adapted from Mike Petrow, Paul Swanson, and Richard Rohr, \u201cTips for the Road,\u201d&nbsp;<em>Everything Belongs<\/em>, season introduction, ep. 5 (Albuquerque, NM: Center for Action and Contemplation, 2023), podcast.&nbsp;<a href=\"https:\/\/email.cac.org\/t\/d-l-ejdxhy-tlkrhyidn-k\/\">Available as MP3 audio and PDF transcript.<\/a>&nbsp;<\/p>\n\n\n\n<p class=\"has-small-font-size\">[2] Adapted from Mike Petrow, Paul Swanson, and Richard Rohr, \u201cThe Two Halves of Life with Bren\u00e9 Brown,\u201d&nbsp;<em>Everything Belongs<\/em>, season 1, ep. 1 (Albuquerque, NM: Center for Action and Contemplation, 2024), podcast.&nbsp;<a href=\"https:\/\/email.cac.org\/t\/d-l-ejdxhy-tlkrhyidn-u\/\">Available as MP3 audio and PDF transcript.<\/a><\/p>\n\n\n\n<p class=\"has-small-font-size\"><strong>Image credit and inspiration:&nbsp;&nbsp;<\/strong>Esther Avdokhina,&nbsp;<em>Untitled<\/em>&nbsp;(detail), Russia, 2020, photo, used with permission.&nbsp;<a href=\"https:\/\/email.cac.org\/t\/d-l-ejdxhy-tlkrhyidn-o\/\">Click here to enlarge image<\/a>.&nbsp;<em>Each of us has the capacity to create home within and for ourselves.&nbsp;<\/em><\/p>\n\n\n\n<p><\/p>\n","protected":false},"excerpt":{"rendered":"<p> M\u00e9 ch\u00e1p\u00e1n\u00ed druh\u00e9 poloviny \u017eivota je p\u0159edev\u0161\u00edm stesk po Prav\u00e9m J\u00e1. Chci se nau\u010dit b\u00fdt t\u00edm, k\u00fdm m\u011b B\u016fh skute\u010dn\u011b stvo\u0159il. A mysl\u00edm, \u017ee B\u016fh chce, abych byl t\u00edm, k\u00fdm skute\u010dn\u011b jsem. <\/p>\n","protected":false},"author":1,"featured_media":8742,"comment_status":"open","ping_status":"open","sticky":false,"template":"","format":"standard","meta":{"footnotes":""},"categories":[198],"tags":[924,355],"class_list":["post-8747","post","type-post","status-publish","format-standard","has-post-thumbnail","hentry","category-richard-rohr-ofm-centrum-pro-zivot-a-rozjimani","tag-druha-polovina-zivota","tag-prave-ja","latest_post"],"_links":{"self":[{"href":"https:\/\/www.frantiskani.cz\/index.php\/wp-json\/wp\/v2\/posts\/8747","targetHints":{"allow":["GET"]}}],"collection":[{"href":"https:\/\/www.frantiskani.cz\/index.php\/wp-json\/wp\/v2\/posts"}],"about":[{"href":"https:\/\/www.frantiskani.cz\/index.php\/wp-json\/wp\/v2\/types\/post"}],"author":[{"embeddable":true,"href":"https:\/\/www.frantiskani.cz\/index.php\/wp-json\/wp\/v2\/users\/1"}],"replies":[{"embeddable":true,"href":"https:\/\/www.frantiskani.cz\/index.php\/wp-json\/wp\/v2\/comments?post=8747"}],"version-history":[{"count":1,"href":"https:\/\/www.frantiskani.cz\/index.php\/wp-json\/wp\/v2\/posts\/8747\/revisions"}],"predecessor-version":[{"id":8748,"href":"https:\/\/www.frantiskani.cz\/index.php\/wp-json\/wp\/v2\/posts\/8747\/revisions\/8748"}],"wp:featuredmedia":[{"embeddable":true,"href":"https:\/\/www.frantiskani.cz\/index.php\/wp-json\/wp\/v2\/media\/8742"}],"wp:attachment":[{"href":"https:\/\/www.frantiskani.cz\/index.php\/wp-json\/wp\/v2\/media?parent=8747"}],"wp:term":[{"taxonomy":"category","embeddable":true,"href":"https:\/\/www.frantiskani.cz\/index.php\/wp-json\/wp\/v2\/categories?post=8747"},{"taxonomy":"post_tag","embeddable":true,"href":"https:\/\/www.frantiskani.cz\/index.php\/wp-json\/wp\/v2\/tags?post=8747"}],"curies":[{"name":"wp","href":"https:\/\/api.w.org\/{rel}","templated":true}]}}