{"id":8918,"date":"2024-06-01T11:27:52","date_gmt":"2024-06-01T09:27:52","guid":{"rendered":"https:\/\/www.frantiskani.cz\/?p=8918"},"modified":"2024-06-01T11:27:55","modified_gmt":"2024-06-01T09:27:55","slug":"milovat-blizniho-milovat-sebe","status":"publish","type":"post","link":"https:\/\/www.frantiskani.cz\/index.php\/2024\/06\/01\/milovat-blizniho-milovat-sebe\/","title":{"rendered":"Milovat bli\u017en\u00edho, milovat sebe"},"content":{"rendered":"\n<h6 class=\"wp-block-heading\">Shrnut\u00ed dvac\u00e1t\u00e9ho druh\u00e9ho t\u00fddne &#8211; 26. kv\u011btna &#8211; 31. kv\u011btna 2024<\/h6>\n\n\n\n<h4 class=\"wp-block-heading\">&nbsp;Ned\u011ble<\/h4>\n\n\n\n<p>V Bohu a s Bohem m\u016f\u017eeme milovat v\u0161echno a v\u0161echny &#8211; dokonce i sv\u00e9 nep\u0159\u00e1tele. S\u00e1m a s\u00e1m se sebou budu svou v\u016fl\u00ed a intelektem \u010dasem jen z\u0159\u00eddkakdy schopen milovat v obt\u00ed\u017en\u00fdch situac\u00edch.&nbsp; -Richard Rohr&nbsp;<\/p>\n\n\n\n<h4 class=\"wp-block-heading\">Pond\u011bl\u00ed<\/h4>\n\n\n\n<p>K\u0159es\u0165ansk\u00e1 mor\u00e1lka ve sv\u00e9 nejlep\u0161\u00ed podob\u011b usiluje o \u201eharmonii dobra\u201c. Harmonizujeme a vyva\u017eujeme nezbytnou p\u00e9\u010di o sebe s neust\u00e1l\u00fdm p\u0159esahem za hranice sebe sama k l\u00e1sce k druh\u00fdm. -Richard Rohr&nbsp;<\/p>\n\n\n\n<h4 class=\"wp-block-heading\">\u00dater\u00fd<\/h4>\n\n\n\n<p>Co by znamenalo vybudovat spole\u010dnost, v n\u00ed\u017e by se s ka\u017ed\u00fdm \u010dlov\u011bkem zach\u00e1zelo jako s Bo\u017e\u00edm obrazem? Jak by to ovlivnilo na\u0161e vztahy se sousedy, spolupracovn\u00edky, cizinci le\u017e\u00edc\u00edmi pod pot\u0159\u00edsn\u011bn\u00fdmi dekami a odpadky p\u0159ed Starbucksem? -Rab\u00edn Sharon Brous<\/p>\n\n\n\n<h4 class=\"wp-block-heading\">St\u0159eda<\/h4>\n\n\n\n<p>Po v\u011bt\u0161inu sv\u00e9ho \u017eivota jsem se d\u00edval na zlomen\u00e9ho Krista, Krista pron\u00e1sledovan\u00fdch, Krista, kter\u00fd je s n\u00e1mi sv\u00e1z\u00e1n v na\u0161\u00ed opu\u0161t\u011bnosti. Nyn\u00ed je mou nejhlub\u0161\u00ed touhou vid\u011bt uzdraven\u00ed jejich ran, sv\u00e1z\u00e1n\u00ed toho, co bylo zlomeno, set\u0159en\u00ed ka\u017ed\u00e9 slzy, \u201enapraven\u00ed v\u0161eho\u201c.&nbsp; -Carl Siciliano<\/p>\n\n\n\n<h4 class=\"wp-block-heading\">\u010ctvrtek<\/h4>\n\n\n\n<p>V m\u00e9m pojet\u00ed nen\u00ed l\u00edtost ani obdobou soucitu. L\u00edtost je jen paternalistick\u00fd bratranec pohrd\u00e1n\u00ed. L\u00edtost udr\u017euje druh\u00e9ho \u010dlov\u011bka v odstupu a m\u011b v p\u0159ehnan\u00e9m stavu uspokojen\u00ed. Soucit n\u00e1s naopak p\u0159ibli\u017euje. -Nadia Bolz-Weber<\/p>\n\n\n\n<h4 class=\"wp-block-heading\">P\u00e1tek<\/h4>\n\n\n\n<p>Je\u017e\u00ed\u0161 u\u010dil, \u017ee v\u0161e je o l\u00e1sce, a za tu budeme nakonec v\u0161ichni souzeni. Milovali jsme? Milovali jsme \u017eivot? Milovali jsme sami sebe? Milovali jsme Boha a milovali jsme sv\u00e9 bli\u017en\u00ed? -Richard Rohr&nbsp;<\/p>\n\n\n\n<h1 class=\"wp-block-heading\">Proud\u011bn\u00ed l\u00e1sky<\/h1>\n\n\n\n<h5 class=\"wp-block-heading\">Dvac\u00e1t\u00fd druh\u00fd t\u00fdden<\/h5>\n\n\n\n<p>&nbsp;<em>Otec Richard nab\u00edz\u00ed tuto kontemplativn\u00ed praxi p\u0159ij\u00edm\u00e1n\u00ed Bo\u017e\u00ed l\u00e1sky, aby skrze n\u00e1s mohla proudit k druh\u00fdm.&nbsp;<\/em><\/p>\n\n\n\n<p>Je\u017e\u00ed\u0161 \u0159ekl: \u201eMiluj sv\u00e9ho bli\u017en\u00edho, jako miluje\u0161 s\u00e1m sebe\u201c (Mt 22,39). Sv\u00e9ho bli\u017en\u00edho m\u00e1me milovat stejn\u00fdm zp\u016fsobem, jak\u00fdm milujeme sami sebe. \u201eMilujeme, proto\u017ee B\u016fh n\u00e1s prvn\u00ed miloval\u201c (1 Jan 4,19). Kdy\u017e p\u0159ijmeme bezpodm\u00edne\u010dnou l\u00e1sku a nezaslou\u017eenou milost, kterou n\u00e1m B\u016fh nab\u00edz\u00ed &#8211; s v\u011bdom\u00edm, \u017ee j\u00ed nejsme hodni -, m\u016f\u017eeme Bohu dovolit, aby skrze n\u00e1s stejn\u00fdm zp\u016fsobem miloval druh\u00e9. Je to B\u016fh v tob\u011b, kter\u00fd miluje tebe, se v\u0161emi bradavicemi, a B\u016fh v tob\u011b, kter\u00fd miluje druh\u00e9 takov\u00e9, jac\u00ed jsou. Proto je l\u00e1ska, kterou m\u00e1me k dispozici k rozd\u00e1v\u00e1n\u00ed, neomezen\u00e1.&nbsp;<\/p>\n\n\n\n<p><em>N\u00e1sleduj\u00edc\u00ed cvi\u010den\u00ed vych\u00e1z\u00ed z u\u010den\u00ed mnicha Francisca de Osuna OFM (zem\u0159el asi v roce 1540), jeho\u017e duchovn\u00ed spisy hluboce inspirovaly Terezii z Avily. Zde je m\u00fdmi slovy to, co u\u010dil sv\u00e9 studenty:\u202f<\/em><\/p>\n\n\n\n<p>P\u0159ehra\u010fte pramen sv\u00e9 du\u0161e, kde v\u017edy vyv\u011br\u00e1 l\u00e1ska.\u202f Bude nucena vystoupit.\u202f P\u0159esto ve v\u00e1s z\u016fstane tich\u00e1 a klidn\u00e1; po\u010dkejte na toto ticho.\u202f Uvid\u00ed\u0161 obraz Boha, kter\u00fd se odr\u00e1\u017e\u00ed ve tv\u00fdch vlastn\u00edch pr\u016fzra\u010dn\u00fdch vod\u00e1ch, z\u00e1\u0159iv\u011bj\u0161\u00ed ne\u017e v \u010demkoli jin\u00e9m &#8211; za p\u0159edpokladu, \u017ee utichne znepokojuj\u00edc\u00ed v\u0159ava my\u0161lenek.\u202f[1]<\/p>\n\n\n\n<p>Sna\u017ete se z\u016fstat pod sv\u00fdmi my\u0161lenkami, nebojujte s nimi ani na n\u011b nemyslete. Udr\u017eujte se na hlub\u0161\u00ed \u00farovni, ne\u017e je va\u0161e mysl, t\u0159eba v hrudn\u00edku, sol\u00e1rn\u00edm plexu nebo dechu; z\u016fsta\u0148te ve sv\u00e9m t\u011blesn\u00e9m j\u00e1. Odolejte jak\u00e9koli touze potla\u010dovat nebo vyjad\u0159ovat se, dovolte si jen \u017eivo\u010di\u0161nou spokojenost. Bude v\u00e1m p\u0159ipadat jako nic nebo temnota. Z\u016fsta\u0148te tam \u201ep\u0159ikr\u010deni\u201c na bun\u011b\u010dn\u00e9 \u00farovni bez studu dostate\u010dn\u011b dlouho, aby Jin\u00fd zdroj za\u010dal proudit a vyv\u011brat jako sv\u011btlo nebo radost.\u202fZ tohoto m\u00edsta skrze v\u00e1s proud\u00ed l\u00e1ska ze Zdroje sp\u00ed\u0161e jako energie ne\u017e jako my\u0161lenka. B\u016fh ve v\u00e1s a skrze v\u00e1s pozn\u00e1v\u00e1 a miluje Boha &#8211; v sob\u011b i v ostatn\u00edch<\/p>\n\n\n\n<h6 class=\"wp-block-heading\">Prameny:<\/h6>\n\n\n\n<p class=\"has-small-font-size\">[1] See Francisco de Osuna, <em>The Third Spiritual Alphabet, <\/em>trans. Mary E. Giles (Mahwah, NJ: Paulist Press, 1981), 566.&nbsp;<\/p>\n\n\n\n<p class=\"has-small-font-size\">Adapted from Richard Rohr, <em><a href=\"https:\/\/email.cac.org\/t\/d-l-etijhul-tlkrhyidn-x\/\">A Spring Within Us: A Book of Daily Meditations<\/a> <\/em>(Albuquerque, NM: CAC Publishing, 2016), 367\u2013368.\u202f&nbsp;<\/p>\n\n\n\n<p class=\"has-small-font-size\"><strong>Image credit and inspiration<\/strong>: Cynthia Magana, <a href=\"https:\/\/email.cac.org\/t\/d-l-etijhul-tlkrhyidn-m\/\">untitled<\/a>(detail), 2016, photo, Unsplash. <a href=\"https:\/\/email.cac.org\/t\/d-l-etijhul-tlkrhyidn-c\/\">Click here to enlarge image.<\/a> <em>In order to care for each other, we must also take care of ourselves.<\/em>&nbsp;<\/p>\n","protected":false},"excerpt":{"rendered":"<p> Francisca de Osuna OFM (1540): Sna\u017ete se z\u016fstat pod sv\u00fdmi my\u0161lenkami, nebojujte s nimi ani na n\u011b nemyslete. Udr\u017eujte se na hlub\u0161\u00ed \u00farovni, ne\u017e je va\u0161e mysl, t\u0159eba v hrudn\u00edku, sol\u00e1rn\u00edm plexu nebo dechu; z\u016fsta\u0148te ve sv\u00e9m t\u011blesn\u00e9m j\u00e1. Odolejte jak\u00e9koli touze potla\u010dovat nebo vyjad\u0159ovat se, dovolte si jen \u017eivo\u010di\u0161nou spokojenost. Bude v\u00e1m p\u0159ipadat jako nic nebo temnota. Z\u016fsta\u0148te tam \u201ep\u0159ikr\u010deni\u201c na bun\u011b\u010dn\u00e9 \u00farovni bez studu dostate\u010dn\u011b dlouho, aby Jin\u00fd zdroj za\u010dal proudit a vyv\u011brat jako sv\u011btlo nebo radost.\u202fZ tohoto m\u00edsta skrze v\u00e1s proud\u00ed l\u00e1ska ze Zdroje sp\u00ed\u0161e jako energie ne\u017e jako my\u0161lenka. B\u016fh ve v\u00e1s a skrze v\u00e1s pozn\u00e1v\u00e1 a miluje Boha &#8211; v sob\u011b i v ostatn\u00edch<\/p>\n","protected":false},"author":1,"featured_media":8885,"comment_status":"open","ping_status":"open","sticky":false,"template":"","format":"standard","meta":{"footnotes":""},"categories":[198],"tags":[1732,672,1733],"class_list":["post-8918","post","type-post","status-publish","format-standard","has-post-thumbnail","hentry","category-richard-rohr-ofm-centrum-pro-zivot-a-rozjimani","tag-moralka","tag-soucit","tag-v-bohu","latest_post"],"_links":{"self":[{"href":"https:\/\/www.frantiskani.cz\/index.php\/wp-json\/wp\/v2\/posts\/8918","targetHints":{"allow":["GET"]}}],"collection":[{"href":"https:\/\/www.frantiskani.cz\/index.php\/wp-json\/wp\/v2\/posts"}],"about":[{"href":"https:\/\/www.frantiskani.cz\/index.php\/wp-json\/wp\/v2\/types\/post"}],"author":[{"embeddable":true,"href":"https:\/\/www.frantiskani.cz\/index.php\/wp-json\/wp\/v2\/users\/1"}],"replies":[{"embeddable":true,"href":"https:\/\/www.frantiskani.cz\/index.php\/wp-json\/wp\/v2\/comments?post=8918"}],"version-history":[{"count":1,"href":"https:\/\/www.frantiskani.cz\/index.php\/wp-json\/wp\/v2\/posts\/8918\/revisions"}],"predecessor-version":[{"id":8919,"href":"https:\/\/www.frantiskani.cz\/index.php\/wp-json\/wp\/v2\/posts\/8918\/revisions\/8919"}],"wp:featuredmedia":[{"embeddable":true,"href":"https:\/\/www.frantiskani.cz\/index.php\/wp-json\/wp\/v2\/media\/8885"}],"wp:attachment":[{"href":"https:\/\/www.frantiskani.cz\/index.php\/wp-json\/wp\/v2\/media?parent=8918"}],"wp:term":[{"taxonomy":"category","embeddable":true,"href":"https:\/\/www.frantiskani.cz\/index.php\/wp-json\/wp\/v2\/categories?post=8918"},{"taxonomy":"post_tag","embeddable":true,"href":"https:\/\/www.frantiskani.cz\/index.php\/wp-json\/wp\/v2\/tags?post=8918"}],"curies":[{"name":"wp","href":"https:\/\/api.w.org\/{rel}","templated":true}]}}