{"id":8954,"date":"2024-06-08T19:30:45","date_gmt":"2024-06-08T17:30:45","guid":{"rendered":"https:\/\/www.frantiskani.cz\/?p=8954"},"modified":"2024-06-08T19:30:52","modified_gmt":"2024-06-08T17:30:52","slug":"jezisova-modlitba","status":"publish","type":"post","link":"https:\/\/www.frantiskani.cz\/index.php\/2024\/06\/08\/jezisova-modlitba\/","title":{"rendered":"Je\u017e\u00ed\u0161ova modlitba"},"content":{"rendered":"\n<h6 class=\"wp-block-heading\">Shrnut\u00ed dvac\u00e1t\u00e9ho t\u0159et\u00edho t\u00fddne &#8211; 2. \u010dervna &#8211; 7. \u010dervna 2024<\/h6>\n\n\n\n<h4 class=\"wp-block-heading\">Ned\u011ble<\/h4>\n\n\n\n<p>Lze se divit, \u017ee se tolik lid\u00ed s nad\u0161en\u00edm u\u010d\u00ed o kontemplativn\u00ed mysli? Opravdu je nebo m\u016f\u017ee b\u00fdt zm\u011bnou, kter\u00e1 v\u0161echno zm\u011bn\u00ed.&nbsp; -Richard Rohr<\/p>\n\n\n\n<h4 class=\"wp-block-heading\">Pond\u011bl\u00ed<\/h4>\n\n\n\n<p>Jak m\u016f\u017eeme dos\u00e1hnout toho, aby modlitba nebyla jen n\u011b\u010d\u00edm, co d\u011bl\u00e1me, ale n\u011b\u010d\u00edm, \u010d\u00edm jsme? To je toti\u017e to, co sv\u011bt pot\u0159ebuje: ne osoby, kter\u00e9 se \u010das od \u010dasu modl\u00ed, ale osoby, kter\u00e9 jsou modlitbou neust\u00e1le.&nbsp; -Kallistos Ware<\/p>\n\n\n\n<h4 class=\"wp-block-heading\">\u00dater\u00fd<\/h4>\n\n\n\n<p>B\u016fh pr\u00e1v\u011b te\u010f promlouv\u00e1 ke v\u0161em v\u011bcem, a kdyby B\u016fh s t\u00edmto promlouv\u00e1n\u00edm p\u0159estal, v\u0161ichni bychom zmizeli. Sna\u017e\u00edme se tedy ztichnout natolik, abychom sly\u0161eli, jak B\u016fh promlouv\u00e1 k na\u0161emu byt\u00ed. -James Finley&nbsp;<\/p>\n\n\n\n<h4 class=\"wp-block-heading\">St\u0159eda<\/h4>\n\n\n\n<p>Pane, abych vid\u011bl, jak se tv\u00e1 p\u0159\u00edtomnost zp\u0159\u00edtom\u0148uje a rozd\u00e1v\u00e1 jako d\u016fv\u011brn\u00e1 bezprost\u0159ednost milosti a z\u00e1zrak na\u0161\u00ed vlastn\u00ed p\u0159\u00edtomnosti. Pomoz n\u00e1m pochopit, \u017ee velkorysost Nekone\u010dn\u00e9ho je nekone\u010dn\u00e1 a \u017ee my jsme velkorysost Bo\u017e\u00ed. Jsme p\u00edse\u0148, kterou zp\u00edv\u00e1\u0161. -James Finley&nbsp;<\/p>\n\n\n\n<h4 class=\"wp-block-heading\">\u010ctvrtek<\/h4>\n\n\n\n<p>Je\u017e\u00ed\u0161ova modlitba &#8211; tento neust\u00e1l\u00fd n\u00e1vrat k p\u0159\u00edtomn\u00e9mu v\u011bdom\u00ed l\u00e1sky &#8211; m\u011b za\u010dala uzdravovat. V\u017edycky budu vd\u011b\u010dn\u00e1 za to, \u017ee jsem si tuto modlitbu mohla opakovat, dokud jsem nec\u00edtila, jak se mi du\u0161e op\u011bt sbl\u00ed\u017eila. -Carmen Acevedo Butcherov\u00e1<\/p>\n\n\n\n<h4 class=\"wp-block-heading\">P\u00e1tek<\/h4>\n\n\n\n<p>V sam\u00e9m srdci t\u00e9to modlitby je Je\u017e\u00ed\u0161ovo srdce, proto\u017ee B\u016fh je l\u00e1ska, a kdy\u017e se l\u00e1ska dotkne utrpen\u00ed, utrpen\u00ed prom\u011bn\u00ed l\u00e1sku v milosrdenstv\u00ed. Je\u017e\u00ed\u0161 je jako pole bezb\u0159eh\u00e9ho milosrdenstv\u00ed. -James Finley<\/p>\n\n\n\n<h1 class=\"wp-block-heading\">Odlo\u017een\u00ed na\u0161ich my\u0161lenek<\/h1>\n\n\n\n<h6 class=\"wp-block-heading\">Praktikum dvac\u00e1t\u00e9ho t\u0159et\u00edho t\u00fddne<\/h6>\n\n\n\n<p><em>V knize Cesta poutn\u00edka odpov\u00edd\u00e1 moudr\u00fd rusk\u00fd pravoslavn\u00fd mnich na hlubokou touhu poutn\u00edka \u201emodlit se bez p\u0159est\u00e1n\u00ed\u201c t\u011bmito pokyny svat\u00e9ho Symeona Nov\u00e9ho Teologa:&nbsp;<\/em><\/p>\n\n\n\n<p>Sedni si s\u00e1m a v tichu. Sklop hlavu, zav\u0159i o\u010di, jemn\u011b vydechni a p\u0159edstav si, \u017ee se d\u00edv\u00e1\u0161 do sv\u00e9ho srdce. P\u0159eneste svou mysl, tedy sv\u00e9 my\u0161lenky, z hlavy do srdce. P\u0159i v\u00fddechu vyslovte v\u011btu: \u201ePane Je\u017e\u00ed\u0161i Kriste, smiluj se nade mnou.\u201c P\u0159i v\u00fddechu si uv\u011bdomte, \u017ee jste se nad sebou smilovali. Vyslovte ji jemn\u00fdm pohybem rt\u016f nebo ji prost\u011b vyslovte v duchu. Sna\u017ete se odlo\u017eit v\u0161echny ostatn\u00ed my\u0161lenky stranou. Bu\u010fte klidn\u00ed, trp\u011bliv\u00ed a tento proces velmi \u010dasto opakujte. [1]&nbsp;<\/p>\n\n\n\n<p><em>U\u010ditel CAC James Finley nab\u00edz\u00ed doporu\u010den\u00ed, jak se modlit Je\u017e\u00ed\u0161ovu modlitbu a p\u0159itom \u201eodlo\u017eit v\u0161echny ostatn\u00ed my\u0161lenky\u201c:<\/em><\/p>\n\n\n\n<p>Symeon \u0159\u00edk\u00e1 praktikuj\u00edc\u00edm, aby se \u201esna\u017eili odlo\u017eit v\u0161echny ostatn\u00ed my\u0161lenky\u201c. To je d\u016fle\u017eit\u00e9, proto\u017ee kdy\u017e sed\u00edme a modl\u00edme se t\u00edmto zp\u016fsobem, nen\u00ed to tak, \u017ee by v\u0161echny ostatn\u00ed my\u0161lenky zdvo\u0159ile ustoupily, abychom to mohli d\u011blat. Neud\u011blaj\u00ed to. Stane se sp\u00ed\u0161e to, \u017ee na\u0161e my\u0161lenky krou\u017e\u00ed po okraj\u00edch a st\u00e1le se n\u00e1m pletou do na\u0161\u00ed praxe. Sed\u00edme a modl\u00edme se: \u201ePane Je\u017e\u00ed\u0161i Kriste, smiluj se nade mnou,\u201c a mysl\u00edme si:<\/p>\n\n\n\n<p>\u201eJe\u017e\u00ed\u0161marj\u00e1, zapomn\u011bl jsem zavolat tet\u011b Mildred!\u201c A pak si \u0159ekneme: \u201eJe\u017e\u00ed\u0161marj\u00e1, j\u00e1 jsem zapomn\u011bl zavolat tet\u011b Mildred!\u201c Modl\u00edme se: \u201ePane Je\u017e\u00ed\u0161i Kriste, smiluj se nade mnou,\u201c a najednou n\u00e1s napadne: \u201eCo asi bude k ob\u011bdu?\u201c. D\u011bl\u00e1me, co m\u016f\u017eeme.&nbsp;<\/p>\n\n\n\n<p>Poka\u017ed\u00e9, kdy\u017e dojde ke sklouznut\u00ed k jin\u00fdm my\u0161lenk\u00e1m, ne\u017e je Je\u017e\u00ed\u0161ova modlitba, je to milostiv\u00e1 p\u0159\u00edle\u017eitost, jak se znovu obr\u00e1tit k Bohu, kter\u00fd n\u00e1s miluje v na\u0161\u00ed neschopnosti. Klid t\u00e9to modlitby nen\u00ed klidem, kter\u00fd bychom zdokonalovali ve sv\u00e9 schopnosti sed\u011bt v klidu. Tento klid je vnit\u0159n\u00edm klidem, v n\u011bm\u017e n\u00e1s B\u016fh nevysv\u011btliteln\u011b prom\u011b\u0148uje v Bo\u017e\u00ed l\u00e1sku v na\u0161\u00ed nicot\u011b bez Boha. Jsme t\u00edm zti\u0161en\u00ed a je v tom jak\u00fdsi tich\u00fd \u00fa\u017eas, \u00fa\u017eas nad milost\u00ed, kter\u00e1 se v n\u00e1s rozv\u00edj\u00ed uprost\u0159ed v\u0161ech nevy\u0159e\u0161en\u00fdch v\u011bc\u00ed v na\u0161em srdci. [2]<\/p>\n\n\n\n<p>P\u0159e\u010dt\u011bte si tuto meditaci na str\u00e1nk\u00e1ch cac.org.<\/p>\n\n\n\n<h6 class=\"wp-block-heading\">Prameny:<\/h6>\n\n\n\n<p>[1] From&nbsp;<em>The Way of a Pilgrim; and, The Pilgrim Continues His Way,&nbsp;<\/em>trans. R. M. French<em>&nbsp;<\/em>(San Francisco, CA: HarperOne, 2010), 10\u201311. This paragraph summarizes key teachings from St. Symeon\u2019s \u201cThree Methods of Attention and Prayer\u201d in the&nbsp;<em>Philokalia.<\/em>&nbsp;&nbsp;<\/p>\n\n\n\n<p>[2] Adapted from James Finley and Kirsten Oates,&nbsp;<a href=\"https:\/\/email.cac.org\/t\/d-l-etktyhd-tlkrhyidn-p\/\">\u201cThe Way of a Pilgrim: Session 3,\u201d<\/a>&nbsp;<em>Turning to the Mystics,&nbsp;<\/em>season 9, ep. 6 (Albuquerque, NM: Center for Action and Contemplation, 2024), podcast. Available as&nbsp;<a href=\"https:\/\/email.cac.org\/t\/d-l-etktyhd-tlkrhyidn-x\/\">MP3 audio download and PDF transcript.<\/a><\/p>\n\n\n\n<p><strong>Image credit and inspiration<\/strong>: Vlad Bagacian,&nbsp;<em>woman sitting on a grey cliff<\/em>&nbsp;(detail), 2018, photo, Romania,&nbsp;<a href=\"https:\/\/email.cac.org\/t\/d-l-etktyhd-tlkrhyidn-m\/\">Unsplash<\/a>.&nbsp;<a href=\"https:\/\/email.cac.org\/t\/d-l-etktyhd-tlkrhyidn-c\/\">Click here to enlarge image<\/a>.&nbsp;<em>Prayer is a practice for the long road of life, remembering that we are accompanied even when we feel alone.<\/em>&nbsp;<\/p>\n\n\n\n<p><\/p>\n","protected":false},"excerpt":{"rendered":"<p>oka\u017ed\u00e9, kdy\u017e dojde ke sklouznut\u00ed k jin\u00fdm my\u0161lenk\u00e1m, ne\u017e je Je\u017e\u00ed\u0161ova modlitba, je to milostiv\u00e1 p\u0159\u00edle\u017eitost, jak se znovu obr\u00e1tit k Bohu, kter\u00fd n\u00e1s miluje v na\u0161\u00ed neschopnosti. Klid t\u00e9to modlitby nen\u00ed klidem, kter\u00fd bychom zdokonalovali ve sv\u00e9 schopnosti sed\u011bt v klidu. Tento klid je vnit\u0159n\u00edm klidem, v n\u011bm\u017e n\u00e1s B\u016fh nevysv\u011btliteln\u011b prom\u011b\u0148uje v Bo\u017e\u00ed l\u00e1sku v na\u0161\u00ed nicot\u011b bez Boha. Jsme t\u00edm zti\u0161en\u00ed a je v tom jak\u00fdsi tich\u00fd \u00fa\u017eas, \u00fa\u017eas nad milost\u00ed, kter\u00e1 se v n\u00e1s rozv\u00edj\u00ed uprost\u0159ed v\u0161ech nevy\u0159e\u0161en\u00fdch v\u011bc\u00ed v na\u0161em srdci. <\/p>\n","protected":false},"author":1,"featured_media":8924,"comment_status":"open","ping_status":"open","sticky":false,"template":"","format":"standard","meta":{"footnotes":""},"categories":[198],"tags":[],"class_list":["post-8954","post","type-post","status-publish","format-standard","has-post-thumbnail","hentry","category-richard-rohr-ofm-centrum-pro-zivot-a-rozjimani","latest_post"],"_links":{"self":[{"href":"https:\/\/www.frantiskani.cz\/index.php\/wp-json\/wp\/v2\/posts\/8954","targetHints":{"allow":["GET"]}}],"collection":[{"href":"https:\/\/www.frantiskani.cz\/index.php\/wp-json\/wp\/v2\/posts"}],"about":[{"href":"https:\/\/www.frantiskani.cz\/index.php\/wp-json\/wp\/v2\/types\/post"}],"author":[{"embeddable":true,"href":"https:\/\/www.frantiskani.cz\/index.php\/wp-json\/wp\/v2\/users\/1"}],"replies":[{"embeddable":true,"href":"https:\/\/www.frantiskani.cz\/index.php\/wp-json\/wp\/v2\/comments?post=8954"}],"version-history":[{"count":1,"href":"https:\/\/www.frantiskani.cz\/index.php\/wp-json\/wp\/v2\/posts\/8954\/revisions"}],"predecessor-version":[{"id":8955,"href":"https:\/\/www.frantiskani.cz\/index.php\/wp-json\/wp\/v2\/posts\/8954\/revisions\/8955"}],"wp:featuredmedia":[{"embeddable":true,"href":"https:\/\/www.frantiskani.cz\/index.php\/wp-json\/wp\/v2\/media\/8924"}],"wp:attachment":[{"href":"https:\/\/www.frantiskani.cz\/index.php\/wp-json\/wp\/v2\/media?parent=8954"}],"wp:term":[{"taxonomy":"category","embeddable":true,"href":"https:\/\/www.frantiskani.cz\/index.php\/wp-json\/wp\/v2\/categories?post=8954"},{"taxonomy":"post_tag","embeddable":true,"href":"https:\/\/www.frantiskani.cz\/index.php\/wp-json\/wp\/v2\/tags?post=8954"}],"curies":[{"name":"wp","href":"https:\/\/api.w.org\/{rel}","templated":true}]}}