{"id":9107,"date":"2024-07-13T08:27:56","date_gmt":"2024-07-13T06:27:56","guid":{"rendered":"https:\/\/www.frantiskani.cz\/?p=9107"},"modified":"2024-07-13T08:27:58","modified_gmt":"2024-07-13T06:27:58","slug":"autenticka-transformace","status":"publish","type":"post","link":"https:\/\/www.frantiskani.cz\/index.php\/2024\/07\/13\/autenticka-transformace\/","title":{"rendered":"Autentick\u00e1 transformace"},"content":{"rendered":"\n<h6 class=\"wp-block-heading\">Shrnut\u00ed dvac\u00e1t\u00e9ho osm\u00e9ho t\u00fddne 7. \u010dervence &#8211; 12. \u010dervence 2024<\/h6>\n\n\n\n<h4 class=\"wp-block-heading\">Ned\u011ble<\/h4>\n\n\n\n<p>B\u016fh neust\u00e1le tvo\u0159\u00ed v\u011bci zevnit\u0159, tak\u017ee v\u011b\u010dn\u011b tou\u017e\u00ed, vyv\u00edjej\u00ed se, rostou a m\u011bn\u00ed se k dobr\u00e9mu. Bojovat proti transforma\u010dn\u00edmu a evolu\u010dn\u00edmu my\u0161len\u00ed pro m\u011b znamen\u00e1 bojovat proti samotn\u00e9mu j\u00e1dru pojmu v\u00edra.&nbsp; -Richard Rohr&nbsp;<\/p>\n\n\n\n<h4 class=\"wp-block-heading\">Pond\u011bl\u00ed<\/h4>\n\n\n\n<p>Transformace nen\u00ed pouhou zm\u011bnou mor\u00e1lky, skupinov\u00e9 p\u0159\u00edslu\u0161nosti nebo syst\u00e9mu v\u00edry &#8211; i kdy\u017e i k tomu m\u016f\u017ee v\u00e9st -, ale zm\u011bnou v samotn\u00e9m j\u00e1dru zp\u016fsobu, jak\u00fdm p\u0159ij\u00edm\u00e1me a p\u0159ed\u00e1v\u00e1me ka\u017ed\u00fd okam\u017eik. -Richard Rohr<\/p>\n\n\n\n<h4 class=\"wp-block-heading\">\u00dater\u00fd<\/h4>\n\n\n\n<p>C\u00edlem probuzen\u00ed nen\u00ed osobn\u00ed nebo soukrom\u00e1 dokonalost, ale odevzdanost, l\u00e1ska a sjednocen\u00ed s Bohem. Jak\u00e9koli zab\u00fdv\u00e1n\u00ed se mou soukromou mor\u00e1ln\u00ed dokonalost\u00ed udr\u017euje m\u016fj pohled na sob\u011b sam\u00e9m, a ne na Bohu, milosti nebo l\u00e1sce. -Richard Rohr&nbsp;<\/p>\n\n\n\n<h4 class=\"wp-block-heading\">St\u0159eda<\/h4>\n\n\n\n<p>Pokud se v p\u0159\u00edkopech sv\u011bta, kde se projevuje utrpen\u00ed, neobjevuje mnoho lid\u00ed, je to pravd\u011bpodobn\u011b proto, \u017ee ti z n\u00e1s, kte\u0159\u00ed jsou ve sv\u011bt\u011b n\u00e1bo\u017eenstv\u00ed, jim dovolili, aby se zastavili u pouh\u00e9ho o\u010di\u0161t\u011bn\u00ed, dosp\u011bn\u00ed nebo probuzen\u00ed. -Richard Rohr&nbsp;<\/p>\n\n\n\n<h4 class=\"wp-block-heading\">\u010ctvrtek<\/h4>\n\n\n\n<p>Pokud nebudeme vedeni k n\u011bjak\u00e9 kontemplativn\u00ed praxi, kter\u00e1 neust\u00e1le odhaluje na\u0161e dualistick\u00e9, h\u00e1dav\u00e9 a p\u0159edpojat\u00e9 zp\u016fsoby my\u0161len\u00ed, nep\u0159ejdeme do nov\u00e9 etapy \u017eivota. To, co skute\u010dn\u011b pot\u0159ebujeme, je trval\u00e1 praxe, kter\u00e1 p\u0159etv\u00e1\u0159\u00ed a prom\u011b\u0148uje na\u0161e srdce a mysl. -Richard Rohr<\/p>\n\n\n\n<h4 class=\"wp-block-heading\">P\u00e1tek<\/h4>\n\n\n\n<p>Zd\u00e1 se, \u017ee nejde jen o to, abyste cel\u00fd \u017eivot z\u016fstali stejn\u00ed, ale abyste rostli, skute\u010dn\u011b rostli a otev\u00edrali se, rostli ve vid\u011bn\u00ed, rostli ve v\u011bdom\u00ed.&nbsp; -Paula D&#8217;Arcy<\/p>\n\n\n\n<h1 class=\"wp-block-heading\">Jak rosteme<\/h1>\n\n\n\n<h6 class=\"wp-block-heading\">Osmadvac\u00e1t\u00fd t\u00fdden praxe<\/h6>\n\n\n\n<p><em>Semena prom\u011bny vykvetou, kdy\u017e je odevzd\u00e1n\u00ed srdce l\u00e1sce \u00fapln\u00e9 a up\u0159\u00edmn\u00e9. -Paula D&#8217;Arcy&nbsp;<\/em><\/p>\n\n\n\n<p><em>Ilia Delio pojmenov\u00e1v\u00e1 na\u0161i odpov\u011bdnost za vlastn\u00ed transformaci:&nbsp;<\/em><\/p>\n\n\n\n<h4 class=\"wp-block-heading\">\u017divot v Bohu m\u00e1 b\u00fdt prom\u011b\u0148uj\u00edc\u00ed<\/h4>\n\n\n\n<p>K \u010demu je dobr\u00e9 modlit se a konat dobro, ani\u017e bychom se prom\u011bnili? K \u010demu je sly\u0161et Bo\u017e\u00ed slovo a nep\u0159ijmout je za sv\u00e9? \u017divot v Bohu m\u00e1 b\u00fdt prom\u011b\u0148uj\u00edc\u00ed, m\u00e1 n\u00e1s m\u011bnit od ctnosti ke ctnosti a od sl\u00e1vy ke sl\u00e1v\u011b (viz 2 Kor 3,18).<\/p>\n\n\n\n<h4 class=\"wp-block-heading\">M\u011bli bychom vr\u016fstat do l\u00e1sky<\/h4>\n\n\n\n<p>Pokud Bo\u017e\u00ed slovo nep\u0159ijmeme za sv\u00e9, pak P\u00edsmo nem\u00e1 v\u011bt\u0161\u00ed v\u00fdznam ne\u017e \u010detba dobr\u00e9ho rom\u00e1nu nebo ned\u011bln\u00edch novin. Bo\u017e\u00ed slovo je ur\u010deno k tomu, abychom ho p\u0159ijali do sv\u00e9ho \u017eivota, konzumovali a tr\u00e1vili, aby podn\u011bcovalo r\u016fst. M\u011bli bychom r\u016fst do svobody l\u00e1sky, kterou je B\u016fh. M\u011bli bychom vr\u016fstat do &#8222;druh\u00e9ho Krista&#8220; a obnovovat ve sv\u00e9m \u017eivot\u011b tajemstv\u00ed bo\u017esk\u00e9 l\u00e1sky. Mo\u017en\u00e1, \u017ee Bo\u017e\u00ed v\u016fle z\u016fst\u00e1v\u00e1 pro mnoh\u00e9 z n\u00e1s ot\u00e1zkou, proto\u017ee se nikdy nedostaneme za po\u010d\u00e1te\u010dn\u00ed f\u00e1zi pozn\u00e1v\u00e1n\u00ed Boha. Nikdy neu\u010din\u00edme Bo\u017e\u00ed slovo sv\u00fdm vlastn\u00edm, a proto nikdy skute\u010dn\u011b nepozn\u00e1me pravdu o Kristu ani se neosvobod\u00edme&#8230;..<\/p>\n\n\n\n<h4 class=\"wp-block-heading\">M\u00e1me b\u00fdt spolutv\u016frci v Kristu<\/h4>\n\n\n\n<p>Je\u017e\u00ed\u0161 \u0159ekl sv\u00fdm u\u010dedn\u00edk\u016fm: &#8222;P\u0159i\u0161el jsem, abych p\u0159inesl na zem ohe\u0148, a jak bych si p\u0159\u00e1l, aby u\u017e byl zap\u00e1len!&#8220; (Mt 24,7) (Lk 12,49). Jako k\u0159es\u0165an\u00e9 m\u00e1me sv\u011bt zap\u00e1lit l\u00e1skou, l\u00e1skou, kter\u00e1 vyza\u0159uje z hlubin na\u0161eho vnit\u0159n\u00edho \u017eivota. M\u00e1me b\u00fdt spolutv\u016frci v Kristu.<\/p>\n\n\n\n<h4 class=\"wp-block-heading\">Pot\u0159ebujeme se prom\u011bnit a \u00fa\u010dastnit se<\/h4>\n\n\n\n<p>V\u0161e, v co na tomto sv\u011bt\u011b douf\u00e1me, se nem\u016f\u017ee uskute\u010dnit bez na\u0161\u00ed prom\u011bny a \u00fa\u010dasti. Pokud skute\u010dn\u011b hled\u00e1me Bo\u017e\u00ed v\u016fli, pak mus\u00edme hledat cestu l\u00e1sky, kter\u00e1 n\u00e1s povede k pravd\u011b a z pravdy ke svobod\u011b. Teprve a\u017e budeme skute\u010dn\u011b svobodn\u00ed, odevzd\u00e1me se ohni l\u00e1sky, kter\u00fd o\u010dist\u00ed na\u0161e tlust\u00e9 vrstvy sobectv\u00ed a prom\u011bn\u00ed n\u00e1s v druh\u00e9ho Krista. Pak se budeme moci naz\u00fdvat k\u0159es\u0165any a skute\u010dn\u011b myslet v\u00e1\u017en\u011b to, co \u0159\u00edk\u00e1me.<\/p>\n\n\n\n<p>P\u0159e\u010dt\u011bte si tuto meditaci na str\u00e1nk\u00e1ch cac.org.<\/p>\n\n\n\n<p>Translated with www.DeepL.com\/Translator (free version)<\/p>\n\n\n\n<h6 class=\"wp-block-heading\">Prameny:<\/h6>\n\n\n\n<p class=\"has-small-font-size\">Ilia Delio,&nbsp;<em>Ten Evenings with God<\/em>&nbsp;(Liguori, MO: Liguori, 2008), 111\u2013112.&nbsp;&nbsp;<\/p>\n\n\n\n<p class=\"has-small-font-size\"><strong>Image credit and inspiration<\/strong>: Jenna Keiper,&nbsp;<em>web of water&nbsp;<\/em>(detail), 2020, photo, Washington.&nbsp;<a href=\"https:\/\/email.cac.org\/t\/d-l-edrlkit-tlkrhyidn-x\/\">Click here to enlarge image<\/a>.&nbsp;<em>Like this spider\u2019s web, a ray of light can illuminate and transform us<\/em>.&nbsp;<\/p>\n","protected":false},"excerpt":{"rendered":"<p>Pokud Bo\u017e\u00ed slovo nep\u0159ijmeme za sv\u00e9, pak P\u00edsmo nem\u00e1 v\u011bt\u0161\u00ed v\u00fdznam ne\u017e \u010detba dobr\u00e9ho rom\u00e1nu nebo ned\u011bln\u00edch novin. Bo\u017e\u00ed slovo je ur\u010deno k tomu, abychom ho p\u0159ijali do sv\u00e9ho \u017eivota, konzumovali a tr\u00e1vili, aby podn\u011bcovalo r\u016fst. M\u011bli bychom r\u016fst do svobody l\u00e1sky, kterou je B\u016fh.<\/p>\n","protected":false},"author":1,"featured_media":9082,"comment_status":"open","ping_status":"open","sticky":false,"template":"","format":"standard","meta":{"footnotes":""},"categories":[198],"tags":[314,154,360,362],"class_list":["post-9107","post","type-post","status-publish","format-standard","has-post-thumbnail","hentry","category-richard-rohr-ofm-centrum-pro-zivot-a-rozjimani","tag-kristus","tag-laska","tag-obraceni","tag-promena","latest_post"],"_links":{"self":[{"href":"https:\/\/www.frantiskani.cz\/index.php\/wp-json\/wp\/v2\/posts\/9107","targetHints":{"allow":["GET"]}}],"collection":[{"href":"https:\/\/www.frantiskani.cz\/index.php\/wp-json\/wp\/v2\/posts"}],"about":[{"href":"https:\/\/www.frantiskani.cz\/index.php\/wp-json\/wp\/v2\/types\/post"}],"author":[{"embeddable":true,"href":"https:\/\/www.frantiskani.cz\/index.php\/wp-json\/wp\/v2\/users\/1"}],"replies":[{"embeddable":true,"href":"https:\/\/www.frantiskani.cz\/index.php\/wp-json\/wp\/v2\/comments?post=9107"}],"version-history":[{"count":1,"href":"https:\/\/www.frantiskani.cz\/index.php\/wp-json\/wp\/v2\/posts\/9107\/revisions"}],"predecessor-version":[{"id":9108,"href":"https:\/\/www.frantiskani.cz\/index.php\/wp-json\/wp\/v2\/posts\/9107\/revisions\/9108"}],"wp:featuredmedia":[{"embeddable":true,"href":"https:\/\/www.frantiskani.cz\/index.php\/wp-json\/wp\/v2\/media\/9082"}],"wp:attachment":[{"href":"https:\/\/www.frantiskani.cz\/index.php\/wp-json\/wp\/v2\/media?parent=9107"}],"wp:term":[{"taxonomy":"category","embeddable":true,"href":"https:\/\/www.frantiskani.cz\/index.php\/wp-json\/wp\/v2\/categories?post=9107"},{"taxonomy":"post_tag","embeddable":true,"href":"https:\/\/www.frantiskani.cz\/index.php\/wp-json\/wp\/v2\/tags?post=9107"}],"curies":[{"name":"wp","href":"https:\/\/api.w.org\/{rel}","templated":true}]}}