{"id":9115,"date":"2024-07-15T08:14:46","date_gmt":"2024-07-15T06:14:46","guid":{"rendered":"https:\/\/www.frantiskani.cz\/?p=9115"},"modified":"2024-07-15T08:14:50","modified_gmt":"2024-07-15T06:14:50","slug":"milost-bezmoci","status":"publish","type":"post","link":"https:\/\/www.frantiskani.cz\/index.php\/2024\/07\/15\/milost-bezmoci\/","title":{"rendered":"Milost bezmoci"},"content":{"rendered":"\n<h6 class=\"wp-block-heading\">Dvac\u00e1t\u00fd dev\u00e1t\u00fd t\u00fdden: D\u00fdch\u00e1n\u00ed pod vodou, prvn\u00ed t\u00fdden<\/h6>\n\n\n\n<p><em>Nedok\u00e1\u017eu pochopit sv\u00e9 vlastn\u00ed chov\u00e1n\u00ed. Nedok\u00e1\u017eu uskute\u010dnit to, co bych cht\u011bl, a p\u0159istihnu se, \u017ee d\u011bl\u00e1m to, co nen\u00e1vid\u00edm&#8230; proto\u017ee a\u010dkoli v\u016fle d\u011blat to, co je dobr\u00e9, ve mn\u011b je, moc to d\u011blat nen\u00ed. -\u0158\u00edman\u016fm 7,15.18<\/em><\/p>\n\n\n\n<p><em>P\u0159ipustili jsme, \u017ee jsme nad alkoholem bezmocn\u00ed &#8211; \u017ee se n\u00e1\u0161 \u017eivot stal nezvladateln\u00fdm.-Krok 1 Dvan\u00e1cti krok\u016f<\/em><\/p>\n\n\n\n<p><em>Otec Richard potvrzuje z\u00e1sadn\u00ed a obt\u00ed\u017en\u00fd \u00fakol p\u0159iznat si vlastn\u00ed bezmoc:<\/em><\/p>\n\n\n\n<h4 class=\"wp-block-heading\">Moje mal\u00e9 j\u00e1 , moje ego, mus\u00ed odej\u00edt<\/h4>\n\n\n\n<p>Jak \u0159\u00edkaj\u00ed mnoz\u00ed u\u010ditel\u00e9 Dvan\u00e1cti krok\u016f, prvn\u00ed krok je pravd\u011bpodobn\u011b nejt\u011b\u017e\u0161\u00ed, nejv\u00edce pop\u00edran\u00fd a nejv\u00edce se mu vyh\u00fdb\u00e1me. Nechat j\u00edt nen\u00ed v programu nikoho, kdo chce b\u00fdt \u0161\u0165astn\u00fd, a p\u0159esto je cel\u00e1 zral\u00e1 spiritualita o nech\u00e1n\u00ed j\u00edt a odnau\u010dov\u00e1n\u00ed.&nbsp;<\/p>\n\n\n\n<p>Je\u017e\u00ed\u0161 pou\u017eil metafory &#8222;p\u0161eni\u010dn\u00e9ho zrna&#8220; (Jan 12,24) nebo &#8222;ratolesti od\u0159\u00edznut\u00e9 od vinn\u00e9ho kmene&#8220; (Jan 15,2), aby popsal arogantn\u00ed ego. Pavel pou\u017eil ne\u0161\u0165astn\u00e9 slovo &#8222;t\u011blo&#8220;, d\u00edky n\u011bmu\u017e si v\u011bt\u0161ina lid\u00ed myslela, \u017ee mluv\u00ed o t\u011ble. Je\u017e\u00ed\u0161 i Pavel v\u0161ak poukazovali na izolovan\u00e9 a chr\u00e1n\u011bn\u00e9 mal\u00e9 j\u00e1 a oba \u0159\u00edkali, \u017ee mus\u00ed odej\u00edt. Jeho z\u00e1jmy jsou p\u0159\u00edli\u0161 mal\u00e9 a p\u0159\u00edli\u0161 sobeck\u00e9. Reakce ega je v\u017edy neadekv\u00e1tn\u00ed, nebo dokonce nespr\u00e1vnou reakc\u00ed na dan\u00fd okam\u017eik. Neprohloub\u00ed ani neroz\u0161\u00ed\u0159\u00ed \u017eivot, l\u00e1sku ani vnit\u0159n\u00ed m\u00edr. Proto\u017ee nem\u00e1 \u017e\u00e1dnou vnit\u0159n\u00ed podstatu, je na\u0161e ego j\u00e1 v\u017edy p\u0159ipout\u00e1no k pouh\u00fdm vn\u011bj\u0161\u00edm v\u011bcem. Ego se definuje sv\u00fdmi p\u0159ipoutanostmi a vzruchy. Du\u0161e nep\u0159ipout\u00e1v\u00e1, ani nen\u00e1vid\u00ed; tou\u017e\u00ed a miluje a nech\u00e1v\u00e1 j\u00edt.&nbsp;<\/p>\n\n\n\n<h4 class=\"wp-block-heading\">ego nechce nic m\u011bnit<\/h4>\n\n\n\n<p>Co ego nen\u00e1vid\u00ed v\u00edc ne\u017e cokoli jin\u00e9ho, je zm\u011bna &#8211; i kdy\u017e sou\u010dasn\u00e1 situace nefunguje nebo je hrozn\u00e1. M\u00edsto toho d\u011bl\u00e1me st\u00e1le v\u00edce toho, co nefunguje. D\u016fvod, pro\u010d d\u011bl\u00e1me n\u011bco je\u0161t\u011b jednou, je ten, \u017ee n\u00e1s to minule opravdu hluboce neuspokojilo. Jak napsal anglick\u00fd b\u00e1sn\u00edk W. H. Auden: &#8222;Rad\u011bji se nech\u00e1me zni\u010dit, ne\u017e abychom se zm\u011bnili, \/ rad\u011bji zem\u0159eme ve sv\u00e9 hr\u016fze, \/ ne\u017e abychom vylezli na k\u0159\u00ed\u017e okam\u017eiku \/ a nechali zem\u0159\u00edt sv\u00e9 iluze.&#8220; [1]&nbsp;<\/p>\n\n\n\n<p><em>Rab\u00edn Rami Shapiro pojmenov\u00e1v\u00e1 paradox bezmoci a odevzdanosti Bohu:<\/em><\/p>\n\n\n\n<h4 class=\"wp-block-heading\">pot\u0159ebuji v\u0161e odevzdat Bohu<\/h4>\n\n\n\n<p>Z\u00e1kladn\u00ed a paradoxn\u00ed p\u0159edpoklad zotaven\u00ed z dvan\u00e1cti krok\u016f, jak ho pro\u017e\u00edv\u00e1m j\u00e1, je tento: \u010c\u00edm jasn\u011bji si uv\u011bdomuje\u0161 nedostatek kontroly, t\u00edm v\u011bt\u0161\u00ed bezmocnost zji\u0161\u0165uje\u0161, \u017ee jsi&#8230; [a] t\u00edm p\u0159irozen\u011bj\u0161\u00ed je pro v\u00e1s odevzdat se Bohu. \u010c\u00edm v\u00edce se odevzd\u00e1v\u00e1te Bohu, t\u00edm m\u00e9n\u011b bojujete proti p\u0159irozen\u00e9mu toku \u017eivota.<\/p>\n\n\n\n<h4 class=\"wp-block-heading\">P\u0159iznat si \u2013 \u017ee sv\u016fj \u017eivot neovl\u00e1d\u00e1m<\/h4>\n\n\n\n<p>\u010c\u00edm m\u00e9n\u011b bojujete proti proudu \u017eivota, t\u00edm jste svobodn\u011bj\u0161\u00ed. Radik\u00e1ln\u00ed bezmocnost je radik\u00e1ln\u00ed svoboda, kter\u00e1 v\u00e1s osvobozuje od pot\u0159eby ovl\u00e1dat oce\u00e1n \u017eivota a umo\u017e\u0148uje v\u00e1m nau\u010dit se, jak j\u00edm nejl\u00e9pe proplouvat&#8230;..&nbsp;<\/p>\n\n\n\n<p>V\u0161ichni jsme z\u00e1visl\u00ed na kontrole a pr\u00e1v\u011b o t\u00e9to v\u011bt\u0161\u00ed z\u00e1vislosti chci mluvit. Nejhlub\u0161\u00ed pravda 1. kroku vy\u017eaduje, abychom si p\u0159iznali, \u017ee jsme nad sv\u00fdm \u017eivotem bezmocn\u00ed a \u017ee \u017eivot s\u00e1m je nezvl\u00e1dnuteln\u00fd. [2]<\/p>\n\n\n\n<p class=\"has-small-font-size\">Tuto meditaci si p\u0159e\u010dt\u011bte na str\u00e1nk\u00e1ch cac.org.<\/p>\n\n\n\n<p class=\"has-small-font-size\">Translated with DeepL.com (free version)<\/p>\n\n\n\n<h6 class=\"wp-block-heading\">Prameny:<\/h6>\n\n\n\n<p class=\"has-small-font-size\">[1] Selected from Richard Rohr,&nbsp;<em><a href=\"https:\/\/email.cac.org\/t\/d-l-edjjykk-itiuujuudy-k\/\">Breathing under Water: Spirituality and the Twelve Steps<\/a>,<\/em>&nbsp;10th anniv. ed.<em>\u202f<\/em>(Cincinnati, OH: Franciscan Media, 2011,<em>\u202f<\/em>2021),\u202f5\u20136; W. H. Auden,&nbsp;<em>The Age of Anxiety: A Baroque<\/em>&nbsp;<em>Eclogue&nbsp;<\/em>(Princeton, NJ: Princeton University Press, 2011), 105.&nbsp;<\/p>\n\n\n\n<p class=\"has-small-font-size\">[2] Rami Shapiro,&nbsp;<em>Recovery, the Sacred Art: The Twelve Steps as Spiritual Practice<\/em>&nbsp;(Woodstock, VT: Skylight Paths, 2009), 3, 6.&nbsp;<\/p>\n\n\n\n<p class=\"has-small-font-size\"><strong>Image credit and inspiration<\/strong>: Jenna Keiper,&nbsp;<em>drop&nbsp;<\/em>(detail), 2020, photo, Albuquerque.&nbsp;<a href=\"https:\/\/email.cac.org\/t\/d-l-edjjykk-itiuujuudy-u\/\">Click here to enlarge image<\/a>.&nbsp;<em>Water\u2019s shapes and currents can be confusing. Where is the beauty in being underwater?<\/em>&nbsp;&nbsp;<\/p>\n","protected":false},"excerpt":{"rendered":"<p>AA: \u010c\u00edm m\u00e9n\u011b bojujete proti proudu \u017eivota, t\u00edm jste svobodn\u011bj\u0161\u00ed. Radik\u00e1ln\u00ed bezmocnost je radik\u00e1ln\u00ed svoboda, kter\u00e1 v\u00e1s osvobozuje od pot\u0159eby ovl\u00e1dat oce\u00e1n \u017eivota a umo\u017e\u0148uje v\u00e1m nau\u010dit se, jak j\u00edm nejl\u00e9pe proplouvat&#8230;..\u00a0<\/p>\n","protected":false},"author":1,"featured_media":9111,"comment_status":"open","ping_status":"open","sticky":false,"template":"","format":"standard","meta":{"footnotes":""},"categories":[198],"tags":[1784,1040],"class_list":["post-9115","post","type-post","status-publish","format-standard","has-post-thumbnail","hentry","category-richard-rohr-ofm-centrum-pro-zivot-a-rozjimani","tag-anonymni-alkoholici","tag-bezmoc","latest_post"],"_links":{"self":[{"href":"https:\/\/www.frantiskani.cz\/index.php\/wp-json\/wp\/v2\/posts\/9115","targetHints":{"allow":["GET"]}}],"collection":[{"href":"https:\/\/www.frantiskani.cz\/index.php\/wp-json\/wp\/v2\/posts"}],"about":[{"href":"https:\/\/www.frantiskani.cz\/index.php\/wp-json\/wp\/v2\/types\/post"}],"author":[{"embeddable":true,"href":"https:\/\/www.frantiskani.cz\/index.php\/wp-json\/wp\/v2\/users\/1"}],"replies":[{"embeddable":true,"href":"https:\/\/www.frantiskani.cz\/index.php\/wp-json\/wp\/v2\/comments?post=9115"}],"version-history":[{"count":1,"href":"https:\/\/www.frantiskani.cz\/index.php\/wp-json\/wp\/v2\/posts\/9115\/revisions"}],"predecessor-version":[{"id":9116,"href":"https:\/\/www.frantiskani.cz\/index.php\/wp-json\/wp\/v2\/posts\/9115\/revisions\/9116"}],"wp:featuredmedia":[{"embeddable":true,"href":"https:\/\/www.frantiskani.cz\/index.php\/wp-json\/wp\/v2\/media\/9111"}],"wp:attachment":[{"href":"https:\/\/www.frantiskani.cz\/index.php\/wp-json\/wp\/v2\/media?parent=9115"}],"wp:term":[{"taxonomy":"category","embeddable":true,"href":"https:\/\/www.frantiskani.cz\/index.php\/wp-json\/wp\/v2\/categories?post=9115"},{"taxonomy":"post_tag","embeddable":true,"href":"https:\/\/www.frantiskani.cz\/index.php\/wp-json\/wp\/v2\/tags?post=9115"}],"curies":[{"name":"wp","href":"https:\/\/api.w.org\/{rel}","templated":true}]}}