{"id":9118,"date":"2024-07-16T08:16:41","date_gmt":"2024-07-16T06:16:41","guid":{"rendered":"https:\/\/www.frantiskani.cz\/?p=9118"},"modified":"2024-07-16T08:16:45","modified_gmt":"2024-07-16T06:16:45","slug":"duverovat-natolik-abychom-se-otevreli","status":"publish","type":"post","link":"https:\/\/www.frantiskani.cz\/index.php\/2024\/07\/16\/duverovat-natolik-abychom-se-otevreli\/","title":{"rendered":"D\u016fv\u011b\u0159ovat natolik, abychom se otev\u0159eli"},"content":{"rendered":"\n<h6 class=\"wp-block-heading\">Dvac\u00e1t\u00fd dev\u00e1t\u00fd t\u00fdden: D\u00fdch\u00e1n\u00ed pod vodou, prvn\u00ed t\u00fdden<\/h6>\n\n\n\n<p><em>Za\u010dali jsme v\u011b\u0159it, \u017ee S\u00edla v\u011bt\u0161\u00ed ne\u017e my sami n\u00e1s m\u016f\u017ee p\u0159iv\u00e9st k rozumu.-Krok 2 Dvan\u00e1cti krok\u016f<\/em><\/p>\n\n\n\n<p><em>Otec Richard uva\u017euje o tom, \u017ee dar 2. kroku lze p\u0159ijmout pouze prost\u0159ednictv\u00edm pln\u00e9ho, zt\u011blesn\u011bn\u00e9ho p\u0159ijet\u00ed Bo\u017e\u00ed milosti:&nbsp;<\/em><\/p>\n\n\n\n<h4 class=\"wp-block-heading\">Druh\u00fdm krokem je uv\u011b\u0159it<\/h4>\n\n\n\n<p>2. krok je nezbytn\u00fdm tou\u017een\u00edm, ot\u00e1len\u00edm a couv\u00e1n\u00edm, kter\u00e9 nevyhnuteln\u011b p\u0159edch\u00e1z\u00ed pln\u00e9mu skoku v\u00edry. Pro popis tohoto kroku je moudr\u00e9 pou\u017e\u00edvat aktivn\u00ed sloveso: &#8222;uv\u011b\u0159il&#8220;.&nbsp; Odevzd\u00e1n\u00ed v\u00edry se neodehraje v jednom okam\u017eiku; je to del\u0161\u00ed cesta, postupn\u00e9 odpout\u00e1v\u00e1n\u00ed, odnau\u010dov\u00e1n\u00ed a p\u0159ed\u00e1v\u00e1n\u00ed. Nikomu se to nepoda\u0159\u00ed na prvn\u00ed nebo dokonce druh\u00fd pokus. Touha a touha se mus\u00ed v\u00fdrazn\u011b prohloubit a roz\u0161\u00ed\u0159it.&nbsp;<\/p>\n\n\n\n<h4 class=\"wp-block-heading\">co\u017e znamen\u00e1 otev\u0159\u00edt hlavu, srdce a t\u011blo<\/h4>\n\n\n\n<p>Abychom se mohli kone\u010dn\u011b odevzdat uzdraven\u00ed, mus\u00ed se v n\u00e1s otev\u0159\u00edt t\u0159i prostory &#8211; a to v\u0161echny najednou: na\u0161e um\u00edn\u011bn\u00e1 hlava, na\u0161e uzav\u0159en\u00e9 srdce a na\u0161e br\u00e1n\u00edc\u00ed se a br\u00e1n\u011bn\u00e9 t\u011blo. To je pr\u00e1ce spirituality &#8211; a je to pr\u00e1ce. Ano, je to kone\u010dn\u011b pr\u00e1ce &#8222;S\u00edly v\u011bt\u0161\u00ed, ne\u017e jsme my sami&#8220;, a povede k velk\u00e9mu proz\u0159en\u00ed a hloubce vhledu.<\/p>\n\n\n\n<h4 class=\"wp-block-heading\">a tak se dostaneme do p\u0159\u00edtomnosti<\/h4>\n\n\n\n<p>Kdy\u017e jsou v\u0161echny t\u0159i vnit\u0159n\u00ed prostory otev\u0159en\u00e9 a naslouchaj\u00ed spole\u010dn\u011b, m\u016f\u017eeme b\u00fdt v\u017edy p\u0159\u00edtomni. B\u00fdt p\u0159\u00edtomn\u00fd znamen\u00e1 v\u011bd\u011bt, co v dan\u00e9m okam\u017eiku pot\u0159ebujeme v\u011bd\u011bt. B\u00fdt n\u011b\u010demu p\u0159\u00edtomen znamen\u00e1 dovolit, aby n\u00e1s dan\u00fd okam\u017eik, osoba, my\u0161lenka nebo situace zm\u011bnily.&nbsp;<\/p>\n\n\n\n<h4 class=\"wp-block-heading\">meditac\u00ed<\/h4>\n\n\n\n<p>Abychom si udr\u017eeli otev\u0159en\u00fd prostor mysli, pot\u0159ebujeme n\u011bjakou formu kontemplativn\u00ed nebo medita\u010dn\u00ed praxe. Dalo by se \u0159\u00edci, \u017ee autentick\u00e1 spiritualita je v\u017edy z\u00e1le\u017eitost\u00ed vypr\u00e1zdn\u011bn\u00ed mysli a z\u00e1rove\u0148 napln\u011bn\u00ed srdce.<\/p>\n\n\n\n<h4 class=\"wp-block-heading\">pozitivn\u00edm p\u0159\u00edstupem ke druh\u00fdm lidem<\/h4>\n\n\n\n<p>Abychom si udr\u017eeli otev\u0159en\u00fd prostor srdce, t\u00e9m\u011b\u0159 v\u0161ichni pot\u0159ebujeme ur\u010dit\u00e9 uzdraven\u00ed, pokud jde o zran\u011bn\u00ed, kter\u00e1 si neseme z minulosti. Pot\u0159ebujeme tak\u00e9 b\u00fdt ve spr\u00e1vn\u00e9m a up\u0159\u00edmn\u00e9m vztahu s lidmi, aby n\u00e1s druz\u00ed mohli milovat a dot\u00fdkat se n\u00e1s na hlub\u0161\u00edch \u00farovn\u00edch a abychom my mohli milovat a dot\u00fdkat se jich. Nic jin\u00e9ho neotev\u00edr\u00e1 prostor srdce tak pozitivn\u00edm a trval\u00fdm zp\u016fsobem.<\/p>\n\n\n\n<h4 class=\"wp-block-heading\">uvoln\u00edme sv\u00e9 t\u011blo pravd\u011b<\/h4>\n\n\n\n<p>Udr\u017eovat na\u0161e t\u011blo m\u00e9n\u011b br\u00e1n\u011bn\u00e9 je tak\u00e9 pr\u00e1ce na l\u00e9\u010den\u00ed minul\u00fdch zran\u011bn\u00ed a mnoha vzpom\u00ednek, kter\u00e9 jako by se ukl\u00e1daly do t\u011bla. T\u011blo jako by nikdy nep\u0159est\u00e1valo nab\u00edzet sv\u00e1 poselstv\u00ed. Na\u0161t\u011bst\u00ed t\u011blo nikdy nel\u017ee, i kdy\u017e mysl n\u00e1s bude neust\u00e1le klamat. Je velmi v\u00fdmluvn\u00e9, \u017ee Je\u017e\u00ed\u0161 se lid\u00ed p\u0159i uzdravov\u00e1n\u00ed obvykle fyzicky dot\u00fdkal. V\u011bd\u011bl, kde jsou ulo\u017eeny vzpom\u00ednky a zran\u011bn\u00ed: v samotn\u00e9m t\u011ble.<\/p>\n\n\n\n<h4 class=\"wp-block-heading\">a nebr\u00e1n\u00edme se tajemstv\u00ed p\u0159\u00edtomnosti<\/h4>\n\n\n\n<p>M\u00e1me-li dosp\u011bt k v\u00ed\u0159e, \u017ee S\u00edla, kter\u00e1 je v\u011bt\u0161\u00ed ne\u017e my sami, n\u00e1m m\u016f\u017ee navr\u00e1tit zdrav\u00fd rozum, pak k t\u00e9to v\u00ed\u0159e dosp\u011bjeme tak, \u017ee si osvoj\u00edme schopnost prost\u00e9, jasn\u00e9 a nezat\u00ed\u017een\u00e9 p\u0159\u00edtomnosti. Ti, kdo dok\u00e1\u017e\u00ed b\u00fdt p\u0159\u00edtomni hlavou, srdcem i t\u011blem z\u00e1rove\u0148, se v\u017edy setkaj\u00ed s P\u0159\u00edtomnost\u00ed, a\u0165 u\u017e ji naz\u00fdvaj\u00ed Bohem, nebo pou\u017e\u00edvaj\u00ed jin\u00e9 slovo. Tyto dovednosti se v\u011bt\u0161inou nau\u010d\u00edme t\u00edm, \u017ee nech\u00e1me \u017eivot, aby k n\u00e1m p\u0159ich\u00e1zel podle sv\u00fdch vlastn\u00edch podm\u00ednek, ani\u017e bychom se br\u00e1nili \u00fa\u017easn\u00e9mu, z\u00e1kladn\u00edmu Tajemstv\u00ed, kter\u00e9 je v\u0161ude, st\u00e1le a nab\u00edz\u00ed se.<\/p>\n\n\n\n<p class=\"has-small-font-size\">P\u0159e\u010dt\u011bte si tuto meditaci na cac.org.<\/p>\n\n\n\n<p class=\"has-small-font-size\">Translated with DeepL.com (free version)<\/p>\n\n\n\n<h6 class=\"wp-block-heading\">Prameny:<\/h6>\n\n\n\n<p class=\"has-small-font-size\">Selected from Richard Rohr,&nbsp;<em><a href=\"https:\/\/email.cac.org\/t\/d-l-edjkig-tlkrhyidn-h\/\">Breathing under Water: Spirituality and the Twelve Steps<\/a>,&nbsp;<\/em>10th anniv. ed.<em>\u202f<\/em>(Cincinnati, OH: Franciscan Media, 2011,<em>\u202f<\/em>2021),\u202f9, 11, 12, 13, 14.&nbsp;<\/p>\n\n\n\n<p class=\"has-small-font-size\"><strong>Image credit and inspiration<\/strong>: Jenna Keiper,&nbsp;<em>drop&nbsp;<\/em>(detail), 2020, photo, Albuquerque.&nbsp;<a href=\"https:\/\/email.cac.org\/t\/d-l-edjkig-tlkrhyidn-k\/\">Click here to enlarge image<\/a>.&nbsp;<em>Water\u2019s shapes and currents can be confusing. Where is the beauty in being underwater?<\/em>&nbsp;&nbsp;<\/p>\n","protected":false},"excerpt":{"rendered":"<p>M\u00e1me-li dosp\u011bt k v\u00ed\u0159e, \u017ee S\u00edla, kter\u00e1 je v\u011bt\u0161\u00ed ne\u017e my sami, n\u00e1m m\u016f\u017ee navr\u00e1tit zdrav\u00fd rozum, pak k t\u00e9to v\u00ed\u0159e dosp\u011bjeme tak, \u017ee si osvoj\u00edme schopnost prost\u00e9, jasn\u00e9 a nezat\u00ed\u017een\u00e9 p\u0159\u00edtomnosti. Ti, kdo dok\u00e1\u017e\u00ed b\u00fdt p\u0159\u00edtomni hlavou, srdcem i t\u011blem z\u00e1rove\u0148, se v\u017edy setkaj\u00ed s P\u0159\u00edtomnost\u00ed, a\u0165 u\u017e ji naz\u00fdvaj\u00ed Bohem, nebo pou\u017e\u00edvaj\u00ed jin\u00e9 slovo.<\/p>\n","protected":false},"author":1,"featured_media":9111,"comment_status":"open","ping_status":"open","sticky":false,"template":"","format":"standard","meta":{"footnotes":""},"categories":[198],"tags":[480,1787,503,277],"class_list":["post-9118","post","type-post","status-publish","format-standard","has-post-thumbnail","hentry","category-richard-rohr-ofm-centrum-pro-zivot-a-rozjimani","tag-meditace","tag-otevrit-se","tag-pritomnost","tag-tajemstvi","latest_post"],"_links":{"self":[{"href":"https:\/\/www.frantiskani.cz\/index.php\/wp-json\/wp\/v2\/posts\/9118","targetHints":{"allow":["GET"]}}],"collection":[{"href":"https:\/\/www.frantiskani.cz\/index.php\/wp-json\/wp\/v2\/posts"}],"about":[{"href":"https:\/\/www.frantiskani.cz\/index.php\/wp-json\/wp\/v2\/types\/post"}],"author":[{"embeddable":true,"href":"https:\/\/www.frantiskani.cz\/index.php\/wp-json\/wp\/v2\/users\/1"}],"replies":[{"embeddable":true,"href":"https:\/\/www.frantiskani.cz\/index.php\/wp-json\/wp\/v2\/comments?post=9118"}],"version-history":[{"count":1,"href":"https:\/\/www.frantiskani.cz\/index.php\/wp-json\/wp\/v2\/posts\/9118\/revisions"}],"predecessor-version":[{"id":9119,"href":"https:\/\/www.frantiskani.cz\/index.php\/wp-json\/wp\/v2\/posts\/9118\/revisions\/9119"}],"wp:featuredmedia":[{"embeddable":true,"href":"https:\/\/www.frantiskani.cz\/index.php\/wp-json\/wp\/v2\/media\/9111"}],"wp:attachment":[{"href":"https:\/\/www.frantiskani.cz\/index.php\/wp-json\/wp\/v2\/media?parent=9118"}],"wp:term":[{"taxonomy":"category","embeddable":true,"href":"https:\/\/www.frantiskani.cz\/index.php\/wp-json\/wp\/v2\/categories?post=9118"},{"taxonomy":"post_tag","embeddable":true,"href":"https:\/\/www.frantiskani.cz\/index.php\/wp-json\/wp\/v2\/tags?post=9118"}],"curies":[{"name":"wp","href":"https:\/\/api.w.org\/{rel}","templated":true}]}}