{"id":9121,"date":"2024-07-17T08:18:07","date_gmt":"2024-07-17T06:18:07","guid":{"rendered":"https:\/\/www.frantiskani.cz\/?p=9121"},"modified":"2024-07-17T08:18:11","modified_gmt":"2024-07-17T06:18:11","slug":"odevzdani-a-prijeti","status":"publish","type":"post","link":"https:\/\/www.frantiskani.cz\/index.php\/2024\/07\/17\/odevzdani-a-prijeti\/","title":{"rendered":"Odevzd\u00e1n\u00ed a p\u0159ijet\u00ed"},"content":{"rendered":"\n<h6 class=\"wp-block-heading\">Dvac\u00e1t\u00fd dev\u00e1t\u00fd t\u00fdden: D\u00fdch\u00e1n\u00ed pod vodou, prvn\u00ed t\u00fdden<\/h6>\n\n\n\n<p><em>U\u010dinili jsme rozhodnut\u00ed odevzdat svou v\u016fli a sv\u016fj \u017eivot Bohu, jak jsme mu [Bohu] rozum\u011bli. -Krok 3 Dvan\u00e1cti krok\u016f<\/em><\/p>\n\n\n\n<p><em>Podle otce Richarda je odevzd\u00e1n\u00ed na\u0161eho \u017eivota Bohu samotnou podstatou duchovn\u00edho \u017eivota:&nbsp;<\/em><\/p>\n\n\n\n<h4 class=\"wp-block-heading\">Odevzdat sebe<\/h4>\n\n\n\n<p>Odevzd\u00e1n\u00ed se bude v\u017edycky p\u0159ipom\u00ednat um\u00edr\u00e1n\u00ed, a p\u0159esto je to nezbytn\u00e1 cesta k osvobozen\u00ed. Ka\u017ed\u00e9mu z n\u00e1s trv\u00e1 dlouho, ne\u017e se prost\u011b sm\u00ed\u0159\u00edme &#8211; p\u0159ijmeme to, co je; p\u0159ijmeme sebe, druh\u00e9, minulost, vlastn\u00ed chyby a nedokonalost a zvl\u00e1\u0161tnosti t\u00e9m\u011b\u0159 v\u0161eho. N\u00e1\u0161 nedostatek p\u0159ijet\u00ed odhaluje n\u00e1\u0161 z\u00e1kladn\u00ed odpor k \u017eivotu. P\u0159ijet\u00ed nen\u00ed na\u0161\u00edm re\u017eimem zdaleka tolik jako agrese, odpor, boj nebo \u00fat\u011bk. \u017d\u00e1dn\u00e1 z t\u011bchto reakc\u00ed nedosahuje hlubok\u00fdch a trval\u00fdch v\u00fdsledk\u016f skute\u010dn\u00e9ho p\u0159ijet\u00ed a pokojn\u00e9ho odevzd\u00e1n\u00ed se. P\u0159ijet\u00ed se st\u00e1v\u00e1 nejpodivn\u011bj\u0161\u00edm a nejsiln\u011bj\u0161\u00edm druhem s\u00edly. Odevzd\u00e1n\u00ed se nen\u00ed vzd\u00e1n\u00edm se, jak si \u010dasto mysl\u00edme; je to odevzd\u00e1n\u00ed se okam\u017eiku, ud\u00e1losti, osob\u011b a situaci.<\/p>\n\n\n\n<h4 class=\"wp-block-heading\">p\u0159edat kontrolu Bohu<\/h4>\n\n\n\n<p>Na\u0161i vnit\u0159n\u00ed blok\u00e1du, kter\u00e1 n\u00e1m br\u00e1n\u00ed odevzdat svou v\u016fli, p\u0159ekon\u00e1me pouze rozhodnut\u00edm. Obvykle k n\u011bmu nedojde pomoc\u00ed pocitu, pouh\u00e9 my\u0161lenky nebo ver\u0161e z n\u00e1bo\u017eensk\u00e9ho P\u00edsma. Je to samotn\u00e1 v\u016fle, na\u0161e tvrdohlav\u00e1 a sebezni\u010duj\u00edc\u00ed sv\u00e9vole, kter\u00e1 mus\u00ed b\u00fdt nejprve obr\u00e1cena a p\u0159ed\u00e1na. Nevzd\u00e1v\u00e1 se snadno a obvykle jen tehdy, kdy\u017e to po n\u00e1s vy\u017eaduj\u00ed partne\u0159i, rodi\u010de, d\u011bti, zdrav\u00ed nebo okolnosti. Od ml\u00e1d\u00ed a podle sv\u00fdch schopnost\u00ed jsme v\u0161ichni p\u0159evzali kontrolu a sna\u017eili se v\u0161emo\u017en\u011b projektovat sv\u016fj vlastn\u00ed \u017eivot. Na\u0161e kultura si vlastn\u011b nev\u00e1\u017e\u00ed lid\u00ed, kte\u0159\u00ed \u201enep\u0159eb\u00edraj\u00ed kontrolu\u201c. [1]&nbsp;<\/p>\n\n\n\n<p><em>Autorka Nadia Bolz-Weberov\u00e1 popisuje svou cestu ke st\u0159\u00edzlivosti jako cestu, na kter\u00e9 ne\u0161lo ani tak o n\u00e1sledov\u00e1n\u00ed vlastn\u00ed v\u016fle, jako sp\u00ed\u0161e Bo\u017e\u00ed v\u016fle:&nbsp;<\/em><\/p>\n\n\n\n<h4 class=\"wp-block-heading\">Bo\u017e\u00ed v\u016fle ne m\u00e1<\/h4>\n\n\n\n<p>Kdy\u017e jsem p\u0159estala p\u00edt, kdy\u017e jsem p\u0159estala chodit ka\u017ed\u00fd ve\u010der do bar\u016f a m\u00edsto toho jsem chodila do kosteln\u00edch sklep\u016f, m\u011bla jsem pocit, \u017ee to nen\u00ed ot\u00e1zka v\u016fle. Vlastn\u011b to bylo proti m\u00e9 v\u016fli a j\u00e1 jsem kv\u016fli tomu zu\u0159ila. Hn\u011bvala jsem se, \u017ee mi vzali chlast, kdy\u017e to byla jedin\u00e1 v\u011bc, na kterou jsem se mohla spolehnout, \u017ee mi alespo\u0148 trochu uvoln\u00ed ty svaly na hrudi, kter\u00e9 se mi zauzlovaly ze strachu a tlaku z pouh\u00e9ho lidsk\u00e9ho&#8230;..<\/p>\n\n\n\n<p>Kdy\u017e jsem vyst\u0159\u00edzliv\u011bla, nikdy jsem nem\u011bla pocit, \u017ee jsem se vyt\u00e1hla za sv\u00e9 vlastn\u00ed duchovn\u00ed op\u00e1nky. Sp\u00ed\u0161 jsem m\u011bla pocit, \u017ee jsem byla na jedn\u00e9 cest\u011b k sebezni\u010den\u00ed a B\u016fh m\u011b z n\u00ed vyt\u00e1hl za l\u00edmec, j\u00e1 beznad\u011bjn\u011b kopala, m\u00e1vala a [nad\u00e1vala]. B\u016fh se na m\u011b pod\u00edval a \u0159ekl: \u201eTo je rozko\u0161n\u00e9,\u201c a pak m\u011b uvrhl na \u00fapln\u011b jinou cestu. [2]<\/p>\n\n\n\n<p><em>Richard pokra\u010duje:<\/em><\/p>\n\n\n\n<h4 class=\"wp-block-heading\">Je\u017e\u00ed\u0161 \u0159ekl: z\u0159ekni se s\u00e1m sebe<\/h4>\n\n\n\n<p>Bill W. byl dost moudr\u00fd na to, aby z odevzd\u00e1n\u00ed se ud\u011blal jasn\u00fd t\u0159et\u00ed krok programu. Je\u017e\u00ed\u0161 z n\u011bj ud\u011blal krok prvn\u00ed: \u201eChce-li m\u011b n\u011bkdo n\u00e1sledovat, a\u0165 se z\u0159ekne s\u00e1m sebe\u201c (Mk 8,34; Lk 9,23; Mt 16,24). Jsem si t\u00e9m\u011b\u0159 jist\u00fd, \u017ee Je\u017e\u00ed\u0161 m\u011bl na mysli p\u0159esn\u011b to, co Bill W.: radik\u00e1ln\u00ed odevzd\u00e1n\u00ed sv\u00e9 v\u016fle Jin\u00e9mu, kter\u00e9mu d\u016fv\u011b\u0159ujeme v\u00edce ne\u017e sob\u011b. [3]<\/p>\n\n\n\n<p class=\"has-small-font-size\">P\u0159e\u010dt\u011bte si tuto meditaci na cac.org.<\/p>\n\n\n\n<p class=\"has-small-font-size\">Translated with DeepL.com (free version)<\/p>\n\n\n\n<h6 class=\"wp-block-heading\">Prameny:<\/h6>\n\n\n\n<p class=\"has-small-font-size\">[1] Selected from Richard Rohr,&nbsp;<em><a href=\"https:\/\/email.cac.org\/t\/d-l-edjkdjl-itiuujuudy-h\/\">Breathing under Water: Spirituality and the Twelve Steps<\/a>,&nbsp;<\/em>10th anniv. ed.<em>\u202f<\/em>(Cincinnati, OH: Franciscan Media, 2011,<em>\u202f<\/em>2021),\u202f19, 20.&nbsp;<\/p>\n\n\n\n<p class=\"has-small-font-size\">[2] Nadia Bolz-Weber,&nbsp;<em>Pastrix: The Cranky, Beautiful Faith of a Sinner and Saint<\/em>&nbsp;(New York: Jericho Books, 2013), 39\u201340.&nbsp;<\/p>\n\n\n\n<p class=\"has-small-font-size\">[3] Rohr,&nbsp;<em><a href=\"https:\/\/email.cac.org\/t\/d-l-edjkdjl-itiuujuudy-k\/\">Breathing under Water<\/a><\/em>, 21.&nbsp;<\/p>\n\n\n\n<p class=\"has-small-font-size\"><strong>Image credit and inspiration<\/strong>: Jenna Keiper,&nbsp;<em>drop&nbsp;<\/em>(detail), 2020, photo, Albuquerque.&nbsp;<a href=\"https:\/\/email.cac.org\/t\/d-l-edjkdjl-itiuujuudy-u\/\">Click here to enlarge image<\/a>.&nbsp;<em>Water\u2019s shapes and currents can be confusing. Where is the beauty in being underwater?<\/em>&nbsp;&nbsp;<\/p>\n","protected":false},"excerpt":{"rendered":"<p>B\u016fh se na m\u011b pod\u00edval a \u0159ekl: \u201eTo je rozko\u0161n\u00e9,\u201c a pak m\u011b uvrhl na \u00fapln\u011b jinou cestu.<\/p>\n","protected":false},"author":1,"featured_media":9111,"comment_status":"open","ping_status":"open","sticky":false,"template":"","format":"standard","meta":{"footnotes":""},"categories":[198],"tags":[1788,1789],"class_list":["post-9121","post","type-post","status-publish","format-standard","has-post-thumbnail","hentry","category-richard-rohr-ofm-centrum-pro-zivot-a-rozjimani","tag-alkohol","tag-odvykani","latest_post"],"_links":{"self":[{"href":"https:\/\/www.frantiskani.cz\/index.php\/wp-json\/wp\/v2\/posts\/9121","targetHints":{"allow":["GET"]}}],"collection":[{"href":"https:\/\/www.frantiskani.cz\/index.php\/wp-json\/wp\/v2\/posts"}],"about":[{"href":"https:\/\/www.frantiskani.cz\/index.php\/wp-json\/wp\/v2\/types\/post"}],"author":[{"embeddable":true,"href":"https:\/\/www.frantiskani.cz\/index.php\/wp-json\/wp\/v2\/users\/1"}],"replies":[{"embeddable":true,"href":"https:\/\/www.frantiskani.cz\/index.php\/wp-json\/wp\/v2\/comments?post=9121"}],"version-history":[{"count":1,"href":"https:\/\/www.frantiskani.cz\/index.php\/wp-json\/wp\/v2\/posts\/9121\/revisions"}],"predecessor-version":[{"id":9122,"href":"https:\/\/www.frantiskani.cz\/index.php\/wp-json\/wp\/v2\/posts\/9121\/revisions\/9122"}],"wp:featuredmedia":[{"embeddable":true,"href":"https:\/\/www.frantiskani.cz\/index.php\/wp-json\/wp\/v2\/media\/9111"}],"wp:attachment":[{"href":"https:\/\/www.frantiskani.cz\/index.php\/wp-json\/wp\/v2\/media?parent=9121"}],"wp:term":[{"taxonomy":"category","embeddable":true,"href":"https:\/\/www.frantiskani.cz\/index.php\/wp-json\/wp\/v2\/categories?post=9121"},{"taxonomy":"post_tag","embeddable":true,"href":"https:\/\/www.frantiskani.cz\/index.php\/wp-json\/wp\/v2\/tags?post=9121"}],"curies":[{"name":"wp","href":"https:\/\/api.w.org\/{rel}","templated":true}]}}