{"id":9175,"date":"2024-07-28T12:13:11","date_gmt":"2024-07-28T10:13:11","guid":{"rendered":"https:\/\/www.frantiskani.cz\/?p=9175"},"modified":"2024-07-28T12:23:11","modified_gmt":"2024-07-28T10:23:11","slug":"zivot-uvnitr-velkeho-obrazu","status":"publish","type":"post","link":"https:\/\/www.frantiskani.cz\/index.php\/2024\/07\/28\/zivot-uvnitr-velkeho-obrazu\/","title":{"rendered":"\u017divot uvnit\u0159 velk\u00e9ho obrazu\u00a0\u00a0\u00a0\u00a0\u00a0\u00a0\u00a0\u00a0"},"content":{"rendered":"\n<p>T\u0159ic\u00e1t\u00fd prvn\u00ed t\u00fdden: Bo\u017e\u00ed vl\u00e1da&nbsp;&nbsp;<\/p>\n\n\n\n<p>&nbsp;<em>&nbsp;&nbsp;&nbsp;&nbsp;&nbsp;&nbsp;&nbsp;&nbsp;&nbsp;&nbsp;&nbsp;&nbsp;&nbsp;&nbsp; V t\u00e9to homilii se otec Richard zam\u00fd\u0161l\u00ed nad Je\u017e\u00ed\u0161ov\u00fdm u\u010den\u00edm o Bo\u017e\u00ed vl\u00e1d\u011b, kter\u00e9 je uvedeno v Matou\u0161ov\u011b evangeliu:<\/em><\/p>\n\n\n\n<p><strong>Velk\u00fd obraz kr\u00e1lovstv\u00ed<\/strong><\/p>\n\n\n\n<p>Mysl\u00edm, \u017ee to, co Je\u017e\u00ed\u0161 naz\u00fdv\u00e1 nebesk\u00fdm kr\u00e1lovstv\u00edm nebo Bo\u017e\u00ed vl\u00e1dou, je, kdy\u017e \u017eijeme uvnit\u0159 Velk\u00e9ho obrazu, a ne uvnit\u0159 mal\u00fdch obraz\u016f, kter\u00e9 si vytv\u00e1\u0159\u00edme a kter\u00fdm d\u00e1v\u00e1me p\u0159ednost. V\u011bt\u0161ina z n\u00e1s \u017eije uvnit\u0159 sv\u00fdch vlastn\u00edch mal\u00fdch, n\u00e1mi vytvo\u0159en\u00fdch kr\u00e1lovstv\u00ed: kr\u00e1lovstv\u00ed toho, \u017ee jsme Ameri\u010dan\u00e9, kr\u00e1lovstv\u00ed toho, \u017ee jsme katol\u00edci, nebo kr\u00e1lovstv\u00ed toho, \u017ee jsme b\u011blo\u0161i. To v\u0161echno pomine. To nen\u00ed Bo\u017e\u00ed kr\u00e1lovstv\u00ed.<\/p>\n\n\n\n<p><strong>Znamen\u00e1 \u017d\u00edt v\u00a0Bo\u017e\u00ed vl\u00e1d\u011b<\/strong><\/p>\n\n\n\n<p>Bo\u017e\u00ed kr\u00e1lovstv\u00ed nepomine. Je to v\u011b\u010dn\u00fd stav v\u011bc\u00ed, jak v\u011bci kone\u010dn\u011b a pln\u011b a svobodn\u011b jsou. \u017d\u00edt v Bo\u017e\u00ed vl\u00e1d\u011b znamen\u00e1 \u017e\u00edt s takovouto velkou perspektivou, kdy se pohybujeme za mal\u00fdmi hranicemi vytvo\u0159en\u00fdmi lidmi, kter\u00e9 si v\u0161ichni vytv\u00e1\u0159\u00edme. V\u011bt\u0161ina z n\u00e1s se boj\u00ed odv\u00e1\u017eit se vystoupit ze sv\u00e9 mal\u00e9 komfortn\u00ed z\u00f3ny \u201elid\u00ed jako j\u00e1\u201c.<\/p>\n\n\n\n<p><strong>Je to pro v\u0161echny<\/strong><\/p>\n\n\n\n<p>Ve druh\u00e9m stolet\u00ed si k\u0159es\u0165ansk\u00fd lid za\u010dal \u0159\u00edkat \u201ekatolick\u00fd\u201c lid. P\u0159\u00edli\u0161 m\u00e1lo z n\u00e1s se u\u010dilo, \u017ee katol\u00edk znamen\u00e1 v \u0159e\u010dtin\u011b jednodu\u0161e univerz\u00e1l. K\u0159es\u0165an\u00e9 si od po\u010d\u00e1tku uv\u011bdomovali, \u017ee jejich poselstv\u00ed nen\u00ed ur\u010deno \u017e\u00e1dn\u00e9 etnick\u00e9 skupin\u011b nebo n\u00e1rodu, ale ve skute\u010dnosti se t\u00fdk\u00e1 toho, jak se v\u011bci v\u011b\u010dn\u011b d\u011bj\u00ed v\u0161ude a v\u017edy. Pokud dok\u00e1\u017eeme \u017e\u00edt na t\u00e9to \u00farovni, pak jsme v Bo\u017e\u00edm kr\u00e1lovstv\u00ed. Kdy\u017e jsme do tohoto kr\u00e1lovstv\u00ed nahl\u00e9dli, st\u00e1le posouv\u00e1me jeho hranice, abychom Boha vid\u011bli v\u0161ude.<\/p>\n\n\n\n<p><strong>Je\u017e\u00ed\u0161 hl\u00e1s\u00e1 kr\u00e1lovstv\u00ed mezi pohany<\/strong><\/p>\n\n\n\n<p>V Matou\u0161ov\u011b evangeliu 4,15 se p\u00ed\u0161e, \u017ee se Je\u017e\u00ed\u0161 odst\u011bhoval z Nazareta do \u201eGalileje pohan\u016f\u201c. Je\u017e\u00ed\u0161 se z\u00e1m\u011brn\u011b p\u0159esouv\u00e1 na hranice, na okraj, kde nejsou v\u0161ichni \u017did\u00e9, kde se setk\u00e1v\u00e1 mnoho kultur a etnik. Pr\u00e1v\u011b tam, v zemi pohan\u016f, Je\u017e\u00ed\u0161 hl\u00e1s\u00e1 Bo\u017e\u00ed vl\u00e1du.<\/p>\n\n\n\n<p><strong>Hl\u00e1s\u00e1 Bo\u017e\u00ed univerz\u00e1ln\u00ed kr\u00e1lovstv\u00ed<\/strong><\/p>\n\n\n\n<p>V\u00edme, \u017ee \u017eijeme v Bo\u017e\u00edm velk\u00e9m obrazu, kdy\u017e m\u016f\u017eeme vid\u011bt Boha ve v\u0161ech kultur\u00e1ch, ve v\u0161ech spole\u010densk\u00fdch vrstv\u00e1ch, a dokonce i ve v\u0161ech n\u00e1bo\u017eenstv\u00edch. Mus\u00edme si p\u0159estat myslet, \u017ee n\u011bjak\u00e9 n\u00e1bo\u017eenstv\u00ed m\u00e1 Boha v kapse, \u017ee ho ovl\u00e1d\u00e1 nebo \u017ee B\u016fh m\u00e1 r\u00e1d jen n\u011bkter\u00e9 lidi, kte\u0159\u00ed jsou n\u00e1hodou k\u0159es\u0165an\u00e9. Byl by B\u016fh tak lakom\u00fd? Byl by B\u016fh tak mal\u00fd a malichern\u00fd, aby m\u011bl r\u00e1d jen lidi, jako jsem j\u00e1? Douf\u00e1m, \u017ee ne. Proto\u017ee pr\u00e1v\u011b toto velk\u00e9 Bo\u017e\u00ed srdce je schopno milovat v\u0161echny Bo\u017e\u00ed d\u011bti. Je\u017e\u00ed\u0161 p\u0159ich\u00e1z\u00ed do zem\u011b pohan\u016f, aby hl\u00e1sal Boha pro univerz\u00e1ln\u00ed kr\u00e1lovstv\u00ed.<\/p>\n\n\n\n<p><strong>Kr\u00e1lovstv\u00ed l\u00e1sky pro v\u0161echny<\/strong><\/p>\n\n\n\n<p>Poka\u017ed\u00e9, kdy\u017e se modl\u00edme \u201ep\u0159ij\u010f kr\u00e1lovstv\u00ed tv\u00e9\u201c, modl\u00edme se za to, aby B\u016fh mohl darovat univerz\u00e1ln\u00ed, skute\u010dn\u011b \u201ekatolick\u00fd\u201c sv\u011bt, v n\u011bm\u017e se v\u0161ichni mohou milovat bez rozd\u00edlu a bez diskriminace, a my se na n\u011bm m\u016f\u017eeme pod\u00edlet. Ob\u00e1v\u00e1m se, \u017ee mus\u00edme p\u0159iznat, \u017ee jsme se zat\u00edm p\u0159\u00edli\u0161 daleko nedostali. Je\u0161t\u011b jsme nedohnali Je\u017e\u00ed\u0161e. D\u00e1v\u00e1me p\u0159ednost \u017eivotu ve sv\u00fdch men\u0161\u00edch kr\u00e1lovstv\u00edch p\u0159ed univerz\u00e1ln\u00edm Bo\u017e\u00edm kr\u00e1lovstv\u00edm.&nbsp; &nbsp;&nbsp;&nbsp;&nbsp;&nbsp;&nbsp;&nbsp; &nbsp;<\/p>\n\n\n\n<p class=\"has-small-font-size\">&nbsp;&nbsp;&nbsp;&nbsp;&nbsp;&nbsp;&nbsp;&nbsp;&nbsp;&nbsp;&nbsp;&nbsp;&nbsp;&nbsp;&nbsp; P\u0159e\u010dt\u011bte si tuto meditaci na str\u00e1nk\u00e1ch cac.org.<\/p>\n\n\n\n<p class=\"has-small-font-size\">Translated with DeepL.com (free version)<\/p>\n\n\n\n<h6 class=\"wp-block-heading\">Prameny:<\/h6>\n\n\n\n<p class=\"has-small-font-size\">Adapted from Richard Rohr, <a href=\"https:\/\/email.cac.org\/t\/d-l-edhvjk-tlkrhyidn-h\/\">\u201cWhat Is the \u2018Kingdom of God?\u2019,\u201d<\/a> homily, January 26, 2014.&nbsp;<\/p>\n\n\n\n<p class=\"has-small-font-size\"><strong>Image credit and inspiration<\/strong>: Harli Marten, <em>untitled<\/em> (detail), 2016, photo. <a href=\"https:\/\/email.cac.org\/t\/d-l-edhvjk-tlkrhyidn-k\/\">Unsplash<\/a>. <a href=\"https:\/\/email.cac.org\/t\/d-l-edhvjk-tlkrhyidn-u\/\">Click here to enlarge image<\/a>. <em>The reign of God is peace, even today, between two people and a tree at sunset.\u202f<\/em>&nbsp;<\/p>\n","protected":false},"excerpt":{"rendered":"<p>Ve druh\u00e9m stolet\u00ed si k\u0159es\u0165ansk\u00fd lid za\u010dal \u0159\u00edkat \u201ekatolick\u00fd\u201c lid. P\u0159\u00edli\u0161 m\u00e1lo z n\u00e1s se u\u010dilo, \u017ee katol\u00edk znamen\u00e1 v \u0159e\u010dtin\u011b jednodu\u0161e univerz\u00e1l. K\u0159es\u0165an\u00e9 si od po\u010d\u00e1tku uv\u011bdomovali, \u017ee jejich poselstv\u00ed nen\u00ed ur\u010deno \u017e\u00e1dn\u00e9 etnick\u00e9 skupin\u011b nebo n\u00e1rodu, ale ve skute\u010dnosti se t\u00fdk\u00e1 toho, jak se v\u011bci v\u011b\u010dn\u011b d\u011bj\u00ed v\u0161ude a v\u017edy. Pokud dok\u00e1\u017eeme \u017e\u00edt na t\u00e9to \u00farovni, pak jsme v Bo\u017e\u00edm kr\u00e1lovstv\u00ed. Kdy\u017e jsme do tohoto kr\u00e1lovstv\u00ed nahl\u00e9dli, st\u00e1le posouv\u00e1me jeho hranice, abychom Boha vid\u011bli v\u0161ude.<\/p>\n","protected":false},"author":1,"featured_media":9177,"comment_status":"open","ping_status":"open","sticky":false,"template":"","format":"standard","meta":{"footnotes":""},"categories":[198],"tags":[274],"class_list":["post-9175","post","type-post","status-publish","format-standard","has-post-thumbnail","hentry","category-richard-rohr-ofm-centrum-pro-zivot-a-rozjimani","tag-bozi-kralovstvi","latest_post"],"_links":{"self":[{"href":"https:\/\/www.frantiskani.cz\/index.php\/wp-json\/wp\/v2\/posts\/9175","targetHints":{"allow":["GET"]}}],"collection":[{"href":"https:\/\/www.frantiskani.cz\/index.php\/wp-json\/wp\/v2\/posts"}],"about":[{"href":"https:\/\/www.frantiskani.cz\/index.php\/wp-json\/wp\/v2\/types\/post"}],"author":[{"embeddable":true,"href":"https:\/\/www.frantiskani.cz\/index.php\/wp-json\/wp\/v2\/users\/1"}],"replies":[{"embeddable":true,"href":"https:\/\/www.frantiskani.cz\/index.php\/wp-json\/wp\/v2\/comments?post=9175"}],"version-history":[{"count":2,"href":"https:\/\/www.frantiskani.cz\/index.php\/wp-json\/wp\/v2\/posts\/9175\/revisions"}],"predecessor-version":[{"id":9179,"href":"https:\/\/www.frantiskani.cz\/index.php\/wp-json\/wp\/v2\/posts\/9175\/revisions\/9179"}],"wp:featuredmedia":[{"embeddable":true,"href":"https:\/\/www.frantiskani.cz\/index.php\/wp-json\/wp\/v2\/media\/9177"}],"wp:attachment":[{"href":"https:\/\/www.frantiskani.cz\/index.php\/wp-json\/wp\/v2\/media?parent=9175"}],"wp:term":[{"taxonomy":"category","embeddable":true,"href":"https:\/\/www.frantiskani.cz\/index.php\/wp-json\/wp\/v2\/categories?post=9175"},{"taxonomy":"post_tag","embeddable":true,"href":"https:\/\/www.frantiskani.cz\/index.php\/wp-json\/wp\/v2\/tags?post=9175"}],"curies":[{"name":"wp","href":"https:\/\/api.w.org\/{rel}","templated":true}]}}