{"id":9184,"date":"2024-07-30T08:24:16","date_gmt":"2024-07-30T06:24:16","guid":{"rendered":"https:\/\/www.frantiskani.cz\/?p=9184"},"modified":"2024-07-30T08:25:27","modified_gmt":"2024-07-30T06:25:27","slug":"laskavy-plevel","status":"publish","type":"post","link":"https:\/\/www.frantiskani.cz\/index.php\/2024\/07\/30\/laskavy-plevel\/","title":{"rendered":"Laskav\u00fd plevel"},"content":{"rendered":"\n<h6 class=\"wp-block-heading\">T\u0159ic\u00e1t\u00fd prvn\u00ed t\u00fdden: Bo\u017e\u00ed vl\u00e1da<\/h6>\n\n\n\n<p><em>Richard Rohr popisuje Bo\u017e\u00ed vl\u00e1du jako alternativn\u00ed zp\u016fsob vztahov\u00e1n\u00ed:&nbsp;<\/em><\/p>\n\n\n\n<h4 class=\"wp-block-heading\">Bo\u017e\u00ed vl\u00e1da<\/h4>\n\n\n\n<p>Kdy\u017e Je\u017e\u00ed\u0161 mluvil o Bo\u017e\u00ed vl\u00e1d\u011b, mluvil o zcela jin\u00e9m zp\u016fsobu vz\u00e1jemn\u00e9ho vztahu, ne\u017e jak\u00fd zn\u00e1me z lidsk\u00e9 spole\u010dnosti. Nov\u00fd sv\u011btov\u00fd \u0159\u00e1d &#8211; Bo\u017e\u00ed vl\u00e1da &#8211; je j\u00e1drem k\u0159es\u0165ansk\u00fdch P\u00edsem.&nbsp;<\/p>\n\n\n\n<p>Kr\u00e1lovstv\u00ed je Je\u017e\u00ed\u0161ov\u00fdm poselstv\u00edm. Nikdy ho nepopisuje pojmov\u011b; chod\u00ed kolem n\u011bj a st\u00e1le uv\u00e1d\u00ed obrazy skute\u010dnosti. To je klasick\u00fd vzor duchovn\u00edho u\u010ditele. Obvykle mu porozum\u00ed jen ti, kdo jsou p\u0159ipraveni a hledaj\u00ed.<\/p>\n\n\n\n<h4 class=\"wp-block-heading\">Bo\u017e\u00ed kr\u00e1lovstv\u00ed jako ho\u0159\u010di\u010dn\u00e9 zrno<\/h4>\n\n\n\n<p>Nap\u0159\u00edklad: \u201eNebesk\u00e9 kr\u00e1lovstv\u00ed je jako ho\u0159\u010di\u010dn\u00e9 zrnko, kter\u00e9 vzal \u010dlov\u011bk a zasel na sv\u00e9 pole. Je nejmen\u0161\u00ed ze v\u0161ech semen, ale kdy\u017e vyroste, je nejv\u011bt\u0161\u00edm z ke\u0159\u016f a stane se stromem, tak\u017ee nebesk\u00e9 ptactvo m\u016f\u017ee p\u0159il\u00e9tat a ukr\u00fdvat se v jeho v\u011btv\u00edch\u201c (Mt 13,31-32). Ho\u0159\u010di\u010dn\u00e9 sem\u00ednko je velmi mal\u00e9 a bezv\u00fdznamn\u00e9. Plinius Star\u0161\u00ed, Je\u017e\u00ed\u0161\u016fv sou\u010dasn\u00edk, p\u00ed\u0161e o ho\u0159\u010dici pouze dv\u011b v\u011bci: Je l\u00e9\u010div\u00e1, tak\u017ee m\u011bla ur\u010ditou hodnotu. Ale \u0159\u00edk\u00e1, \u017ee ji nem\u00e1me s\u00e1zet, proto\u017ee m\u00e1 tendenci ovl\u00e1dnout celou zahradu. Je to plevel, kter\u00fd nelze zastavit.&nbsp;<\/p>\n\n\n\n<h4 class=\"wp-block-heading\">Je l\u00e9\u010div\u00e9 ale ovl\u00e1dne cel\u00e9 pole<\/h4>\n\n\n\n<p>To by byly dva obrazy, na kter\u00fdch Je\u017e\u00ed\u0161 zjevn\u011b stav\u011bl. U\u010d\u00ed: To, co v\u00e1m popisuji, je l\u00e9\u010div\u00e9 &#8211; je to \u017eivot, je to uzdravuj\u00edc\u00ed, je to l\u00e9\u010div\u00e9 &#8211; ale je to jako plevel. Zasazuji do sv\u011bta plevel. Jak \u0161okuj\u00edc\u00ed obraz! Je\u017e\u00ed\u0161 mluv\u00ed o zvl\u00e1\u0161tn\u00edch v\u011bcech, jako je nen\u00e1sil\u00ed a prost\u00fd \u017eivot, t\u00edm, \u017ee \u0159\u00edk\u00e1, \u017ee jsou zasazeny a ovl\u00e1dnou celou zahradu; star\u00fd sv\u011bt skon\u010dil.<\/p>\n\n\n\n<h4 class=\"wp-block-heading\">Bo\u017e\u00ed vl\u00e1da u\u017e je nyn\u00ed<\/h4>\n\n\n\n<p>To je Je\u017e\u00ed\u0161ova nad\u011bje, ale my mus\u00edme b\u00fdt sv\u011bdky toho, jak trp\u011bliv\u00e1 nad\u011bje to je. Nevid\u011bl, \u017ee by se to stalo za jeho \u017eivota, kdy bylo n\u00e1bo\u017eenstv\u00ed siln\u011b zkorumpovan\u00e9 a v\u011bt\u0161ina lid\u00ed byla chud\u00e1, utla\u010dovan\u00e1 nebo zotro\u010den\u00e1. P\u0159esto se uprost\u0159ed toho v\u0161eho odv\u00e1\u017eil zv\u011bstovat sou\u010dasnou Bo\u017e\u00ed vl\u00e1du! Odv\u00e1\u017eil se sl\u00edbit: \u201eNovou skute\u010dnost m\u016f\u017eete pro\u017e\u00edt pr\u00e1v\u011b te\u010f.\u201c A to se mu poda\u0159ilo.&nbsp;<\/p>\n\n\n\n<h4 class=\"wp-block-heading\">V\u011b\u0159 v&nbsp;sen o Bo\u017e\u00edm kr\u00e1lovstv\u00ed, ale z\u00e1rove\u0148 neodm\u00edtej sou\u010dasnost<\/h4>\n\n\n\n<p>Slovo pro tento zp\u016fsob \u017eivota v mezidob\u00ed je v\u00edra. Zbavme se v\u0161ech my\u0161lenek na v\u00edru jako na p\u0159esv\u011bd\u010den\u00ed, jako na blahobyt nebo jako na soubor pravidel \u010di mor\u00e1ln\u00edch z\u00e1sad. Ty jsou sice fajn, ale nejsou t\u00edm, o \u010dem Je\u017e\u00ed\u0161 mluv\u00ed. Mluv\u00ed o milosti a svobod\u011b \u017e\u00edt Bo\u017e\u00ed sen pro sv\u011bt nyn\u00ed &#8211; a p\u0159itom neodm\u00edtat sv\u011bt takov\u00fd, jak\u00fd je. To je mocn\u00e9 nap\u011bt\u00ed, kter\u00e9 se ne\u0159e\u0161\u00ed snadno.&nbsp;<\/p>\n\n\n\n<h4 class=\"wp-block-heading\">Oba sv\u011bty jsou tu pro tebe<\/h4>\n\n\n\n<p>Pamatujte si toto: V\u017edy existuj\u00ed dva sv\u011bty. Sv\u011bt, kter\u00fd funguje, je moc; sv\u011bt, kter\u00fd by m\u011bl b\u00fdt, je l\u00e1ska. Tajemstv\u00ed \u017eivota v kr\u00e1lovstv\u00ed spo\u010d\u00edv\u00e1 v tom, jak m\u016f\u017eeme \u017e\u00edt v obou &#8211; sou\u010dasn\u011b. Sv\u011bt, jak\u00fd je, bude v\u017edy postaven na moci, egu a \u00fasp\u011bchu. Mus\u00edme v\u0161ak tak\u00e9 pozorn\u011b sledovat sv\u011bt, jak\u00fd by m\u011bl b\u00fdt &#8211; to, co Je\u017e\u00ed\u0161 naz\u00fdv\u00e1 Bo\u017e\u00ed vl\u00e1dou.<\/p>\n\n\n\n<p class=\"has-small-font-size\">P\u0159e\u010dt\u011bte si tuto meditaci na str\u00e1nk\u00e1ch cac.org.<\/p>\n\n\n\n<p class=\"has-small-font-size\">Translated with DeepL.com (free version)<\/p>\n\n\n\n<h6 class=\"wp-block-heading\">Prameny:<\/h6>\n\n\n\n<p class=\"has-small-font-size\">Adapted from Richard Rohr,&nbsp;<em><a href=\"https:\/\/email.cac.org\/t\/d-l-edkjuhk-tlkrhyidn-h\/\">Jesus\u2019 Alternative Plan: The Sermon on the Mount<\/a><\/em>&nbsp;(Cincinnati, OH: Franciscan Media, 1996, 2022), 25, 26, 42, 43\u201344.&nbsp;<\/p>\n\n\n\n<p class=\"has-small-font-size\"><strong>Image credit and inspiration<\/strong>: Harli Marten,&nbsp;<em>untitled<\/em>&nbsp;(detail), 2016, photo.&nbsp;<a href=\"https:\/\/email.cac.org\/t\/d-l-edkjuhk-tlkrhyidn-k\/\">Unsplash<\/a>.&nbsp;<a href=\"https:\/\/email.cac.org\/t\/d-l-edkjuhk-tlkrhyidn-u\/\">Click here to enlarge image<\/a>.&nbsp;<em>The reign of God is peace, even today, between two people and a tree at sunset.\u202f<\/em>&nbsp;<\/p>\n","protected":false},"excerpt":{"rendered":"<p>R.Rohr: V\u017edy existuj\u00ed dva sv\u011bty. Sv\u011bt, kter\u00fd funguje, je moc; sv\u011bt, kter\u00fd by m\u011bl b\u00fdt, je l\u00e1ska. Tajemstv\u00ed \u017eivota v kr\u00e1lovstv\u00ed spo\u010d\u00edv\u00e1 v tom, jak m\u016f\u017eeme \u017e\u00edt v obou &#8211; sou\u010dasn\u011b. Sv\u011bt, jak\u00fd je, bude v\u017edy postaven na moci, egu a \u00fasp\u011bchu. Mus\u00edme v\u0161ak tak\u00e9 pozorn\u011b sledovat sv\u011bt, jak\u00fd by m\u011bl b\u00fdt &#8211; to, co Je\u017e\u00ed\u0161 naz\u00fdv\u00e1 Bo\u017e\u00ed vl\u00e1dou.<\/p>\n","protected":false},"author":1,"featured_media":9177,"comment_status":"open","ping_status":"open","sticky":false,"template":"","format":"standard","meta":{"footnotes":""},"categories":[198],"tags":[1804,1805,1490],"class_list":["post-9184","post","type-post","status-publish","format-standard","has-post-thumbnail","hentry","category-richard-rohr-ofm-centrum-pro-zivot-a-rozjimani","tag-bozi-kralovstvi-jako-zrno","tag-dva-svety","tag-soucasnost","latest_post"],"_links":{"self":[{"href":"https:\/\/www.frantiskani.cz\/index.php\/wp-json\/wp\/v2\/posts\/9184","targetHints":{"allow":["GET"]}}],"collection":[{"href":"https:\/\/www.frantiskani.cz\/index.php\/wp-json\/wp\/v2\/posts"}],"about":[{"href":"https:\/\/www.frantiskani.cz\/index.php\/wp-json\/wp\/v2\/types\/post"}],"author":[{"embeddable":true,"href":"https:\/\/www.frantiskani.cz\/index.php\/wp-json\/wp\/v2\/users\/1"}],"replies":[{"embeddable":true,"href":"https:\/\/www.frantiskani.cz\/index.php\/wp-json\/wp\/v2\/comments?post=9184"}],"version-history":[{"count":2,"href":"https:\/\/www.frantiskani.cz\/index.php\/wp-json\/wp\/v2\/posts\/9184\/revisions"}],"predecessor-version":[{"id":9186,"href":"https:\/\/www.frantiskani.cz\/index.php\/wp-json\/wp\/v2\/posts\/9184\/revisions\/9186"}],"wp:featuredmedia":[{"embeddable":true,"href":"https:\/\/www.frantiskani.cz\/index.php\/wp-json\/wp\/v2\/media\/9177"}],"wp:attachment":[{"href":"https:\/\/www.frantiskani.cz\/index.php\/wp-json\/wp\/v2\/media?parent=9184"}],"wp:term":[{"taxonomy":"category","embeddable":true,"href":"https:\/\/www.frantiskani.cz\/index.php\/wp-json\/wp\/v2\/categories?post=9184"},{"taxonomy":"post_tag","embeddable":true,"href":"https:\/\/www.frantiskani.cz\/index.php\/wp-json\/wp\/v2\/tags?post=9184"}],"curies":[{"name":"wp","href":"https:\/\/api.w.org\/{rel}","templated":true}]}}