{"id":9218,"date":"2024-08-06T08:26:42","date_gmt":"2024-08-06T06:26:42","guid":{"rendered":"https:\/\/www.frantiskani.cz\/?p=9218"},"modified":"2024-08-06T08:35:43","modified_gmt":"2024-08-06T06:35:43","slug":"naslouchani-pribehum","status":"publish","type":"post","link":"https:\/\/www.frantiskani.cz\/index.php\/2024\/08\/06\/naslouchani-pribehum\/","title":{"rendered":"Naslouch\u00e1n\u00ed p\u0159\u00edb\u011bh\u016fm"},"content":{"rendered":"\n<h6 class=\"wp-block-heading\">T\u0159ic\u00e1t\u00fd druh\u00fd t\u00fdden: Utrpen\u00ed a p\u0159e\u017eit\u00ed<\/h6>\n\n\n\n<p><em>U\u010ditelka CAC Barbara Holmesov\u00e1 nach\u00e1z\u00ed s\u00edlu v kolektivn\u00edm vypr\u00e1v\u011bn\u00ed p\u0159\u00edb\u011bh\u016f:&nbsp;<\/em><\/p>\n\n\n\n<h4 class=\"wp-block-heading\">P\u0159\u00edb\u011bhy a podobenstv\u00ed v n\u00e1bo\u017eenstv\u00ed<\/h4>\n\n\n\n<p>P\u0159\u00edb\u011bhy, kter\u00e9 si vypr\u00e1v\u00edme o sv\u00e9 realit\u011b, o sv\u00e9m t\u011ble, o sv\u00e9m duchu a o sv\u00e9m Bohu, n\u00e1s o\u017eivuj\u00ed. Tyto p\u0159\u00edb\u011bhy jsou pro n\u00e1s v\u00fdzvou a zneklid\u0148uj\u00ed n\u00e1s. Dot\u00fdkaj\u00ed se n\u00e1s v m\u00edstech, kam fakta m\u00e1lokdy dos\u00e1hnou, a \u010dasto n\u00e1s pohnou k \u010din\u016fm. V\u011bt\u0161ina n\u00e1bo\u017eenstv\u00ed m\u00e1 v\u00edce p\u0159\u00edb\u011bh\u016f ne\u017e \u010dehokoli jin\u00e9ho. Kdykoli je Je\u017e\u00ed\u0161ovi polo\u017eena n\u011bjak\u00e1 ot\u00e1zka, odpov\u00edd\u00e1 p\u0159\u00edb\u011bhem, podobenstv\u00edm. &#8222;Ne\u0159ekl jim nic, ani\u017e by pou\u017eil podobenstv\u00ed&#8220; (Mt 13,34).&nbsp;<\/p>\n\n\n\n<h4 class=\"wp-block-heading\">Pom\u00e1haj\u00ed pochopit univerzalitu<\/h4>\n\n\n\n<p>Vypr\u00e1v\u00edme si p\u0159\u00edb\u011bhy, proto\u017ee ka\u017ed\u00fd z n\u00e1s n\u011bco p\u0159e\u017eil, proto\u017ee p\u0159\u00edb\u011bhy jsou rozcestn\u00edky z minulosti, kter\u00e9 n\u00e1m napov\u00eddaj\u00ed o budoucnosti. A kone\u010dn\u011b, na\u0161e p\u0159\u00edb\u011bhy jsou sv\u011bdectv\u00edm pro dal\u0161\u00ed generace a p\u0159\u00edle\u017eitost\u00ed pochopit univerz\u00e1ln\u00ed i konkr\u00e9tn\u00ed v p\u0159\u00edb\u011bz\u00edch o traumatech, uzdraven\u00ed a p\u0159e\u017eit\u00ed. [1]<\/p>\n\n\n\n<p><em>Ta-Nehisi Coates v dopise sv\u00e9mu synovi pojmenov\u00e1v\u00e1 d\u016fle\u017eitost p\u0159\u00edb\u011bhu ka\u017ed\u00e9ho \u010dlov\u011bka:&nbsp;<\/em><\/p>\n\n\n\n<h4 class=\"wp-block-heading\"><em>jsou to p\u0159\u00edb\u011bhy konkr\u00e9tn\u00edch lid\u00ed<\/em><\/h4>\n\n\n\n<p>Vychoval jsem t\u011b k \u00fact\u011b ke ka\u017ed\u00e9 lidsk\u00e9 bytosti jako k jedine\u010dn\u00e9 a ty mus\u00ed\u0161 stejnou \u00factu roz\u0161\u00ed\u0159it i na minulost. Otroctv\u00ed nen\u00ed nedefinovateln\u00e1 masa lid\u00ed z masa. Je to konkr\u00e9tn\u00ed, specifick\u00e1 zotro\u010den\u00e1 \u017eena, jej\u00ed\u017e mysl je stejn\u011b aktivn\u00ed jako va\u0161e vlastn\u00ed, jej\u00ed\u017e \u0161k\u00e1la cit\u016f je stejn\u011b \u0161irok\u00e1 jako va\u0161e vlastn\u00ed; kter\u00e1 d\u00e1v\u00e1 p\u0159ednost tomu, jak dopad\u00e1 sv\u011btlo na jedno konkr\u00e9tn\u00ed m\u00edsto v lese, kter\u00e1 r\u00e1da ryba\u0159\u00ed tam, kde se v\u00ed\u0159\u00ed voda v bl\u00edzk\u00e9m potoce, kter\u00e1 miluje svou matku sv\u00fdm vlastn\u00edm komplikovan\u00fdm zp\u016fsobem, mysl\u00ed si, \u017ee jej\u00ed sestra mluv\u00ed p\u0159\u00edli\u0161 nahlas, m\u00e1 obl\u00edbenou sest\u0159enici, obl\u00edben\u00e9 ro\u010dn\u00ed obdob\u00ed, kter\u00e1 vynik\u00e1 v \u0161it\u00ed \u0161at\u016f a uvnit\u0159 sebe v\u00ed, \u017ee je stejn\u011b inteligentn\u00ed a schopn\u00e1 jako kdokoli jin\u00fd.<\/p>\n\n\n\n<h4 class=\"wp-block-heading\">kter\u00e9 dojmou <\/h4>\n\n\n\n<p>&nbsp;&#8222;Otrokyn\u011b&#8220; je tat\u00e1\u017e \u017eena narozen\u00e1 ve sv\u011bt\u011b, kter\u00fd hlasit\u011b hl\u00e1s\u00e1 l\u00e1sku ke svobod\u011b a tuto l\u00e1sku zapisuje do sv\u00fdch z\u00e1kladn\u00edch text\u016f, ve sv\u011bt\u011b, v n\u011bm\u017e tit\u00ed\u017e profeso\u0159i tuto \u017eenu pova\u017euj\u00ed za otrokyni, jej\u00ed matku za otrokyni, jej\u00edho otce za otroka, jej\u00ed dceru za otrokyni, a kdy\u017e se tato \u017eena ohl\u00e9dne do generac\u00ed, vid\u00ed jen zotro\u010den\u00e9. M\u016f\u017ee doufat ve v\u00edc. M\u016f\u017ee si p\u0159edstavit n\u011bjakou budoucnost pro sv\u00e1 vnou\u010data. [2]<\/p>\n\n\n\n<p><em>Holmesov\u00e1 pokra\u010duje: &#8222;D\u011bkuji v\u00e1m, \u017ee jste p\u0159i\u0161li:&nbsp;<\/em><\/p>\n\n\n\n<h4 class=\"wp-block-heading\">P\u0159\u00edb\u011bhy o pron\u00e1sledov\u00e1n\u00ed etnik a jejich kultur<\/h4>\n\n\n\n<p>Kdy\u017e si dovol\u00edm podlehnout vypr\u00e1v\u011bn\u00ed p\u0159\u00edb\u011bh\u016f, c\u00edt\u00edm spojen\u00ed s ostatn\u00edmi, kter\u00fdch si m\u00e1lokdy v\u0161imnu. V p\u0159\u00edb\u011bz\u00edch o pron\u00e1sledov\u00e1n\u00ed \u017did\u016f a pokusech o zni\u010den\u00ed kultur p\u016fvodn\u00edch obyvatel Ameriky sly\u0161\u00edm p\u0159\u00edb\u011bh \u010derno\u0161sk\u00e9 komunity. M\u00e9 vzpom\u00ednky jsou specifick\u00e9 pro posv\u00e1tn\u00e9 p\u0159\u00edb\u011bhy m\u00e9 vesnice, ale tyto p\u0159\u00edb\u011bhy rezonuj\u00ed i s ostatn\u00edmi, kte\u0159\u00ed pro\u017eili podobn\u00e9 okolnosti&#8230;..&nbsp;<\/p>\n\n\n\n<h4 class=\"wp-block-heading\">p\u0159\u00edb\u011bhy, kter\u00e9 pat\u0159\u00ed ke komunitn\u00ed moudrosti<\/h4>\n\n\n\n<p>Budoucnost existuje, proto\u017ee p\u0159\u00edb\u011bhy nejsou uzav\u0159eny v na\u0161ich individu\u00e1ln\u00edch \u017eivotech. M\u00edsto toho jsou uchov\u00e1v\u00e1ny jako cenn\u00e9 prvky komunitn\u00ed moudrosti. Na\u0161e p\u0159\u00edb\u011bhy nepot\u0159ebuj\u00ed p\u0159\u00edle\u017eitosti k \u00fahledn\u00e9mu rozuzlen\u00ed; sta\u010d\u00ed je jen znovu a znovu vypr\u00e1v\u011bt &#8230; vyslechnout a p\u0159em\u00fd\u0161let o nich, ne\u017e se za\u010dne tan\u010dit &#8211; a tanec za\u010dne znovu, proto\u017ee kdy\u017e jako jednotlivci ztrat\u00edme nad\u011bji a radost, komunita s\u00e1hne hluboko do sv\u00fdch spole\u010dn\u00fdch zdroj\u016f a znovu spust\u00ed rytmus. Poklep\u00e1vaj\u00ed nohama a bubnuj\u00ed na Bo\u017e\u00ed zasl\u00edben\u00ed. [3]<\/p>\n\n\n\n<p class=\"has-small-font-size\">Tuto meditaci si m\u016f\u017eete p\u0159e\u010d\u00edst na str\u00e1nk\u00e1ch cac.org.<\/p>\n\n\n\n<p class=\"has-small-font-size\">Translated with DeepL.com (free version)<\/p>\n\n\n\n<h6 class=\"wp-block-heading\">Prameny:<\/h6>\n\n\n\n<p class=\"has-small-font-size\">[1]<strong>&nbsp;<\/strong>Barbara A. Holmes,&nbsp;<em><a href=\"https:\/\/email.cac.org\/t\/d-l-ehrjko-tlkrhyidn-h\/\">Crisis Contemplation: Healing the Wounded Village<\/a>&nbsp;<\/em>(Albuquerque, NM: CAC Publishing, 2021),<em>&nbsp;<\/em>110\u2013111.&nbsp;<\/p>\n\n\n\n<p class=\"has-small-font-size\">[2] Ta-Nehisi Coates,&nbsp;<em>Between the World and Me&nbsp;<\/em>(New York: Spiegel and Grau, 2015), 69\u201370.\u202f\u202f&nbsp;<\/p>\n\n\n\n<p class=\"has-small-font-size\">[3] Holmes,&nbsp;<em><a href=\"https:\/\/email.cac.org\/t\/d-l-ehrjko-tlkrhyidn-k\/\">Crisis Contemplation<\/a><\/em>,<em>&nbsp;<\/em>111, 114.&nbsp;<\/p>\n\n\n\n<p class=\"has-small-font-size\"><strong>Image credit and inspiration<\/strong>: Jenna Keiper,&nbsp;<em>barbed<\/em>&nbsp;(detail), 2021, photo, Albuquerque.&nbsp;<a href=\"https:\/\/email.cac.org\/t\/d-l-ehrjko-tlkrhyidn-u\/\">Click here to enlarge image<\/a>.&nbsp;<em>Even in the midst of twisted barbs, green life survives and thrives.<\/em>&nbsp;<\/p>\n","protected":false},"excerpt":{"rendered":"<p>P\u0159\u00edb\u011bhy, kter\u00e9 si vypr\u00e1v\u00edme o sv\u00e9 realit\u011b, o sv\u00e9m t\u011ble, o sv\u00e9m duchu a o sv\u00e9m Bohu, n\u00e1s o\u017eivuj\u00ed. Tyto p\u0159\u00edb\u011bhy jsou pro n\u00e1s v\u00fdzvou a zneklid\u0148uj\u00ed n\u00e1s. Dot\u00fdkaj\u00ed se n\u00e1s v m\u00edstech, kam fakta m\u00e1lokdy dos\u00e1hnou, a \u010dasto n\u00e1s pohnou k \u010din\u016fm. V\u011bt\u0161ina n\u00e1bo\u017eenstv\u00ed m\u00e1 v\u00edce p\u0159\u00edb\u011bh\u016f ne\u017e \u010dehokoli jin\u00e9ho. Kdykoli je Je\u017e\u00ed\u0161ovi polo\u017eena n\u011bjak\u00e1 ot\u00e1zka, odpov\u00edd\u00e1 p\u0159\u00edb\u011bhem, podobenstv\u00edm. &#8222;Ne\u0159ekl jim nic, ani\u017e by pou\u017eil podobenstv\u00ed&#8220; (Mt 13,34).\u00a0<\/p>\n","protected":false},"author":1,"featured_media":9209,"comment_status":"open","ping_status":"open","sticky":false,"template":"","format":"standard","meta":{"footnotes":""},"categories":[6],"tags":[],"class_list":["post-9218","post","type-post","status-publish","format-standard","has-post-thumbnail","hentry","category-frantiskanskarodina","latest_post"],"_links":{"self":[{"href":"https:\/\/www.frantiskani.cz\/index.php\/wp-json\/wp\/v2\/posts\/9218","targetHints":{"allow":["GET"]}}],"collection":[{"href":"https:\/\/www.frantiskani.cz\/index.php\/wp-json\/wp\/v2\/posts"}],"about":[{"href":"https:\/\/www.frantiskani.cz\/index.php\/wp-json\/wp\/v2\/types\/post"}],"author":[{"embeddable":true,"href":"https:\/\/www.frantiskani.cz\/index.php\/wp-json\/wp\/v2\/users\/1"}],"replies":[{"embeddable":true,"href":"https:\/\/www.frantiskani.cz\/index.php\/wp-json\/wp\/v2\/comments?post=9218"}],"version-history":[{"count":2,"href":"https:\/\/www.frantiskani.cz\/index.php\/wp-json\/wp\/v2\/posts\/9218\/revisions"}],"predecessor-version":[{"id":9220,"href":"https:\/\/www.frantiskani.cz\/index.php\/wp-json\/wp\/v2\/posts\/9218\/revisions\/9220"}],"wp:featuredmedia":[{"embeddable":true,"href":"https:\/\/www.frantiskani.cz\/index.php\/wp-json\/wp\/v2\/media\/9209"}],"wp:attachment":[{"href":"https:\/\/www.frantiskani.cz\/index.php\/wp-json\/wp\/v2\/media?parent=9218"}],"wp:term":[{"taxonomy":"category","embeddable":true,"href":"https:\/\/www.frantiskani.cz\/index.php\/wp-json\/wp\/v2\/categories?post=9218"},{"taxonomy":"post_tag","embeddable":true,"href":"https:\/\/www.frantiskani.cz\/index.php\/wp-json\/wp\/v2\/tags?post=9218"}],"curies":[{"name":"wp","href":"https:\/\/api.w.org\/{rel}","templated":true}]}}