{"id":9309,"date":"2024-08-28T08:15:31","date_gmt":"2024-08-28T06:15:31","guid":{"rendered":"https:\/\/www.frantiskani.cz\/?p=9309"},"modified":"2024-08-28T08:15:34","modified_gmt":"2024-08-28T06:15:34","slug":"vyvoj-viry","status":"publish","type":"post","link":"https:\/\/www.frantiskani.cz\/index.php\/2024\/08\/28\/vyvoj-viry\/","title":{"rendered":"V\u00fdvoj v\u00edry"},"content":{"rendered":"\n<h6 class=\"wp-block-heading\">T\u0159ic\u00e1t\u00fd p\u00e1t\u00fd t\u00fdden: Po\u0159\u00e1dek, nepo\u0159\u00e1dek, zm\u011bna po\u0159\u00e1dku<\/h6>\n\n\n\n<p><em>N\u011bkdy B\u016fh povol\u00e1v\u00e1 \u010dlov\u011bka k nev\u00ed\u0159e, aby v\u00edra mohla nab\u00fdt nov\u00fdch forem.&nbsp; -Christian Wiman, Moje jasn\u00e1 propast&nbsp;<\/em><\/p>\n\n\n\n<p><em>Je-li m\u011bsto metaforou jistoty a soun\u00e1le\u017eitosti, pak pou\u0161\u0165 je metaforou na\u0161ich ot\u00e1zek a na\u0161\u00ed pravdy.-Sarah Bessey, Field Notes<\/em><\/p>\n\n\n\n<h4 class=\"wp-block-heading\">V\u00edra, kter\u00e1 p\u0159e\u017eije<\/h4>\n\n\n\n<p>Autorka Sarah Bessey p\u00ed\u0161e o rozv\u00edjej\u00edc\u00ed se v\u00ed\u0159e jako o takov\u00e9, kter\u00e1 dok\u00e1\u017ee sn\u00e1\u0161et naru\u0161en\u00ed a prosp\u00edvat v tom, co naz\u00fdv\u00e1 \u201edivo\u010dinou\u201c.&nbsp;<\/p>\n\n\n\n<p>Slovo \u201evyv\u00edjej\u00edc\u00ed se\u201c se mi v\u017edycky l\u00edbilo, proto\u017ee mi pom\u00e1h\u00e1 d\u011blat to, co otec Richard Rohr naz\u00fdv\u00e1 \u201ep\u0159ekra\u010dovat a zahrnovat\u201c m\u00e9 zku\u0161enosti s v\u00edrou p\u0159ed t\u00edmto obdob\u00edm i po n\u011bm. Jak jednou \u0159ekla moje drah\u00e1 p\u0159\u00edtelkyn\u011b Rachel Held Evansov\u00e1: \u201eVyv\u00edjej\u00edc\u00ed se v\u00edra je prost\u011b v\u00edra, kter\u00e1 se p\u0159izp\u016fsobila, aby p\u0159e\u017eila.\u201c [1].&nbsp;<\/p>\n\n\n\n<h4 class=\"wp-block-heading\">Vyv\u00edjej\u00edc\u00ed se v\u00edra spojuje nov\u00e9 my\u0161lenky a star\u00e9 cesty<\/h4>\n\n\n\n<p>Pro m\u011b se vyv\u00edjej\u00edc\u00ed v\u00edra &#8230; uk\u00e1zala b\u00fdt o ot\u00e1zk\u00e1ch, zv\u011bdavosti a neust\u00e1l\u00e9m z\u00fa\u010dtov\u00e1n\u00ed s pevnou, up\u0159\u00edmnou v\u00edrou. Vyv\u00edjej\u00edc\u00ed se v\u00edra spojuje nov\u00e9 my\u0161lenky a star\u00e9 cesty. Jde o p\u0159ebudov\u00e1n\u00ed a znovuvytvo\u0159en\u00ed v\u00edry, kter\u00e1 funguje nejen pro n\u00e1s samotn\u00e9, ale i pro cel\u00fd ten \u0161pinav\u00fd, \u0161irok\u00fd a kr\u00e1sn\u00fd sv\u011bt.<\/p>\n\n\n\n<h4 class=\"wp-block-heading\">Rozv\u00edjej\u00ed\u00ed se v\u00edra dob\u0159e zn\u00e1 Bo\u017e\u00ed p\u0159\u00edtomnost<\/h4>\n\n\n\n<p>Pro m\u011b se uk\u00e1zalo, \u017ee je to hluboce soust\u0159ed\u011bn\u00e9 v Je\u017e\u00ed\u0161ov\u011b dobr\u00e9 zpr\u00e1v\u011b. Rozv\u00edjej\u00edc\u00ed se v\u00edra je sv\u00e1tostn\u00e1, ekumenick\u00e1, zt\u011blesn\u011bn\u00e1, velkorys\u00e1, napln\u011bn\u00e1 duchem, pravdiv\u00e1 a zako\u0159en\u011bn\u00e1 v bezpodm\u00edne\u010dn\u00e9, nikdy nekon\u010d\u00edc\u00ed Bo\u017e\u00ed l\u00e1sce&#8230;.. Rozv\u00edjej\u00edc\u00ed se v\u00edra je hou\u017eevnatou a vytrvalou formou v\u011brnosti, kter\u00e1 dob\u0159e zn\u00e1 Bo\u017e\u00ed p\u0159\u00edtomnost v na\u0161ich nejosam\u011blej\u0161\u00edch m\u00edstech a nejhlub\u0161\u00edch ot\u00e1zk\u00e1ch. A vyv\u00edjej\u00edc\u00ed se v\u00edra m\u00e1 prostor pro v\u0161echny cesty, po kter\u00fdch se m\u016f\u017eete pohybovat&#8230;.&nbsp;<\/p>\n\n\n\n<h4 class=\"wp-block-heading\">V\u00edra v\u011bnuje pozornost pozv\u00e1n\u00ed Ducha svat\u00e9ho<\/h4>\n\n\n\n<p>Ka\u017ed\u00fd, kdo dojde na konec sv\u00e9ho \u017eivota s naprosto stejn\u00fdmi n\u00e1zory a p\u0159esv\u011bd\u010den\u00edm, jak\u00e9 m\u011bl na jeho za\u010d\u00e1tku, to d\u011bl\u00e1 \u0161patn\u011b. Proto\u017ee pokud se v pr\u016fb\u011bhu \u017eivota nem\u011bn\u00edme a nevyv\u00edj\u00edme, pak se mus\u00edm pt\u00e1t, zda v\u011bnujeme pozornost pozv\u00e1n\u00ed Ducha svat\u00e9ho, kter\u00e9 je va\u0161\u00edm \u017eivotem.&nbsp;<\/p>\n\n\n\n<p><em>Bessey se d\u011bl\u00ed o povzbuzen\u00ed, kter\u00e9ho se j\u00ed dostalo od jej\u00edho otce, kdy\u017e proch\u00e1zela prob\u00edhaj\u00edc\u00ed poruchou a dekonstrukc\u00ed:<\/em><\/p>\n\n\n\n<h4 class=\"wp-block-heading\">Up\u0159\u00edmn\u00e9 hled\u00e1n\u00ed Boha<\/h4>\n\n\n\n<p>V reakci na m\u00e9 velmi re\u00e1ln\u00e9 a opr\u00e1vn\u011bn\u00e9 obavy z toho, kam m\u011b toto bloud\u011bn\u00ed divo\u010dinou a zpochyb\u0148ov\u00e1n\u00ed zavede, mi [otec] \u0159ekl n\u011bco v tomto smyslu: \u201eNeboj\u00edm se o tebe. Pokud up\u0159\u00edmn\u011b hled\u00e1\u0161 Boha, v\u011b\u0159\u00edm, \u017ee najde\u0161 to, co hled\u00e1\u0161, i kdy\u017e to bude vypadat jinak, ne\u017e jsem na\u0161el j\u00e1.\u201c A tak jsem si uv\u011bdomil, \u017ee to nen\u00ed pravda.&nbsp;<\/p>\n\n\n\n<h4 class=\"wp-block-heading\">Jste hluboce milov\u00e1ni a B\u016fh se o v\u00e1s neboj\u00ed<\/h4>\n\n\n\n<p>Dodnes si pamatuji ten \u00falevn\u00fd v\u00fddech, kter\u00fd moje uleh\u010den\u00e1 du\u0161e p\u0159i jeho slovech za\u017eila, jako kdy\u017e se ze m\u011b snese b\u0159emeno, kter\u00e9 jsem stejn\u011b nemusela n\u00e9st. Bylo to povolen\u00ed k v\u00fdvoji a byla to l\u00e1ska. A tak jsem si to po v\u0161ech t\u011bch letech osvojila jako sv\u016fj vlastn\u00ed p\u0159\u00edstup k t\u011bm, kte\u0159\u00ed jsou na klikat\u00e9 cest\u011b duchovn\u00edho r\u016fstu a formace &#8211; nebojte se.&nbsp;<\/p>\n\n\n\n<p>Neboj\u00edm se o ty, kte\u0159\u00ed se div\u00ed a bloud\u00ed. Neboj\u00edm se o n\u011b ani o n\u011b, o v\u00e1s ani o v\u00e1s&#8230;.. Jste hluboce milov\u00e1ni a B\u016fh se o v\u00e1s neboj\u00ed. V t\u00e9to L\u00e1sce m\u016f\u017eete spo\u010dinout a setrvat, i kdy\u017e hod\u00edte p\u00e1r v\u011bc\u00ed do ohn\u011b.&nbsp;<\/p>\n\n\n\n<p class=\"has-small-font-size\">P\u0159e\u010dt\u011bte si tuto meditaci na str\u00e1nk\u00e1ch cac.org.&nbsp;<\/p>\n\n\n\n<p class=\"has-small-font-size\">Translated with DeepL.com (free version)<\/p>\n\n\n\n<h6 class=\"wp-block-heading\">Prameny:<\/h6>\n\n\n\n<p class=\"has-small-font-size\">[1] Rachel Held Evans, sermon at Evolving Faith Conference, October 26, 2018. See also Evans, introduction to&nbsp;<em>Faith Unraveled<\/em>&nbsp;(Grand Rapids, MI: Zondervan, 2010).&nbsp;<\/p>\n\n\n\n<p class=\"has-small-font-size\">Sarah Bessey,&nbsp;<em>Field Notes for the Wilderness: Practices for an Evolving Faith<\/em>&nbsp;(New York: Convergent, 2024), 11\u201312, 17, 18.&nbsp;&nbsp;<\/p>\n\n\n\n<p class=\"has-small-font-size\"><strong>Image credit and inspiration<\/strong>: Jenna Keiper,&nbsp;<em>cracked stained glass&nbsp;<\/em>(detail), 2020, photo, Albuquerque.&nbsp;<a href=\"https:\/\/email.cac.org\/t\/d-l-ehkhkit-itiuujuudy-k\/\">Click here to enlarge image.<\/a>&nbsp;<em>Like this cracked stained glass, sometimes we have to let the old structures deconstruct in order to make room for the new.<\/em>&nbsp;<\/p>\n","protected":false},"excerpt":{"rendered":"<p>hled\u00e1n\u00ed v\u00edry podle Sarah Bessey:<br \/>\nNeboj\u00edm se o ty, kte\u0159\u00ed se div\u00ed a bloud\u00ed. Neboj\u00edm se o n\u011b ani o n\u011b, o v\u00e1s ani o v\u00e1s&#8230;.. Jste hluboce milov\u00e1ni a B\u016fh se o v\u00e1s neboj\u00ed. V t\u00e9to L\u00e1sce m\u016f\u017eete spo\u010dinout a setrvat, i kdy\u017e hod\u00edte p\u00e1r v\u011bc\u00ed do ohn\u011b.\u00a0<\/p>\n","protected":false},"author":1,"featured_media":9298,"comment_status":"open","ping_status":"open","sticky":false,"template":"","format":"standard","meta":{"footnotes":""},"categories":[6],"tags":[],"class_list":["post-9309","post","type-post","status-publish","format-standard","has-post-thumbnail","hentry","category-frantiskanskarodina","latest_post"],"_links":{"self":[{"href":"https:\/\/www.frantiskani.cz\/index.php\/wp-json\/wp\/v2\/posts\/9309","targetHints":{"allow":["GET"]}}],"collection":[{"href":"https:\/\/www.frantiskani.cz\/index.php\/wp-json\/wp\/v2\/posts"}],"about":[{"href":"https:\/\/www.frantiskani.cz\/index.php\/wp-json\/wp\/v2\/types\/post"}],"author":[{"embeddable":true,"href":"https:\/\/www.frantiskani.cz\/index.php\/wp-json\/wp\/v2\/users\/1"}],"replies":[{"embeddable":true,"href":"https:\/\/www.frantiskani.cz\/index.php\/wp-json\/wp\/v2\/comments?post=9309"}],"version-history":[{"count":1,"href":"https:\/\/www.frantiskani.cz\/index.php\/wp-json\/wp\/v2\/posts\/9309\/revisions"}],"predecessor-version":[{"id":9310,"href":"https:\/\/www.frantiskani.cz\/index.php\/wp-json\/wp\/v2\/posts\/9309\/revisions\/9310"}],"wp:featuredmedia":[{"embeddable":true,"href":"https:\/\/www.frantiskani.cz\/index.php\/wp-json\/wp\/v2\/media\/9298"}],"wp:attachment":[{"href":"https:\/\/www.frantiskani.cz\/index.php\/wp-json\/wp\/v2\/media?parent=9309"}],"wp:term":[{"taxonomy":"category","embeddable":true,"href":"https:\/\/www.frantiskani.cz\/index.php\/wp-json\/wp\/v2\/categories?post=9309"},{"taxonomy":"post_tag","embeddable":true,"href":"https:\/\/www.frantiskani.cz\/index.php\/wp-json\/wp\/v2\/tags?post=9309"}],"curies":[{"name":"wp","href":"https:\/\/api.w.org\/{rel}","templated":true}]}}