{"id":9339,"date":"2024-09-05T09:09:04","date_gmt":"2024-09-05T07:09:04","guid":{"rendered":"https:\/\/www.frantiskani.cz\/?p=9339"},"modified":"2024-09-05T09:10:43","modified_gmt":"2024-09-05T07:10:43","slug":"divat-se-je-akt-lasky","status":"publish","type":"post","link":"https:\/\/www.frantiskani.cz\/index.php\/2024\/09\/05\/divat-se-je-akt-lasky\/","title":{"rendered":"D\u00edvat se je akt l\u00e1sky"},"content":{"rendered":"\n<h6 class=\"wp-block-heading\">T\u0159ic\u00e1t\u00fd \u0161est\u00fd t\u00fdden: P\u0159\u00e1telstv\u00ed s p\u0159\u00edrodou<\/h6>\n\n\n\n<p><em>Byli jsme milenci, kte\u0159\u00ed &#8230; se rozhodli u\u010dinit sv\u011bt lep\u0161\u00edm m\u00edstem t\u00edm, \u017ee zpomal\u00ed na dostate\u010dn\u011b dlouhou dobu, aby zaplatili za jeho zlep\u0161en\u00ed &#8211; v\u011bnuj\u00edce mu pozornost, uctivou, dokonce svatou pozornost l\u00e1sky.-Brian McLaren, Galap\u00e1gy<\/em><\/p>\n\n\n\n<p><em>Brian McLaren se zam\u00fd\u0161l\u00ed nad t\u00edm, \u017ee v\u011bnov\u00e1n\u00ed pozornosti \u017eelv\u00e1m je formou l\u00e1sky:<\/em><em>\u202f\u202f<\/em><\/p>\n\n\n\n<h4 class=\"wp-block-heading\">Soust\u0159ed\u011bn\u00e1 pozornost<\/h4>\n\n\n\n<p>Na ka\u017ed\u00e9m m\u00edst\u011b jsme [j\u00e1 a moji spole\u010dn\u00edci] pro\u017e\u00edvali trval\u00e9 okam\u017eiky sd\u00edlen\u00e9, soust\u0159ed\u011bn\u00e9 pozornosti, tak sd\u00edlen\u00e9 a soust\u0159ed\u011bn\u00e9, \u017ee jsme zapomn\u011bli sami na sebe. Po zna\u010dnou dobu jsme byli vtahov\u00e1ni mimo sebe do pozorov\u00e1n\u00ed jin\u00e9ho \u010dlov\u011bka, jako u jin\u00e9ho druhu.\u202f<\/p>\n\n\n\n<h4 class=\"wp-block-heading\">\u017delvy n\u00e1s zcela pohltily&#8230;..\u202f\u202f<\/h4>\n\n\n\n<p>Tam byly ony &#8211; tam jsme byli my. Zaujat\u00e9. Vta\u017eeni. Okouzleni. Na minuty, dokonce i na hodiny. A\u0165 u\u017e ve voln\u00e9 p\u0159\u00edrod\u011b, nebo v chovatelsk\u00e9m centru, odevzdali jsme se jim, jejich zvyk\u016fm, tempu, pohod\u011b, vid\u011bli jsme sv\u011bt ve sv\u011btle jejich pot\u0159eb a z\u00e1jm\u016f.&nbsp;<\/p>\n\n\n\n<p>Odevzdali jsme sv\u00e1 srdce t\u011bmto jedine\u010dn\u00fdm tvor\u016fm, kte\u0159\u00ed jsou jedine\u010dn\u00fdmi rysy tohoto jedine\u010dn\u00e9ho sv\u011bta.\u202f\u202f<\/p>\n\n\n\n<h4 class=\"wp-block-heading\">a my je milovali<\/h4>\n\n\n\n<p>Velk\u00e9 spisovatelky Marilynne Robinsonov\u00e9 se jednou tazatel zeptal: \u201eJak\u00e1 jedin\u00e1 v\u011bc by ud\u011blala sv\u011bt obecn\u011b lep\u0161\u00edm m\u00edstem?\u201c \u201eAno,\u201c odpov\u011bd\u011bla Robinsonov\u00e1.\u202f<\/p>\n\n\n\n<p>Odpov\u011bd\u011bla: \u201eV\u00edce ho milovat.\u201c\u202f[1]<\/p>\n\n\n\n<p>A pak p\u0159i\u0161lo odhalen\u00ed: t\u00edm, \u017ee jsme milovali tyto jedine\u010dn\u00e9 tvory, kte\u0159\u00ed jsou jedine\u010dn\u00fdmi rysy tohoto jedine\u010dn\u00e9ho sv\u011bta, jsme d\u011blali sv\u011bt lep\u0161\u00edm.<\/p>\n\n\n\n<h4 class=\"wp-block-heading\">tak, \u017ee jsme zapomenuli na sebe<\/h4>\n\n\n\n<p>Nepochybuji o tom ani v jedin\u00e9 nervov\u00e9 synaps\u00ed sv\u00e9ho mozku&#8230;..<\/p>\n\n\n\n<p>N\u00e1\u0161 pozorn\u00fd z\u00e1\u017eitek sebezapomn\u011bn\u00ed a cel\u00fdm srdcem pozorov\u00e1n\u00ed \u017eelv byl v prav\u00e9m slova smyslu extatick\u00fd. Byli jsme vytr\u017eeni sami ze sebe p\u0159i kontemplaci tvora, kter\u00fd se od n\u00e1s v mnoha ohledech tolik li\u0161\u00ed, ale v jin\u00fdch je n\u00e1m podobn\u00fd. Dalo by se \u0159\u00edci, \u017ee jsme se vymanili ze sv\u00fdch b\u011b\u017en\u00fdch starost\u00ed a propadli l\u00e1sce. Nebo povstali do l\u00e1sky. Nebo jsme se do n\u00ed pustili. Nebo do n\u00ed sko\u010dili.\u202f\u202f<\/p>\n\n\n\n<h4 class=\"wp-block-heading\">Jsme spaseni nejen v\u00edrou, ale tak\u00e9 l\u00e1skou. L\u00e1ska je druh v\u00edry<\/h4>\n\n\n\n<p>Mo\u017en\u00e1 by se star\u00e1 fr\u00e1ze (d\u00edky, Kierkegaarde!) \u201eskok v\u00edry\u201c &#8230; l\u00e9pe vyj\u00e1d\u0159ila jako skok l\u00e1sky.\u202f\u202f<\/p>\n\n\n\n<p>V\u00edm, \u017ee Je\u017e\u00ed\u0161 i svat\u00fd Pavel \u0159\u00edkali, \u017ee na\u0161e v\u00edra n\u00e1s zachr\u00e1n\u00ed. A j\u00e1 to ch\u00e1pu. Ale zaj\u00edmalo by m\u011b, zda je stejn\u011b pravdiv\u00e9 \u0159\u00edci, \u017ee pokud m\u00e1me b\u00fdt spaseni, nebude to jen v\u00edrou, ale tak\u00e9 l\u00e1skou. Ne\u0159ekl p\u0159ece Je\u017e\u00ed\u0161, \u017ee l\u00e1ska je jedin\u00fdm nejv\u011bt\u0161\u00edm p\u0159\u00edkazem, a ne\u0159ekl Pavel, \u017ee bez l\u00e1sky nic jin\u00e9ho, co m\u00e1me (v\u010detn\u011b v\u00edry, kter\u00e1 hory p\u0159en\u00e1\u0161\u00ed), neznamen\u00e1 ani kopec fazol\u00ed&#8230;? Mo\u017en\u00e1, \u017ee l\u00e1ska zahrnuje jako samoz\u0159ejmost druh v\u00edry, na kter\u00e9 opravdu z\u00e1le\u017e\u00ed. To by jist\u011b platilo, kdyby m\u011bl pravdu jin\u00fd hlas v Nov\u00e9m z\u00e1kon\u011b, kter\u00fd bez okolk\u016f \u0159ekl: \u201eB\u016fh je l\u00e1ska a ti, kdo z\u016fst\u00e1vaj\u00ed v l\u00e1sce, z\u016fst\u00e1vaj\u00ed v Bohu a B\u016fh z\u016fst\u00e1v\u00e1 v nich\u201c (1 Jan 4,16).\u202f\u202f<\/p>\n\n\n\n<h4 class=\"wp-block-heading\">D\u00edv\u00e1me-li se s&nbsp;l\u00e1skou je sv\u011bt o n\u011bco lep\u0161\u00ed<\/h4>\n\n\n\n<p>Mohlo by to b\u00fdt d\u016fvodem, pro\u010d se &#8230; [mnoz\u00ed lid\u00e9] p\u0159ipojuj\u00ed jeden k druh\u00e9mu a mo\u017en\u00e1 i ke sv\u00e9mu Stvo\u0159iteli v l\u00e1sce k t\u011bmto v\u00fdtvor\u016fm, k t\u011bmto \u017eelv\u00e1m&#8230;?\u202f\u202f<\/p>\n\n\n\n<p>D\u00edv\u00e1m se na n\u011b s lidskou laskavost\u00ed a s hlub\u0161\u00edm lidsk\u00fdm v\u011bdom\u00edm &#8230; na\u0161\u00ed hlubok\u00e9, nevyhnuteln\u00e9 sp\u0159\u00edzn\u011bnosti.&nbsp;<\/p>\n\n\n\n<p>D\u00edv\u00e1m se s l\u00e1skou.&nbsp;<\/p>\n\n\n\n<p>A sv\u011bt je n\u011bjak o n\u011bco lep\u0161\u00ed.\u202f\u202f<\/p>\n\n\n\n<p class=\"has-small-font-size\">P\u0159e\u010dt\u011bte si tuto meditaci na cac.org.&nbsp;<\/p>\n\n\n\n<p class=\"has-small-font-size\">Translated with DeepL.com (free version)<\/p>\n\n\n\n<h6 class=\"wp-block-heading\">Prameny:<\/h6>\n\n\n\n<p class=\"has-small-font-size\">[1] Lisa Allardice, interview with Marilynne Robinson,&nbsp;<em>The Guardian<\/em>, July 6, 2018.&nbsp;<\/p>\n\n\n\n<p class=\"has-small-font-size\">Brian D. McLaren,&nbsp;<a href=\"https:\/\/email.cac.org\/t\/d-l-ekrvky-itiuujuudy-h\/\"><em>The Gal\u00e1pagos Islands: A Spiritual Journey<\/em><\/a>&nbsp;(Minneapolis, MN: Fortress Press, 2019), 203\u2013205, 207\u2013208, 221.&nbsp;&nbsp;<\/p>\n\n\n\n<p class=\"has-small-font-size\"><strong>Image credit and inspiration<\/strong>: Jenna Keiper,&nbsp;<em>love and reeds&nbsp;<\/em>(detail), 2021, photo, Los Angeles.&nbsp;<a href=\"https:\/\/email.cac.org\/t\/d-l-ekrvky-itiuujuudy-k\/\">Click here to enlarge image<\/a>.&nbsp;<em>We love nature as a friend, holding it gently and developing a relationship through our bodies.<\/em>&nbsp;<\/p>\n","protected":false},"excerpt":{"rendered":"<p>Brian McLaren: Mo\u017en\u00e1, \u017ee l\u00e1ska zahrnuje jako samoz\u0159ejmost druh v\u00edry, na kter\u00e9 opravdu z\u00e1le\u017e\u00ed. To by jist\u011b platilo, kdyby m\u011bl pravdu jin\u00fd hlas v Nov\u00e9m z\u00e1kon\u011b, kter\u00fd bez okolk\u016f \u0159ekl: \u201eB\u016fh je l\u00e1ska a ti, kdo z\u016fst\u00e1vaj\u00ed v l\u00e1sce, z\u016fst\u00e1vaj\u00ed v Bohu a B\u016fh z\u016fst\u00e1v\u00e1 v nich\u201c (1 Jan 4,16).\u202f\u202f<\/p>\n","protected":false},"author":1,"featured_media":9324,"comment_status":"open","ping_status":"open","sticky":false,"template":"","format":"standard","meta":{"footnotes":""},"categories":[198],"tags":[1829,154,599],"class_list":["post-9339","post","type-post","status-publish","format-standard","has-post-thumbnail","hentry","category-richard-rohr-ofm-centrum-pro-zivot-a-rozjimani","tag-divat-se-s-laskou","tag-laska","tag-vira","latest_post"],"_links":{"self":[{"href":"https:\/\/www.frantiskani.cz\/index.php\/wp-json\/wp\/v2\/posts\/9339","targetHints":{"allow":["GET"]}}],"collection":[{"href":"https:\/\/www.frantiskani.cz\/index.php\/wp-json\/wp\/v2\/posts"}],"about":[{"href":"https:\/\/www.frantiskani.cz\/index.php\/wp-json\/wp\/v2\/types\/post"}],"author":[{"embeddable":true,"href":"https:\/\/www.frantiskani.cz\/index.php\/wp-json\/wp\/v2\/users\/1"}],"replies":[{"embeddable":true,"href":"https:\/\/www.frantiskani.cz\/index.php\/wp-json\/wp\/v2\/comments?post=9339"}],"version-history":[{"count":1,"href":"https:\/\/www.frantiskani.cz\/index.php\/wp-json\/wp\/v2\/posts\/9339\/revisions"}],"predecessor-version":[{"id":9340,"href":"https:\/\/www.frantiskani.cz\/index.php\/wp-json\/wp\/v2\/posts\/9339\/revisions\/9340"}],"wp:featuredmedia":[{"embeddable":true,"href":"https:\/\/www.frantiskani.cz\/index.php\/wp-json\/wp\/v2\/media\/9324"}],"wp:attachment":[{"href":"https:\/\/www.frantiskani.cz\/index.php\/wp-json\/wp\/v2\/media?parent=9339"}],"wp:term":[{"taxonomy":"category","embeddable":true,"href":"https:\/\/www.frantiskani.cz\/index.php\/wp-json\/wp\/v2\/categories?post=9339"},{"taxonomy":"post_tag","embeddable":true,"href":"https:\/\/www.frantiskani.cz\/index.php\/wp-json\/wp\/v2\/tags?post=9339"}],"curies":[{"name":"wp","href":"https:\/\/api.w.org\/{rel}","templated":true}]}}