{"id":9344,"date":"2024-09-06T08:14:44","date_gmt":"2024-09-06T06:14:44","guid":{"rendered":"https:\/\/www.frantiskani.cz\/?p=9344"},"modified":"2024-09-06T08:14:47","modified_gmt":"2024-09-06T06:14:47","slug":"zamilujte-se-do-mista","status":"publish","type":"post","link":"https:\/\/www.frantiskani.cz\/index.php\/2024\/09\/06\/zamilujte-se-do-mista\/","title":{"rendered":"Zamilujte se do m\u00edsta"},"content":{"rendered":"\n<h6 class=\"wp-block-heading\">T\u0159ic\u00e1t\u00fd \u0161est\u00fd t\u00fdden: P\u0159\u00e1telstv\u00ed s p\u0159\u00edrodou<\/h6>\n\n\n\n<p><em>Brian McLaren spojuje na\u0161i l\u00e1sku k p\u0159\u00edrod\u011b s na\u0161\u00edm smutkem a hn\u011bvem, kdy\u017e se s n\u00ed zach\u00e1z\u00ed bez \u00facty a p\u00e9\u010de:&nbsp;<\/em><\/p>\n\n\n\n<h4 class=\"wp-block-heading\">Hn\u011bv na ni\u010ditele p\u0159\u00edrody<\/h4>\n\n\n\n<p>V pr\u016fb\u011bhu let jsem se anga\u017eoval v mnoha r\u016fzn\u00fdch oblastech aktivismu a to, co n\u00e1s v na\u0161\u00ed aktivistick\u00e9 pr\u00e1ci podporuje a motivuje, je \u010dasto hn\u011bv. To je legitimn\u00ed, proto\u017ee v\u0161ude, kde vid\u00edme nespravedlnost, bychom m\u011bli b\u00fdt na\u0161tvan\u00ed. Ale hn\u011bv &#8230; m\u016f\u017ee na\u0161i motivaci otr\u00e1vit, pokud je hn\u011bv to jedin\u00e9, co n\u00e1s poh\u00e1n\u00ed.<\/p>\n\n\n\n<h4 class=\"wp-block-heading\">Hn\u011bv vede ke smutku<\/h4>\n\n\n\n<p>&nbsp;Proto si mysl\u00edm, \u017ee n\u00e1m \u010dasto pom\u00e1h\u00e1, kdy\u017e vysledujeme, jak \u010dasto \u0159\u00edk\u00e1 otec Richard, \u017ee n\u00e1\u0161 hn\u011bv vede ke smutku, a pak vysledovat, jak n\u00e1\u0161 smutek vede k l\u00e1sce. Pr\u00e1v\u011b proto, \u017ee n\u011bco milujeme, c\u00edt\u00edme z\u00e1rmutek, kdy\u017e je to ohro\u017eeno. Ve skute\u010dnosti jedna z m\u00fdch obl\u00edben\u00fdch definic z\u00e1rmutku \u0159\u00edk\u00e1, \u017ee z\u00e1rmutek je l\u00e1ska, kter\u00e1 p\u0159etrv\u00e1v\u00e1, kdy\u017e to, co milujeme, odch\u00e1z\u00ed. To, co milujeme, se sna\u017e\u00edme zachr\u00e1nit, a proto tolik z n\u00e1s vn\u00edm\u00e1 sv\u011bt p\u0159\u00edrody kolem sebe s takovou n\u011bhou, s takov\u00fdm smutkem, n\u011bkdy s takov\u00fdm hn\u011bvem, proto\u017ee to, co milujeme, odch\u00e1z\u00ed. [1]&nbsp;<\/p>\n\n\n\n<p><em>Autorka Lydia Wylie-Kellermannov\u00e1 popisuje sv\u016fj p\u0159\u00edstup k tomu, jak pomoci sv\u00fdm d\u011btem zamilovat si n\u011bjak\u00e9 m\u00edsto:<\/em><\/p>\n\n\n\n<h4 class=\"wp-block-heading\">Milovat pro z\u00e1chranu<\/h4>\n\n\n\n<p>Mysl\u00edm, \u017ee to je jedna z nejd\u016fle\u017eit\u011bj\u0161\u00edch a nejradik\u00e1ln\u011bj\u0161\u00edch prac\u00ed, kterou m\u016f\u017eeme jako rodi\u010de mal\u00fdch d\u011bt\u00ed ud\u011blat: pomoci jim poznat zemi, kde \u017eij\u00ed. T\u00edm je vychov\u00e1v\u00e1me k tomu, aby si toto m\u00edsto zamilovaly &#8211; a nakonec je tato l\u00e1ska m\u016f\u017ee v\u00e9st k p\u0159edstavivosti a \u010dinnosti pro klimatickou spravedlnost&#8230;..\u00a0<\/p>\n\n\n\n<h4 class=\"wp-block-heading\">Milovat m\u016f\u017eeme jen to co zn\u00e1me<\/h4>\n\n\n\n<p>A tak si leh\u00e1me na b\u0159icho a sledujeme, jak miz\u00ed ml\u00e9\u010dnice, jak housenka tloustne. Toul\u00e1me se po okol\u00ed a hled\u00e1me sva\u010dinu v podob\u011b divok\u00fdch vinn\u00fdch hrozn\u016f, tyg\u0159\u00edch lili\u00ed a ko\u0159en\u016f krajky kr\u00e1lovny Anny. Po\u0159\u00e1d\u00e1me ok\u00e1zal\u00e9 poh\u0159by pro padl\u00e9 vrabce a t\u011b\u0161\u00edme se, kdy\u017e n\u00e1s p\u0159ijde nav\u0161t\u00edvit va\u010dice&#8230;.. Nech\u00e1v\u00e1me si mezi prsty pronikat bl\u00e1to a \u0161plh\u00e1me po jablon\u00edch. Ka\u017ed\u00fdm okam\u017eikem se toto m\u00edsto u\u010d\u00edme. V\u0161ichni se zamilov\u00e1v\u00e1me&#8230;.&nbsp;<\/p>\n\n\n\n<p><em>Daniel Berrigan, jezuitsk\u00fd m\u00edrov\u00fd aktivista, dnes ji\u017e milovan\u00fd p\u0159edek, jednou \u0159ekl:<\/em><\/p>\n\n\n\n<h4 class=\"wp-block-heading\">Post\u016fjte na sv\u00fdch m\u00edstech v p\u0159\u00edrod\u011b<\/h4>\n\n\n\n<p>\u201eNed\u011blejte jen tak n\u011bco. St\u016fjte tam.\u201c St\u00e1t na jednom m\u00edst\u011b a neh\u00fdbat se je sou\u010d\u00e1st\u00ed pr\u00e1ce. A kr\u00e1sn\u00e1 \u010d\u00e1st, kter\u00e1 vede k pozn\u00e1n\u00ed, intimit\u011b a vztahu. Odpor proti ni\u010den\u00ed klimatu m\u016f\u017ee b\u00fdt pomalou prac\u00ed p\u0159\u00edtomnosti na m\u00edst\u011b tv\u00e1\u0159\u00ed v tv\u00e1\u0159 pom\u00edjiv\u00e9mu a rychl\u00e9mu sv\u011btu.&nbsp;<\/p>\n\n\n\n<h4 class=\"wp-block-heading\">Zamilovat se znamen\u00e1 zm\u011bnit se v sob\u011b.&nbsp;<\/h4>\n\n\n\n<p>Nikdo z n\u00e1s nezachr\u00e1n\u00ed tuto planetu s\u00e1m. M\u016f\u017eeme v\u0161ak zm\u011bnit vzorce ni\u010den\u00ed v na\u0161em vlastn\u00edm ekosyst\u00e9mu. Pokud pozn\u00e1me m\u00edsto a bl\u00e1zniv\u011b se zamilujeme, jak bychom mohli nezas\u00e1hnout do destrukce a neprov\u00e1d\u011bt zm\u011bny? [3]<\/p>\n\n\n\n<p class=\"has-small-font-size\">P\u0159e\u010dt\u011bte si tuto meditaci na str\u00e1nk\u00e1ch cac.org.&nbsp;<\/p>\n\n\n\n<p class=\"has-small-font-size\">Translated with DeepL.com (free version)<\/p>\n\n\n\n<h6 class=\"wp-block-heading\">Prameny:<\/h6>\n\n\n\n<p class=\"has-small-font-size\">[1] Adapted from Brian McLaren, \u201cSeeing Nature as a Lover (Part Two) with Miriam Smith,\u201d\u202f<em><a href=\"https:\/\/email.cac.org\/t\/d-l-ekretd-tlkrhyidn-h\/\">Learning How to See<\/a><\/em>, season 6, ep. 5 (Albuquerque, NM: Center for Action and Contemplation, 2024), podcast.&nbsp;<a href=\"https:\/\/email.cac.org\/t\/d-l-ekretd-tlkrhyidn-k\/\">Available as MP3 audio download and PDF transcript.<\/a>&nbsp;<\/p>\n\n\n\n<p class=\"has-small-font-size\">[2] Baba Dioum to the IUCN General Assembly, New Delhi, 1968: \u201cIn the end we will conserve only what we love; we will love only what we understand; and we will understand only what we are taught.\u201d&nbsp;<\/p>\n\n\n\n<p class=\"has-small-font-size\">[3] Lydia Wylie-Kellermann,&nbsp;<em>This Sweet Earth: Walking with Our Children in the Age of Climate Collapse<\/em>&nbsp;(Minneapolis, MN: Broadleaf Books, 2024), 23, 27.&nbsp;<\/p>\n\n\n\n<p class=\"has-small-font-size\"><strong>Image credit and inspiration<\/strong>: Jenna Keiper,&nbsp;<em>love and reeds&nbsp;<\/em>(detail), 2021, photo, Los Angeles.&nbsp;<a href=\"https:\/\/email.cac.org\/t\/d-l-ekretd-tlkrhyidn-u\/\">Click here to enlarge image<\/a>.&nbsp;<em>We love nature as a friend, holding it gently and developing a relationship through our bodies.<\/em>&nbsp;<\/p>\n","protected":false},"excerpt":{"rendered":"<p>Mysl\u00edm, \u017ee to je jedna z nejd\u016fle\u017eit\u011bj\u0161\u00edch a nejradik\u00e1ln\u011bj\u0161\u00edch prac\u00ed, kterou m\u016f\u017eeme jako rodi\u010de mal\u00fdch d\u011bt\u00ed ud\u011blat: pomoci jim poznat zemi, kde \u017eij\u00ed. T\u00edm je vychov\u00e1v\u00e1me k tomu, aby si toto m\u00edsto zamilovaly &#8211; a nakonec je tato l\u00e1ska m\u016f\u017ee v\u00e9st k p\u0159edstavivosti a \u010dinnosti pro klimatickou spravedlnost&#8230;..\u00a0<\/p>\n","protected":false},"author":1,"featured_media":9324,"comment_status":"open","ping_status":"open","sticky":false,"template":"","format":"standard","meta":{"footnotes":""},"categories":[198],"tags":[1080,1830,200],"class_list":["post-9344","post","type-post","status-publish","format-standard","has-post-thumbnail","hentry","category-richard-rohr-ofm-centrum-pro-zivot-a-rozjimani","tag-ekologie","tag-laska-k-prirode","tag-priroda","latest_post"],"_links":{"self":[{"href":"https:\/\/www.frantiskani.cz\/index.php\/wp-json\/wp\/v2\/posts\/9344","targetHints":{"allow":["GET"]}}],"collection":[{"href":"https:\/\/www.frantiskani.cz\/index.php\/wp-json\/wp\/v2\/posts"}],"about":[{"href":"https:\/\/www.frantiskani.cz\/index.php\/wp-json\/wp\/v2\/types\/post"}],"author":[{"embeddable":true,"href":"https:\/\/www.frantiskani.cz\/index.php\/wp-json\/wp\/v2\/users\/1"}],"replies":[{"embeddable":true,"href":"https:\/\/www.frantiskani.cz\/index.php\/wp-json\/wp\/v2\/comments?post=9344"}],"version-history":[{"count":1,"href":"https:\/\/www.frantiskani.cz\/index.php\/wp-json\/wp\/v2\/posts\/9344\/revisions"}],"predecessor-version":[{"id":9345,"href":"https:\/\/www.frantiskani.cz\/index.php\/wp-json\/wp\/v2\/posts\/9344\/revisions\/9345"}],"wp:featuredmedia":[{"embeddable":true,"href":"https:\/\/www.frantiskani.cz\/index.php\/wp-json\/wp\/v2\/media\/9324"}],"wp:attachment":[{"href":"https:\/\/www.frantiskani.cz\/index.php\/wp-json\/wp\/v2\/media?parent=9344"}],"wp:term":[{"taxonomy":"category","embeddable":true,"href":"https:\/\/www.frantiskani.cz\/index.php\/wp-json\/wp\/v2\/categories?post=9344"},{"taxonomy":"post_tag","embeddable":true,"href":"https:\/\/www.frantiskani.cz\/index.php\/wp-json\/wp\/v2\/tags?post=9344"}],"curies":[{"name":"wp","href":"https:\/\/api.w.org\/{rel}","templated":true}]}}