{"id":9453,"date":"2024-09-27T08:39:47","date_gmt":"2024-09-27T06:39:47","guid":{"rendered":"https:\/\/www.frantiskani.cz\/?p=9453"},"modified":"2024-09-27T08:39:48","modified_gmt":"2024-09-27T06:39:48","slug":"ochrana-ticha-a-samoty","status":"publish","type":"post","link":"https:\/\/www.frantiskani.cz\/index.php\/2024\/09\/27\/ochrana-ticha-a-samoty\/","title":{"rendered":"Ochrana ticha a samoty"},"content":{"rendered":"\n<h6 class=\"wp-block-heading\">T\u0159ic\u00e1t\u00fd dev\u00e1t\u00fd t\u00fdden: P\u011bstov\u00e1n\u00ed kontemplativn\u00edho v\u011bdom\u00ed<\/h6>\n\n\n\n<p><em>B\u011bhem let, kdy vyu\u010doval a p\u0159ipravoval programy v r\u00e1mci CAC, otec Richard vyva\u017eoval aktivn\u00ed a kontemplativn\u00ed \u017eivot:&nbsp;<\/em><\/p>\n\n\n\n<h4 class=\"wp-block-heading\">Fale\u0161n\u00e9 j\u00e1 m\u00e1 v\u017edy prvn\u00ed reakci<\/h4>\n\n\n\n<p>Jsem stejn\u00fd jako vy. Na v\u011bt\u0161inu situac\u00ed reaguji bezprost\u0159edn\u011b reakc\u00ed p\u0159ipoutanosti, obranyschopnosti, posuzov\u00e1n\u00ed, kontroly a anal\u00fdzy. Um\u00edm l\u00e9pe kalkulovat ne\u017e kontemplovat. P\u0159iznejme si, \u017ee v\u011bt\u0161ina z n\u00e1s za\u010d\u00edn\u00e1 pr\u00e1v\u011b tam. Zd\u00e1 se, \u017ee fale\u0161n\u00e9 j\u00e1 m\u00e1 \u201eprvn\u00ed pohled\u201c t\u00e9m\u011b\u0159 na v\u0161echno.<\/p>\n\n\n\n<h4 class=\"wp-block-heading\">Teprve druh\u00e1 reakce je kontempltivn\u00ed<\/h4>\n\n\n\n<p>V lep\u0161\u00edch dnech, kdy jsem otev\u0159en\u00fd, nebr\u00e1n\u011bn\u00fd a bezprost\u0159edn\u011b p\u0159\u00edtomn\u00fd, mohu n\u011bkdy za\u010d\u00edt kontemplativn\u00edm pohledem mysli a srdce. \u010casto se tam mohu dostat pozd\u011bji a dokonce tam i skon\u010dit, ale obvykle je to druh\u00fd pohled. Je to boj z hodiny na hodinu, alespo\u0148 pro m\u011b. U\u017e ch\u00e1pu, pro\u010d tolik duchovn\u00edch tradic trv\u00e1 na ka\u017edodenn\u00ed modlitb\u011b, vlastn\u011b na rann\u00ed, poledn\u00ed, ve\u010dern\u00ed a tak\u00e9 na modlitb\u011b p\u0159ed span\u00edm! Jinak se mohu domn\u00edvat, \u017ee jsem op\u011bt v tempomatu mal\u00e9ho a osobn\u00edho z\u00e1jmu, uboh\u00e9ho a k\u0159ehk\u00e9ho \u201erichardovsk\u00e9ho\u201c j\u00e1.<\/p>\n\n\n\n<h4 class=\"wp-block-heading\">Jako \u0159eholn\u00edk jsem m\u011bl na kontemplaci v\u00edce \u010dasu<\/h4>\n\n\n\n<p>Moje franti\u0161k\u00e1nsk\u00e1 tradice a p\u0159edstaven\u00ed mi v t\u011bchto pozd\u011bj\u0161\u00edch letech dovolili \u017e\u00edt o samot\u011b, v mal\u00e9 \u201epoustevn\u011b\u201c za kl\u00e1\u0161terem a farnost\u00ed. Kdy\u017e jsem doma, mohu si ka\u017ed\u00fd den chr\u00e1nit dlouh\u00e9 hodiny ticha a samoty, kter\u00e9 vypl\u0148uji specifick\u00fdm \u010dasem modlitby, studia, psan\u00ed den\u00edku a spis\u016f, duchovn\u00ed \u010detby, zahradni\u010den\u00ed, proch\u00e1zek a pouh\u00e9ho naz\u00edr\u00e1n\u00ed. Je to luxus, kter\u00fd v\u011bt\u0161ina lid\u00ed pravd\u011bpodobn\u011b nem\u00e1. M\u016fj \u010das na cest\u00e1ch, kter\u00fd \u010dasto tvo\u0159\u00ed a\u017e 50 % \u010dasu, je mnohem t\u011b\u017e\u0161\u00ed vybalancovat a pravd\u011bpodobn\u011b se v\u00edce podob\u00e1 va\u0161emu \u017eivotu.&nbsp;<\/p>\n\n\n\n<h4 class=\"wp-block-heading\">Sna\u017e\u00edm se ka\u017ed\u00fd den z\u00edskat samotu a ticho<\/h4>\n\n\n\n<p>V praktick\u00e9 rovin\u011b je m\u016fj den doma dv\u011bma extr\u00e9my: oba jsou velmi ru\u0161n\u00e9 (n\u00e1v\u0161t\u011bvy a telefon\u00e1ty, poradci, pr\u00e1ce v CAC, po\u0161ta, psan\u00ed a n\u011bjak\u00e1 pr\u00e1ce ve farnosti Svat\u00e9 rodiny), p\u0159esto je na opa\u010dn\u00e9 stran\u011b m\u016fj \u017eivot velmi klidn\u00fd a osam\u011bl\u00fd. Vyh\u00fdb\u00e1m se v\u011bt\u0161in\u011b spole\u010densk\u00fdch setk\u00e1n\u00ed, up\u0159\u00edmn\u011b \u0159e\u010deno proto, \u017ee v\u00edm, \u017ee moje du\u0161e m\u00e1 jin\u00e9 ot\u00e1zky, kter\u00e9 mus\u00edm kl\u00e1st a na kter\u00e9 mus\u00edm odpov\u00eddat, jak st\u00e1rnu. M\u00e1lomluvnost a \u201ezanepr\u00e1zdn\u011bnost mnoha v\u011bcmi\u201c m\u011b k nim nedostanou.&nbsp;<\/p>\n\n\n\n<h4 class=\"wp-block-heading\">V&nbsp;praxi existuj\u00ed probl\u00e9my, nevyh\u00fdb\u00e1m se jim<\/h4>\n\n\n\n<p>Na\u0161e praxe, a\u0165 u\u017e je jak\u00e1koli, mus\u00ed n\u011bjak zahrnovat probl\u00e9m. Kontemplace nen\u00ed vyh\u00fdb\u00e1n\u00ed se probl\u00e9mu, ale ka\u017edodenn\u00ed splynut\u00ed s probl\u00e9mem a nalezen\u00ed n\u011bjak\u00e9ho \u0159e\u0161en\u00ed. Tuto lekci se v kontemplaci rychle a pokorn\u011b nau\u010d\u00edme: Jak d\u011bl\u00e1me cokoli, tak pravd\u011bpodobn\u011b d\u011bl\u00e1me v\u0161echno.<\/p>\n\n\n\n<h4 class=\"wp-block-heading\">And\u011bl\u00e9 i d\u00e9moni mne vedou k&nbsp;Bo\u017esk\u00e9 intimint\u011b<\/h4>\n\n\n\n<p>Trvalo mi velkou \u010d\u00e1st \u017eivota, ne\u017e jsem se za\u010dal dost\u00e1vat k druh\u00e9mu pohledu. Od p\u0159\u00edrody m\u00e1m kritickou mysl a n\u00e1ro\u010dn\u00e9 srdce a jsem netrp\u011bliv\u00fd. To jsou m\u00e9 dary i proklet\u00ed. P\u0159esto se zd\u00e1, \u017ee jedno bez druh\u00e9ho nemohu m\u00edt. Nemohu riskovat, \u017ee ztrat\u00edm kontakt ani se sv\u00fdmi and\u011bly, ani se sv\u00fdmi d\u00e9mony. Oba jsou dobr\u00fdmi u\u010diteli. \u017divot v samot\u011b a tichu jim umo\u017e\u0148uje oboj\u00ed a v\u017edy m\u011b p\u0159iv\u00e1d\u00ed k druh\u00e9mu pohledu. Pohled soucitu, kter\u00fd se d\u00edv\u00e1 na \u017eivot z m\u00edsta Bo\u017esk\u00e9 intimity, je skute\u010dn\u011b to jedin\u00e9, co m\u00e1m, a to jedin\u00e9, co mohu d\u00e1t, i kdy\u017e to ne v\u017edy d\u011bl\u00e1m.&nbsp;<\/p>\n\n\n\n<p class=\"has-small-font-size\">P\u0159e\u010dt\u011bte si tuto meditaci na cac.org.&nbsp;<\/p>\n\n\n\n<p class=\"has-small-font-size\">Translated with DeepL.com (free version)<\/p>\n\n\n\n<h6 class=\"wp-block-heading\">Prameny:<\/h6>\n\n\n\n<p class=\"has-small-font-size\">Adapted from Richard Rohr, \u201cContemplation and Compassion: The Second Gaze,\u201d&nbsp;<em>Radical Grace<\/em>&nbsp;18, no.6 (November\u2013December 2005): 3, 15.&nbsp;<\/p>\n\n\n\n<p class=\"has-small-font-size\"><strong>Image credit and inspiration:<\/strong>&nbsp;Jacob Bentzinger,&nbsp;<em>untitled&nbsp;<\/em>(detail), 2023, photo,&nbsp;<a href=\"https:\/\/email.cac.org\/t\/d-l-ekuejt-itiuujuudy-u\/\">Unsplash<\/a>.&nbsp;<a href=\"https:\/\/email.cac.org\/t\/d-l-ekuejt-itiuujuudy-o\/\">Click here to enlarge image.<\/a>&nbsp;<em>Like the light of a stained-glass window making new patterns and shapes on a wall, we look at old things and old ways with new eyes and discover new ways of being.<\/em>&nbsp;<\/p>\n\n\n\n<p><\/p>\n","protected":false},"excerpt":{"rendered":"<p>R.Rohr: Na\u0161e praxe, a\u0165 u\u017e je jak\u00e1koli, mus\u00ed n\u011bjak zahrnovat probl\u00e9m. Kontemplace nen\u00ed vyh\u00fdb\u00e1n\u00ed se probl\u00e9mu, ale ka\u017edodenn\u00ed splynut\u00ed s probl\u00e9mem a nalezen\u00ed n\u011bjak\u00e9ho \u0159e\u0161en\u00ed. Tuto lekci se v kontemplaci rychle a pokorn\u011b nau\u010d\u00edme: Jak d\u011bl\u00e1me cokoli, tak pravd\u011bpodobn\u011b d\u011bl\u00e1me v\u0161echno.<\/p>\n","protected":false},"author":1,"featured_media":9431,"comment_status":"open","ping_status":"open","sticky":false,"template":"","format":"standard","meta":{"footnotes":""},"categories":[198],"tags":[1774,401],"class_list":["post-9453","post","type-post","status-publish","format-standard","has-post-thumbnail","hentry","category-richard-rohr-ofm-centrum-pro-zivot-a-rozjimani","tag-kazdodenni","tag-kontemplace","latest_post"],"_links":{"self":[{"href":"https:\/\/www.frantiskani.cz\/index.php\/wp-json\/wp\/v2\/posts\/9453","targetHints":{"allow":["GET"]}}],"collection":[{"href":"https:\/\/www.frantiskani.cz\/index.php\/wp-json\/wp\/v2\/posts"}],"about":[{"href":"https:\/\/www.frantiskani.cz\/index.php\/wp-json\/wp\/v2\/types\/post"}],"author":[{"embeddable":true,"href":"https:\/\/www.frantiskani.cz\/index.php\/wp-json\/wp\/v2\/users\/1"}],"replies":[{"embeddable":true,"href":"https:\/\/www.frantiskani.cz\/index.php\/wp-json\/wp\/v2\/comments?post=9453"}],"version-history":[{"count":1,"href":"https:\/\/www.frantiskani.cz\/index.php\/wp-json\/wp\/v2\/posts\/9453\/revisions"}],"predecessor-version":[{"id":9454,"href":"https:\/\/www.frantiskani.cz\/index.php\/wp-json\/wp\/v2\/posts\/9453\/revisions\/9454"}],"wp:featuredmedia":[{"embeddable":true,"href":"https:\/\/www.frantiskani.cz\/index.php\/wp-json\/wp\/v2\/media\/9431"}],"wp:attachment":[{"href":"https:\/\/www.frantiskani.cz\/index.php\/wp-json\/wp\/v2\/media?parent=9453"}],"wp:term":[{"taxonomy":"category","embeddable":true,"href":"https:\/\/www.frantiskani.cz\/index.php\/wp-json\/wp\/v2\/categories?post=9453"},{"taxonomy":"post_tag","embeddable":true,"href":"https:\/\/www.frantiskani.cz\/index.php\/wp-json\/wp\/v2\/tags?post=9453"}],"curies":[{"name":"wp","href":"https:\/\/api.w.org\/{rel}","templated":true}]}}