{"id":9459,"date":"2024-09-28T08:13:14","date_gmt":"2024-09-28T06:13:14","guid":{"rendered":"https:\/\/www.frantiskani.cz\/?p=9459"},"modified":"2024-09-28T08:16:50","modified_gmt":"2024-09-28T06:16:50","slug":"pestovani-kontemplativniho-vedomi","status":"publish","type":"post","link":"https:\/\/www.frantiskani.cz\/index.php\/2024\/09\/28\/pestovani-kontemplativniho-vedomi\/","title":{"rendered":"P\u011bstov\u00e1n\u00ed kontemplativn\u00edho v\u011bdom\u00ed"},"content":{"rendered":"\n<h6 class=\"wp-block-heading\">Shrnut\u00ed t\u0159ic\u00e1t\u00e9ho dev\u00e1t\u00e9ho t\u00fddne- 22. z\u00e1\u0159\u00ed &#8211; 27. z\u00e1\u0159\u00ed 2024<\/h6>\n\n\n\n<h4 class=\"wp-block-heading\">Ned\u011ble<\/h4>\n\n\n\n<p>Pro praktiky kontemplace je zde d\u016fle\u017eit\u00e9 m\u00edsto. Nezavrhuji je, ale jak\u00e1koli praxe kontemplace je tu proto, aby n\u00e1m pomohla udr\u017eet to, co se do\u010dasn\u011b nau\u010d\u00edme prost\u0159ednictv\u00edm velk\u00e9 l\u00e1sky nebo velk\u00e9ho utrpen\u00ed. -Richard Rohr&nbsp;<\/p>\n\n\n\n<h4 class=\"wp-block-heading\">Pond\u011bl\u00ed<\/h4>\n\n\n\n<p>Touha po mni\u0161stv\u00ed je vlastn\u00ed lidsk\u00e9mu \u017eivotu &#8211; univerz\u00e1ln\u00ed kvalit\u011b byt\u00ed, kter\u00e1 n\u00e1s neust\u00e1le t\u00e1hne do ticha. Hlubok\u00e9 j\u00e1 hled\u00e1 od \u017eivota n\u011bco radik\u00e1ln\u011bj\u0161\u00edho a intenzivn\u011bj\u0161\u00edho a tou\u017e\u00ed se spojit se sv\u00fdm Zdrojem. To je mnich v n\u00e1s. -Beverly Lanzetta<\/p>\n\n\n\n<h4 class=\"wp-block-heading\">\u00dater\u00fd<\/h4>\n\n\n\n<p>Za\u010dal jsem si uv\u011bdomovat, \u017ee ze v\u0161eho nejv\u00edc tou\u017e\u00edm znovu zakotvit ve zku\u0161enosti spole\u010dn\u00e9 p\u0159\u00edtomnosti s Bohem, kter\u00e1 tak prom\u011b\u0148ovala m\u016fj \u017eivot u\u017e od d\u011btstv\u00ed a kter\u00e1 se v kl\u00e1\u0161te\u0159e je\u0161t\u011b v\u00edce prohloubila. -James Finley<\/p>\n\n\n\n<h4 class=\"wp-block-heading\">St\u0159eda<\/h4>\n\n\n\n<p>\u017d\u00edt jako mystik znamen\u00e1 orientovat se cel\u00fdm sv\u00fdm j\u00e1 na posv\u00e1tno. Jde o to c\u00edlen\u011b se d\u00edvat optikou l\u00e1sky. -Mirabai Starrov\u00e1<\/p>\n\n\n\n<h4 class=\"wp-block-heading\">\u010ctvrtek<\/h4>\n\n\n\n<p>Pro v\u011bt\u0161inu hleda\u010d\u016f Boha nen\u00ed mo\u017en\u00e9, a dokonce ani \u017e\u00e1douc\u00ed, \u017e\u00edt v odlehl\u00e9 samot\u011b nebo vstoupit do mni\u0161sk\u00e9ho \u0159\u00e1du. V\u00e1\u017e\u00edm si toho, \u017ee chod\u00edm do \u00fastran\u00ed, a vy\u017e\u00edv\u00e1m se v modlitb\u011b mni\u0161sk\u00fdch hodin, ale m\u00fdm skute\u010dn\u00fdm povol\u00e1n\u00edm nen\u00ed b\u00fdt mnichem. M\u00fdm povol\u00e1n\u00edm je prost\u011b b\u00fdt co nejlaskav\u011bj\u0161\u00ed verz\u00ed sebe sama. -Mark Longhurst<\/p>\n\n\n\n<h4 class=\"wp-block-heading\">P\u00e1tek<\/h4>\n\n\n\n<p>Moje franti\u0161k\u00e1nsk\u00e1 tradice a p\u0159edstaven\u00ed mi v t\u011bchto pozd\u011bj\u0161\u00edch letech dovolili \u017e\u00edt o samot\u011b, v mal\u00e9 \u201epoustevn\u011b\u201c za kl\u00e1\u0161terem a farnost\u00ed. Kdy\u017e jsem doma, mohu si ka\u017ed\u00fd den chr\u00e1nit dlouh\u00e9 hodiny ticha a samoty, kter\u00e9 vypl\u0148uji specifick\u00fdm \u010dasem modlitby, studia, psan\u00ed den\u00edku a spis\u016f, duchovn\u00ed \u010detby, zahradni\u010den\u00ed, proch\u00e1zek a pouh\u00e9ho naz\u00edr\u00e1n\u00ed.&nbsp; -Richard Rohr&nbsp;<\/p>\n\n\n\n<h1 class=\"wp-block-heading\">\u010cistota srdce<\/h1>\n\n\n\n<h6 class=\"wp-block-heading\">T\u0159ic\u00e1t\u00fd dev\u00e1t\u00fd t\u00fdden<\/h6>\n\n\n\n<p><em>&nbsp;Benediktinsk\u00e1 sestra Joan Chittisterov\u00e1 ozna\u010duje \u010distotu srdce za z\u00e1kladn\u00ed z\u00e1vazek pou\u0161tn\u00edch mnich\u016f:&nbsp;<\/em><\/p>\n\n\n\n<h4 class=\"wp-block-heading\">praxe Bo\u017e\u00ed p\u0159\u00edtomnosti a z\u00e1vazek \u010distoty srdce<\/h4>\n\n\n\n<p>Pou\u0161tn\u00ed mni\u0161i postavili svou spiritualitu na dvou hlavn\u00edch my\u0161lenk\u00e1ch: praxi Bo\u017e\u00ed p\u0159\u00edtomnosti a z\u00e1vazku \u010distoty srdce. \u00dapln\u00e9 soust\u0159ed\u011bn\u00ed na jedinou nezbytnou v\u011bc &#8211; srdce soust\u0159ed\u011bn\u00e9 na Bo\u017e\u00ed v\u016fli a l\u00e1sku &#8211; ur\u010dovalo ka\u017edou \u010dinnost v jejich \u017eivot\u011b. \u010cistota srdce, tento z\u00e1vazek k v\u011bdom\u00ed Boha, byla laserov\u00fdm paprskem mni\u0161sk\u00e9ho \u017eivota. Tvo\u0159ilo opera\u010dn\u00ed centrum, energii a kormidlo jejich \u017eivota&#8230;..&nbsp;<\/p>\n\n\n\n<h4 class=\"wp-block-heading\">Oddanost c\u00edly<\/h4>\n\n\n\n<p>Oddanost n\u011b\u010demu n\u00e1s udr\u017euje v rozletu, i kdy\u017e si mysl\u00edme, \u017ee u\u017e nen\u00ed kam j\u00edt. \u00da\u010del n\u00e1m d\u00e1v\u00e1 pocit d\u016fle\u017eitosti, chu\u0165 ud\u011blat p\u0159\u00ed\u0161t\u011b je\u0161t\u011b v\u00edc, je\u0161t\u011b l\u00e9pe, bez ohledu na to, kolik v\u011bc\u00ed jsme u\u017e ud\u011blali. A kone\u010dn\u011b, d\u00edky pocitu c\u00edle, odhodl\u00e1n\u00ed, stoj\u00ed za to ka\u017ed\u00e9 r\u00e1no vst\u00e1vat, a\u0165 u\u017e vyhrajeme, nebo prohrajeme. Je to neochv\u011bjn\u00e9 odhodl\u00e1n\u00ed ud\u011blat to, co je t\u0159eba ud\u011blat, a\u0165 u\u017e to trv\u00e1 jakkoli dlouho, a\u0165 u\u017e to dokon\u010d\u00edme, nebo ne. Pro pou\u0161tn\u00edho mnicha bylo c\u00edlem pokra\u010dovat v nekone\u010dn\u00e9m hled\u00e1n\u00ed Boha&#8230;..&nbsp;<\/p>\n\n\n\n<h4 class=\"wp-block-heading\">Naprost\u00e9 soust\u0159ed\u011bn\u00ed<\/h4>\n\n\n\n<p>O tom nen\u00ed pochyb: Naprost\u00e9 soust\u0159ed\u011bn\u00ed na jedinou nezbytnou v\u011bc &#8211; srdce soust\u0159ed\u011bn\u00e9 na Bo\u017e\u00ed v\u016fli a l\u00e1sku &#8211; ur\u010duje ka\u017ed\u00fd \u010din va\u0161eho \u017eivota. Provede v\u00e1s \u017eivotem stejn\u011b jako \u017eivot v\u00e1s &#8211; jen s v\u011bt\u0161\u00edm napln\u011bn\u00edm. Je to maj\u00e1k z pou\u0161t\u011b, kter\u00fd t\u011b je\u0161t\u011b vyz\u00fdv\u00e1, abys pokra\u010doval ve sv\u00e9m vlastn\u00edm \u00fasil\u00ed o Bo\u017e\u00ed p\u0159\u00edtomnost, aby ses v\u017edy soust\u0159edil na \u010distotu srdce, kter\u00e9 hled\u00e1 jen jednu v\u011bc a v\u017edy.&nbsp;<\/p>\n\n\n\n<h4 class=\"wp-block-heading\">\u010cistota srdce je dar<\/h4>\n\n\n\n<p>Va\u0161e srdce je skute\u010dn\u00fdm kompasem va\u0161eho \u017eivota. Pou\u0161tn\u00ed mni\u0161i to v\u011bd\u011bli ji\u017e p\u0159ed v\u00edce ne\u017e patn\u00e1cti sty lety a vy to v\u00edte dosud: \u010cistota srdce je dar, kter\u00fd t\u011b vede, vede t\u011b, pase t\u011b od jednoho konce \u017eivota k druh\u00e9mu, v\u017edy spokojen\u00fd s v\u011bdom\u00edm, \u017ee jsi ud\u011blal to, pro co ses narodil. Co jin\u00e9ho by mohlo m\u00edt cenu \u017eivota?&nbsp;<\/p>\n\n\n\n<p class=\"has-small-font-size\">&nbsp;P\u0159e\u010dt\u011bte si tuto meditaci na str\u00e1nk\u00e1ch cac.org.&nbsp;&nbsp;<\/p>\n\n\n\n<p class=\"has-small-font-size\">Translated with DeepL.com (free version)<\/p>\n\n\n\n<h6 class=\"wp-block-heading\">Prameny:<\/h6>\n\n\n\n<p class=\"has-small-font-size\">Joan Chittister, <em>The Monastic Heart: 50 Simple Practices for a Contemplative and Fulfilling Life<\/em> (New York: Convergent, 2021), 238, 239\u2013241.&nbsp;&nbsp;<\/p>\n\n\n\n<p class=\"has-small-font-size\"><strong>Image credit and inspiration:<\/strong> Jacob Bentzinger, <em>untitled <\/em>(detail), 2023, photo, <a href=\"https:\/\/email.cac.org\/t\/d-l-ekuedy-itiuujuudy-x\/\">Unsplash<\/a>. <a href=\"https:\/\/email.cac.org\/t\/d-l-ekuedy-itiuujuudy-m\/\">Click here to enlarge image.<\/a> <em>Like the light of a stained-glass window making new patterns and shapes on a wall, we look at old things and old ways with new eyes and discover new ways of being. <\/em>&nbsp;<\/p>\n","protected":false},"excerpt":{"rendered":"<p>Benediktinsk\u00e1 sestra Joan Chittisterov\u00e1: Va\u0161e srdce je skute\u010dn\u00fdm kompasem va\u0161eho \u017eivota. Pou\u0161tn\u00ed mni\u0161i to v\u011bd\u011bli ji\u017e p\u0159ed v\u00edce ne\u017e patn\u00e1cti sty lety a vy to v\u00edte dosud: \u010cistota srdce je dar, kter\u00fd t\u011b vede, vede t\u011b, pase t\u011b od jednoho konce \u017eivota k druh\u00e9mu, v\u017edy spokojen\u00fd s v\u011bdom\u00edm, \u017ee jsi ud\u011blal to, pro co ses narodil. Co jin\u00e9ho by mohlo m\u00edt cenu \u017eivota?\u00a0<\/p>\n","protected":false},"author":1,"featured_media":9431,"comment_status":"open","ping_status":"open","sticky":false,"template":"","format":"standard","meta":{"footnotes":""},"categories":[198],"tags":[],"class_list":["post-9459","post","type-post","status-publish","format-standard","has-post-thumbnail","hentry","category-richard-rohr-ofm-centrum-pro-zivot-a-rozjimani","latest_post"],"_links":{"self":[{"href":"https:\/\/www.frantiskani.cz\/index.php\/wp-json\/wp\/v2\/posts\/9459","targetHints":{"allow":["GET"]}}],"collection":[{"href":"https:\/\/www.frantiskani.cz\/index.php\/wp-json\/wp\/v2\/posts"}],"about":[{"href":"https:\/\/www.frantiskani.cz\/index.php\/wp-json\/wp\/v2\/types\/post"}],"author":[{"embeddable":true,"href":"https:\/\/www.frantiskani.cz\/index.php\/wp-json\/wp\/v2\/users\/1"}],"replies":[{"embeddable":true,"href":"https:\/\/www.frantiskani.cz\/index.php\/wp-json\/wp\/v2\/comments?post=9459"}],"version-history":[{"count":1,"href":"https:\/\/www.frantiskani.cz\/index.php\/wp-json\/wp\/v2\/posts\/9459\/revisions"}],"predecessor-version":[{"id":9460,"href":"https:\/\/www.frantiskani.cz\/index.php\/wp-json\/wp\/v2\/posts\/9459\/revisions\/9460"}],"wp:featuredmedia":[{"embeddable":true,"href":"https:\/\/www.frantiskani.cz\/index.php\/wp-json\/wp\/v2\/media\/9431"}],"wp:attachment":[{"href":"https:\/\/www.frantiskani.cz\/index.php\/wp-json\/wp\/v2\/media?parent=9459"}],"wp:term":[{"taxonomy":"category","embeddable":true,"href":"https:\/\/www.frantiskani.cz\/index.php\/wp-json\/wp\/v2\/categories?post=9459"},{"taxonomy":"post_tag","embeddable":true,"href":"https:\/\/www.frantiskani.cz\/index.php\/wp-json\/wp\/v2\/tags?post=9459"}],"curies":[{"name":"wp","href":"https:\/\/api.w.org\/{rel}","templated":true}]}}