{"id":9462,"date":"2024-09-29T08:18:32","date_gmt":"2024-09-29T06:18:32","guid":{"rendered":"https:\/\/www.frantiskani.cz\/?p=9462"},"modified":"2024-09-29T08:18:33","modified_gmt":"2024-09-29T06:18:33","slug":"otevirame-se-lasce","status":"publish","type":"post","link":"https:\/\/www.frantiskani.cz\/index.php\/2024\/09\/29\/otevirame-se-lasce\/","title":{"rendered":"Otev\u00edr\u00e1me se l\u00e1sce"},"content":{"rendered":"\n<h6 class=\"wp-block-heading\">\u010cty\u0159ic\u00e1t\u00fd t\u00fdden: Dychtiv\u00fd milovat<\/h6>\n\n\n\n<p><em>V\u00edm jen, \u017ee jsem nev\u011bd\u011bla, co je to l\u00e1ska, dokud jsem nepotkala tu, kter\u00e1 se st\u00e1le otev\u00edrala a otev\u00edrala a otev\u00edrala.&nbsp; -Christian Wiman, Moje jasn\u00e1 propast<\/em><\/p>\n\n\n\n<p><em>Otec Richard Rohr popisuje \u201edychtivost milovat\u201c, kter\u00e1 charakterizovala \u017eivot a spiritualitu svat\u00e9ho Franti\u0161ka z Assisi (1182-1226):<\/em><\/p>\n\n\n\n<h4 class=\"wp-block-heading\">Franti\u0161ek dychtil po l\u00e1sce<\/h4>\n\n\n\n<p>Pokud je na\u0161\u00edm jedin\u00fdm c\u00edlem milovat, neexistuje nic takov\u00e9ho jako selh\u00e1n\u00ed. Franti\u0161ek z Assisi usp\u011bl v \u017eivot\u011b s jedn\u00edm srdcem, v n\u011bm\u017e jeho jedin\u00fdm c\u00edlem byla l\u00e1ska. D\u00edky t\u00e9to intenzivn\u00ed dychtivosti po l\u00e1sce se cel\u00fd jeho \u017eivot stal \u00fa\u017easn\u00fdm v\u00edt\u011bzstv\u00edm lidsk\u00e9ho a bo\u017esk\u00e9ho ducha a uk\u00e1zal, jak kr\u00e1sn\u011b spolupracuj\u00ed.&nbsp;<\/p>\n\n\n\n<h4 class=\"wp-block-heading\">Setk\u00e1val se s l\u00e1skou<\/h4>\n\n\n\n<p>Tato dychtivost milovat je j\u00e1drem a z\u00e1kladem Franti\u0161kova duchovn\u00edho g\u00e9nia. Setk\u00e1val se s l\u00e1skou, kter\u00e1 se mu st\u00e1le otev\u00edrala, a tot\u00e9\u017e pak p\u0159ed\u00e1val d\u00e1l t\u00edm, \u017ee se \u201eotev\u00edral a otev\u00edral\u201c st\u00e1le v\u011bt\u0161\u00edmu sv\u011btu kolem sebe. Ochotn\u011b se propadl do \u201esv\u011btl\u00e9 propasti\u201c, [1] jak ji naz\u00fdv\u00e1 b\u00e1sn\u00edk Christian Wiman, kde je ve\u0161ker\u00e9 v\u00e1\u017een\u00ed a po\u010d\u00edt\u00e1n\u00ed zbyte\u010dn\u00e9, a dokonce zat\u011b\u017euj\u00edc\u00ed.&nbsp;<\/p>\n\n\n\n<h4 class=\"wp-block-heading\">Neb\u00e1l se milovat<\/h4>\n\n\n\n<p>Po sv\u00e9m obr\u00e1cen\u00ed \u017eil Franti\u0161ek po zbytek \u017eivota v \u00fapln\u011b jin\u00e9 ekonomii &#8211; nesmysln\u00e9 ekonomii milosti, kde dv\u011b plus dv\u011b se rovn\u00e1 sto a deficit je jaksi v\u00fdhodou. Takov\u00e1 prom\u011bna du\u0161e, jak v p\u0159\u00edlivu, tak v odlivu, je pro Franti\u0161ka zku\u0161enostn\u00edm j\u00e1drem evangelia. Tajemstv\u00ed k\u0159\u00ed\u017ee pak dovedl k jeho univerz\u00e1ln\u00ed aplikaci, nebo\u0165 poznal, \u017ee jak p\u0159ij\u00edm\u00e1n\u00ed l\u00e1sky, tak jej\u00ed propou\u0161t\u011bn\u00ed pro druh\u00e9 je v\u017edy velmi re\u00e1ln\u00fdm um\u00edr\u00e1n\u00edm pro n\u00e1\u0161 sou\u010dasn\u00fd stav. Kdykoli se rozhodneme milovat, budeme &#8211; a mus\u00edme &#8211; um\u00edrat tomu, k\u00fdm jsme byli p\u0159edt\u00edm, ne\u017e jsme milovali. Proto se \u010dasto dr\u017e\u00edme zp\u00e1tky. Na\u0161e d\u0159\u00edv\u011bj\u0161\u00ed j\u00e1 je n\u00e1m objektem na\u0161\u00ed l\u00e1sky odebr\u00e1no. Uv\u011bdom\u00edme si, \u017ee se tak stalo, a\u017e kdy\u017e se pust\u00edme, jinak bychom se pravd\u011bpodobn\u011b v\u017edycky b\u00e1li milovat.\u202f<\/p>\n\n\n\n<p><em>Richard poukazuje na jednoduchost, kter\u00e1 \u010din\u00ed Franti\u0161kovu slu\u017ebu v\u00fdjime\u010dnou:&nbsp;<\/em><\/p>\n\n\n\n<h4 class=\"wp-block-heading\">\u017e\u00edt v\u00edru d\u0159\u00edve ne\u017e o n\u00ed mluvit<\/h4>\n\n\n\n<p>Pro Franti\u0161ka musel b\u00fdt prost\u0159edek stejn\u00fd jako poselstv\u00ed &#8211; jinak by se samotn\u00e9 poselstv\u00ed rychle ztratilo. Pouze l\u00e1ska m\u016f\u017ee hledat, d\u00e1vat nebo p\u0159ij\u00edmat l\u00e1sku. Je to t\u00e9m\u011b\u0159 tak jednoduch\u00e9. Franti\u0161ek vytvo\u0159il pro sv\u00e9 n\u00e1sledovn\u00edky zcela jinou t\u0159\u00eddu, jak\u00fdsi podzemn\u00ed semin\u00e1\u0159, chcete-li, kde jsme my franti\u0161k\u00e1ni museli v\u00edru \u017e\u00edt d\u0159\u00edve, ne\u017e jsme o v\u00ed\u0159e mluvili. Na\u0161e \u0159ehole byla zpo\u010d\u00e1tku jen \u201etipy na cestu\u201c, putovn\u00ed a \u017eebrav\u00fd \u017eivotn\u00ed styl, ponor do m\u011bsta i naprost\u00e1 samota v p\u0159\u00edrod\u011b, kde bylo mo\u017en\u00e9 l\u00e1sku zakusit a dotknout se j\u00ed, mnohem v\u00edce ne\u017e ve form\u00e1ln\u00ed semin\u00e1rn\u00ed t\u0159\u00edd\u011b, kde by se mohla jen definovat.<\/p>\n\n\n\n<h4 class=\"wp-block-heading\">\u201el\u00e1ska [Boha], kter\u00fd n\u00e1s velmi miloval, je velmi milovat\u201c<\/h4>\n\n\n\n<p>Ve franti\u0161k\u00e1nsk\u00e9m \u010dten\u00ed evangelia nen\u00ed d\u016fvod b\u00fdt \u0159eholn\u00edkem nebo milovat Boha jinak ne\u017e v pozn\u00e1n\u00ed, \u017ee \u201el\u00e1ska [Boha], kter\u00fd n\u00e1s velmi miloval, je velmi milovat\u201c, jak \u0159ekl Franti\u0161ek. [2] N\u00e1bo\u017eenstv\u00ed nen\u00ed o hrdinsk\u00e9 s\u00edle v\u016fle, o v\u00edt\u011bzstv\u00ed nebo o tom, \u017ee m\u00e1me pravdu. To bylo ve v\u011bt\u0161in\u011b k\u0159es\u0165ansk\u00fdch d\u011bjin fale\u0161nou n\u00e1hra\u017ekou svatosti.\u202fSkute\u010dn\u00fd r\u016fst ve svatosti je r\u016fstem v ochot\u011b b\u00fdt milov\u00e1n a milovat.&nbsp;&nbsp;<\/p>\n\n\n\n<p class=\"has-small-font-size\">P\u0159e\u010dt\u011bte si tuto meditaci na str\u00e1nk\u00e1ch cac.org.&nbsp;<\/p>\n\n\n\n<p class=\"has-small-font-size\">Translated with DeepL.com (free version)<\/p>\n\n\n\n<h6 class=\"wp-block-heading\">Prameny:<\/h6>\n\n\n\n<p class=\"has-small-font-size\">[1] Christian Wiman,&nbsp;<em>My Bright Abyss: Meditation of a Modern Believer (<\/em>New York: Farrar, Straus and Giroux, 2013), 3.\u202f&nbsp;<\/p>\n\n\n\n<p class=\"has-small-font-size\">[2] Thomas of Celano,&nbsp;<em>The Remembrance of the Desire of a Soul<\/em>&nbsp;148, in&nbsp;<em>Francis of Assisi: Early&nbsp;<\/em>Documents, vol. 2<em>,<\/em>&nbsp;<em>The Founder&nbsp;<\/em>(Hyde Park, NY: New City Press, 2000), 373.&nbsp;<\/p>\n\n\n\n<p class=\"has-small-font-size\">Adapted from Richard Rohr,&nbsp;<em><a href=\"https:\/\/email.cac.org\/t\/d-l-euluta-itiuujuudy-h\/\">Eager to Love: The Alternative Way of Francis of Assisi<\/a><\/em>&nbsp;(Cincinnati, OH: Franciscan Media, 2014), 191\u2013192, 197, 104.<\/p>\n\n\n\n<p class=\"has-small-font-size\"><strong>Image credit and inspiration<\/strong>: Dimitri Kadiev,&nbsp;<em>Be Praised\u2014mural of Francis and Clare on the side of the CAC&nbsp;<\/em>(detail), photo of paint on adobe wall.&nbsp;<a href=\"https:\/\/email.cac.org\/t\/d-l-euluta-itiuujuudy-k\/\">Click here to enlarge image.<\/a>&nbsp;<em>This mural art on the outside of the CAC represents Francis\u2019 love and acceptance of life in its varied and diverse manifestations.<\/em>&nbsp;<\/p>\n\n\n\n<p><\/p>\n","protected":false},"excerpt":{"rendered":"<p>R.Rohr: Ve franti\u0161k\u00e1nsk\u00e9m \u010dten\u00ed evangelia nen\u00ed d\u016fvod b\u00fdt \u0159eholn\u00edkem nebo milovat Boha jinak ne\u017e v pozn\u00e1n\u00ed, \u017ee \u201el\u00e1ska [Boha], kter\u00fd n\u00e1s velmi miloval, je velmi milovat\u201c, jak \u0159ekl Franti\u0161ek. [2] N\u00e1bo\u017eenstv\u00ed nen\u00ed o hrdinsk\u00e9 s\u00edle v\u016fle, o v\u00edt\u011bzstv\u00ed nebo o tom, \u017ee m\u00e1me pravdu. To bylo ve v\u011bt\u0161in\u011b k\u0159es\u0165ansk\u00fdch d\u011bjin fale\u0161nou n\u00e1hra\u017ekou svatosti.\u202fSkute\u010dn\u00fd r\u016fst ve svatosti je r\u016fstem v ochot\u011b b\u00fdt milov\u00e1n a milovat.\u00a0<\/p>\n","protected":false},"author":1,"featured_media":9463,"comment_status":"open","ping_status":"open","sticky":false,"template":"","format":"standard","meta":{"footnotes":""},"categories":[198],"tags":[154,636,599],"class_list":["post-9462","post","type-post","status-publish","format-standard","has-post-thumbnail","hentry","category-richard-rohr-ofm-centrum-pro-zivot-a-rozjimani","tag-laska","tag-svatost","tag-vira","latest_post"],"_links":{"self":[{"href":"https:\/\/www.frantiskani.cz\/index.php\/wp-json\/wp\/v2\/posts\/9462","targetHints":{"allow":["GET"]}}],"collection":[{"href":"https:\/\/www.frantiskani.cz\/index.php\/wp-json\/wp\/v2\/posts"}],"about":[{"href":"https:\/\/www.frantiskani.cz\/index.php\/wp-json\/wp\/v2\/types\/post"}],"author":[{"embeddable":true,"href":"https:\/\/www.frantiskani.cz\/index.php\/wp-json\/wp\/v2\/users\/1"}],"replies":[{"embeddable":true,"href":"https:\/\/www.frantiskani.cz\/index.php\/wp-json\/wp\/v2\/comments?post=9462"}],"version-history":[{"count":1,"href":"https:\/\/www.frantiskani.cz\/index.php\/wp-json\/wp\/v2\/posts\/9462\/revisions"}],"predecessor-version":[{"id":9464,"href":"https:\/\/www.frantiskani.cz\/index.php\/wp-json\/wp\/v2\/posts\/9462\/revisions\/9464"}],"wp:featuredmedia":[{"embeddable":true,"href":"https:\/\/www.frantiskani.cz\/index.php\/wp-json\/wp\/v2\/media\/9463"}],"wp:attachment":[{"href":"https:\/\/www.frantiskani.cz\/index.php\/wp-json\/wp\/v2\/media?parent=9462"}],"wp:term":[{"taxonomy":"category","embeddable":true,"href":"https:\/\/www.frantiskani.cz\/index.php\/wp-json\/wp\/v2\/categories?post=9462"},{"taxonomy":"post_tag","embeddable":true,"href":"https:\/\/www.frantiskani.cz\/index.php\/wp-json\/wp\/v2\/tags?post=9462"}],"curies":[{"name":"wp","href":"https:\/\/api.w.org\/{rel}","templated":true}]}}