{"id":9468,"date":"2024-09-30T09:17:25","date_gmt":"2024-09-30T07:17:25","guid":{"rendered":"https:\/\/www.frantiskani.cz\/?p=9468"},"modified":"2024-09-30T09:17:28","modified_gmt":"2024-09-30T07:17:28","slug":"praktikovani-evangelia","status":"publish","type":"post","link":"https:\/\/www.frantiskani.cz\/index.php\/2024\/09\/30\/praktikovani-evangelia\/","title":{"rendered":"Praktikov\u00e1n\u00ed evangelia"},"content":{"rendered":"\n<h6 class=\"wp-block-heading\">\u010cty\u0159ic\u00e1t\u00fd t\u00fdden: Dychtiv\u00fd milovat<\/h6>\n\n\n\n<p><em>Otec Richard ozna\u010duje za j\u00e1dro franti\u0161k\u00e1nsk\u00e9 spirituality a Je\u017e\u00ed\u0161ova evangelia radik\u00e1ln\u00ed zm\u011bnu \u017eivotn\u00edho stylu:<\/em><\/p>\n\n\n\n<h4 class=\"wp-block-heading\">lid\u00e9 maj\u00ed v\u011bt\u0161\u00ed sklon \u017e\u00edt v nov\u00fdch zp\u016fsobech my\u0161len\u00ed ne\u017e myslet v nov\u00fdch zp\u016fsobech \u017eivota<\/h4>\n\n\n\n<p>Pro Franti\u0161ka a Kl\u00e1ru z Assisi se Je\u017e\u00ed\u0161 stal n\u011bk\u00fdm, koho je t\u0159eba skute\u010dn\u011b napodobovat, ne jen uct\u00edvat. Proto\u017ee s\u00e1m Je\u017e\u00ed\u0161 byl pokorn\u00fd a chud\u00fd, Franti\u0161ek u\u010dinil z \u010dist\u00e9ho a prost\u00e9ho napodobov\u00e1n\u00ed Je\u017e\u00ed\u0161e sv\u016fj \u017eivotn\u00ed program. Ve skute\u010dnosti to \u010dasto d\u011blal a\u017e absurdn\u011b doslovn\u00fdm zp\u016fsobem. Byl fundamentalistou &#8211; ne co se t\u00fd\u010de u\u010den\u00ed P\u00edsma, ale co se t\u00fd\u010de \u017eivotn\u00edho stylu P\u00edsma: nic si neber na cestu, jez, co je ti p\u0159edlo\u017eeno, pracuj za svou mzdu, nenos boty. To je pro v\u011bt\u0161inu k\u0159es\u0165an\u016f st\u00e1le revolu\u010dn\u00ed my\u0161len\u00ed, a\u010dkoli je to samotn\u00e1 \u201ed\u0159e\u0148 evangelia\u201c, abychom pou\u017eili Franti\u0161kovu vlastn\u00ed fr\u00e1zi. [1] Franti\u0161ek v\u011bd\u011bl, \u017ee lid\u00e9 maj\u00ed v\u011bt\u0161\u00ed sklon \u017e\u00edt v nov\u00fdch zp\u016fsobech my\u0161len\u00ed ne\u017e myslet v nov\u00fdch zp\u016fsobech \u017eivota.\u202f(To je jedna ze z\u00e1kladn\u00edch z\u00e1sad CAC.)<\/p>\n\n\n\n<h4 class=\"wp-block-heading\">ran\u00e9 praktick\u00e9 k\u0159es\u0165anstv\u00ed<\/h4>\n\n\n\n<p>\u201eKdy\u017e jsme slab\u00ed, jsme siln\u00ed\u201c (2 Kor 12,10) mohlo b\u00fdt mottem prvn\u00edch franti\u0161k\u00e1n\u016f. Franti\u0161ek ve sv\u00e9 prvn\u00ed \u0159eholi napsal: \u201eMus\u00ed se radovat, kdy\u017e \u017eij\u00ed mezi lidmi, kte\u0159\u00ed jsou pova\u017eov\u00e1ni za m\u00e1lo hodnotn\u00e9.\u201c V tomto smyslu se Franti\u0161ek sna\u017eil o to, aby se Franti\u0161kovi da\u0159ilo. [2] Z biblick\u00e9ho hlediska se v nich odr\u00e1\u017eelo ran\u00e9 praktick\u00e9 k\u0159es\u0165anstv\u00ed, kter\u00e9 najdeme v Jakubov\u011b listu, a mystika v\u00fdchodn\u00ed c\u00edrkve zalo\u017een\u00e1 na srdci. Zat\u00edmco v\u011bt\u0161ina mu\u017esk\u00fdch franti\u0161k\u00e1n\u016f se nakonec stala klerikalizovan\u00fdmi a \u0159\u00e1dn\u00fdmi c\u00edrkevn\u00edky, my jsme tak neza\u010d\u00ednali.<\/p>\n\n\n\n<h4 class=\"wp-block-heading\">Pro\u010d ned\u011bl\u00e1te to, \u010demu \u0159\u00edk\u00e1te, \u017ee v\u011b\u0159\u00edte<\/h4>\n\n\n\n<p>Prvn\u00ed franti\u0161k\u00e1ni a klarisky (\u017eeny, kter\u00e9 n\u00e1sledovaly Kl\u00e1ru z Assisi) cht\u011bli b\u00fdt praktiky evangelia, a ne pouh\u00fdmi \u201einspektory\u201c nebo \u201espr\u00e1vci muze\u00ed\u201c, jak pape\u017e Franti\u0161ek naz\u00fdv\u00e1 n\u011bkter\u00e9 dne\u0161n\u00ed duchovn\u00ed. Franti\u0161ek i Kl\u00e1ra nab\u00edzeli sv\u00e1 pravidla jako forma vitae neboli \u201eformu \u017eivota\u201c, abychom pou\u017eili jejich vlastn\u00ed slova. Pova\u017eovali ortopraxi (spr\u00e1vnou praxi) za nezbytnou paralelu, a mo\u017en\u00e1 dokonce za p\u0159ednost pouh\u00e9 verb\u00e1ln\u00ed ortodoxie (spr\u00e1vn\u00e9ho u\u010den\u00ed), a nikoli za nepovinn\u00fd dopln\u011bk \u010di mo\u017en\u00fd d\u016fsledek. Historie uk\u00e1zala, \u017ee pom\u011brn\u011b velk\u00e9 procento k\u0159es\u0165an\u016f se nikdy nedostane k praktick\u00fdm d\u016fsledk\u016fm sv\u00e9 v\u00edry! \u201ePro\u010d ned\u011bl\u00e1te to, \u010demu \u0159\u00edk\u00e1te, \u017ee v\u011b\u0159\u00edte?\u201c pt\u00e1 se prorok v\u017edy.&nbsp;<\/p>\n\n\n\n<p>J\u00e1drem franti\u0161k\u00e1nsk\u00e9 ortopraxe je praxe v\u011bnovat pozornost r\u016fzn\u00fdm v\u011bcem (p\u0159\u00edrod\u011b, lidem na okraji, poko\u0159e, putov\u00e1n\u00ed, \u017eebrot\u011b, misii) nam\u00edsto toho, abychom se op\u00edrali o dom\u00e1c\u00ed z\u00e1kladnu. Jeho prvn\u00ed n\u00e1sledovn\u00edci se sna\u017eili \u017e\u00edt evangelium \u201ejednodu\u0161e a bez pozl\u00e1tka\u201c, jak jim \u0159\u00edkal Franti\u0161ek. [3]<\/p>\n\n\n\n<p><em>Autor Jon Sweeney popisuje, jak se franti\u0161k\u00e1nsk\u00e9 k\u00e1z\u00e1n\u00ed odehr\u00e1valo v ka\u017edodenn\u00edch podm\u00ednk\u00e1ch:&nbsp;<\/em><\/p>\n\n\n\n<h4 class=\"wp-block-heading\">Duchovn\u00ed praxe byla u Franti\u0161ka prvo\u0159ad\u00e1<\/h4>\n\n\n\n<p>Franti\u0161ek &#8230; byl \u010dlov\u011bkem \u010dinu a pohybu. Duchovn\u00ed praxe byla prvo\u0159ad\u00e1. K\u00e1z\u00e1n\u00ed u\u010dinil povinn\u00fdm pro v\u0161echny, kdo se k n\u011bmu p\u0159ipojili v jeho zp\u016fsobu \u017eivota, ale ne v\u017edy se k\u00e1zalo zpoza kazatelny. Nejstar\u0161\u00ed franti\u0161k\u00e1nsk\u00e1 k\u00e1z\u00e1n\u00ed byla sp\u00ed\u0161e rozhovory pod \u0161ir\u00fdm nebem, povzbuzen\u00edmi, inspiracemi &#8211; obvykle kdy\u017e kazatel nebo jin\u00fd \u0159eholn\u00edk chodili po cest\u00e1ch, vedle silnice \u017eebrali, v nemocnic\u00edch pe\u010dovali o nemocn\u00e9 a doprov\u00e1zeli um\u00edraj\u00edc\u00ed, opravovali rozpadaj\u00edc\u00ed se kostely, p\u016fsobili jako prost\u0159edn\u00edci mezi lidmi v nesn\u00e1z\u00edch a lidmi u moci a s n\u011bhou se dot\u00fdkali tvor\u016f a stvo\u0159en\u00ed kolem sebe. [4]&nbsp;<\/p>\n\n\n\n<p><sub>Tuto meditaci si m\u016f\u017eete p\u0159e\u010d\u00edst na str\u00e1nk\u00e1ch cac.org.\u00a0<\/sub><\/p>\n\n\n\n<h6 class=\"wp-block-heading\">Prameny:<\/h6>\n\n\n\n<p class=\"has-small-font-size\">[1] Thomas of\u202fCelano,&nbsp;<em>The Remembrance of the Desire of a Soul<\/em>&nbsp;158, in\u202f<em>Francis of Assisi: Early Documents<\/em>, vol. 2,&nbsp;<em>The Founder<\/em>\u202f (Hyde Park, NY: New City Press, 2000), 380.&nbsp;<\/p>\n\n\n\n<p class=\"has-small-font-size\">[2] Francis,\u202f<em>The Earlier Rule<\/em>&nbsp;9, in\u202f<em>Francis of Assisi: Early Documents,\u202f<\/em>vol. 1,&nbsp;<em>The Saint<\/em>&nbsp;(Hyde Park, NY: New City Press, 1999), 70.&nbsp;<\/p>\n\n\n\n<p class=\"has-small-font-size\">[3] Adapted from Richard Rohr,&nbsp;<em><a href=\"https:\/\/email.cac.org\/t\/d-l-euyodl-tlkrhyidn-k\/\">Eager to Love: The Alternative Way of Francis of Assisi<\/a><\/em>&nbsp;(Cincinnati, OH: Franciscan Media, 2014), 84\u201387; Francis,&nbsp;<em>The Testament&nbsp;<\/em>39, in&nbsp;<em>Early Documents,\u202f<\/em>vol. 1,&nbsp;<em>The Saint,\u202f<\/em>127.&nbsp;<\/p>\n\n\n\n<p class=\"has-small-font-size\">[4] Jon M. Sweeney,&nbsp;<em>St. Francis of Assisi: His Life, Teachings, and Practice<\/em>&nbsp;(New York: St. Martin\u2019s Essentials, 2019), 91.&nbsp;<\/p>\n\n\n\n<p class=\"has-small-font-size\"><strong>Image credit and inspiration<\/strong>: Dimitri Kadiev,&nbsp;<em>Be Praised\u2014mural of Francis and Clare on the side of the CAC&nbsp;<\/em>(detail), photo of paint on adobe wall.&nbsp;<a href=\"https:\/\/email.cac.org\/t\/d-l-euyodl-tlkrhyidn-u\/\">Click here to enlarge image.<\/a>&nbsp;<em>This mural art on the outside of the CAC represents Francis\u2019 love and acceptance of life in its varied and diverse manifestations.<\/em>&nbsp;<\/p>\n","protected":false},"excerpt":{"rendered":"<p>R.Rohr: Historie uk\u00e1zala, \u017ee pom\u011brn\u011b velk\u00e9 procento k\u0159es\u0165an\u016f se nikdy nedostane k praktick\u00fdm d\u016fsledk\u016fm sv\u00e9 v\u00edry! \u201ePro\u010d ned\u011bl\u00e1te to, \u010demu \u0159\u00edk\u00e1te, \u017ee v\u011b\u0159\u00edte?\u201c pt\u00e1 se prorok v\u017edy.\u00a0<\/p>\n","protected":false},"author":1,"featured_media":9463,"comment_status":"open","ping_status":"open","sticky":false,"template":"","format":"standard","meta":{"footnotes":""},"categories":[198],"tags":[1272,1840],"class_list":["post-9468","post","type-post","status-publish","format-standard","has-post-thumbnail","hentry","category-richard-rohr-ofm-centrum-pro-zivot-a-rozjimani","tag-ortopraxe","tag-vira-a-skutky","latest_post"],"_links":{"self":[{"href":"https:\/\/www.frantiskani.cz\/index.php\/wp-json\/wp\/v2\/posts\/9468","targetHints":{"allow":["GET"]}}],"collection":[{"href":"https:\/\/www.frantiskani.cz\/index.php\/wp-json\/wp\/v2\/posts"}],"about":[{"href":"https:\/\/www.frantiskani.cz\/index.php\/wp-json\/wp\/v2\/types\/post"}],"author":[{"embeddable":true,"href":"https:\/\/www.frantiskani.cz\/index.php\/wp-json\/wp\/v2\/users\/1"}],"replies":[{"embeddable":true,"href":"https:\/\/www.frantiskani.cz\/index.php\/wp-json\/wp\/v2\/comments?post=9468"}],"version-history":[{"count":1,"href":"https:\/\/www.frantiskani.cz\/index.php\/wp-json\/wp\/v2\/posts\/9468\/revisions"}],"predecessor-version":[{"id":9469,"href":"https:\/\/www.frantiskani.cz\/index.php\/wp-json\/wp\/v2\/posts\/9468\/revisions\/9469"}],"wp:featuredmedia":[{"embeddable":true,"href":"https:\/\/www.frantiskani.cz\/index.php\/wp-json\/wp\/v2\/media\/9463"}],"wp:attachment":[{"href":"https:\/\/www.frantiskani.cz\/index.php\/wp-json\/wp\/v2\/media?parent=9468"}],"wp:term":[{"taxonomy":"category","embeddable":true,"href":"https:\/\/www.frantiskani.cz\/index.php\/wp-json\/wp\/v2\/categories?post=9468"},{"taxonomy":"post_tag","embeddable":true,"href":"https:\/\/www.frantiskani.cz\/index.php\/wp-json\/wp\/v2\/tags?post=9468"}],"curies":[{"name":"wp","href":"https:\/\/api.w.org\/{rel}","templated":true}]}}