{"id":9474,"date":"2024-10-01T08:51:21","date_gmt":"2024-10-01T06:51:21","guid":{"rendered":"https:\/\/www.frantiskani.cz\/?p=9474"},"modified":"2024-10-01T08:51:24","modified_gmt":"2024-10-01T06:51:24","slug":"prijmout-malou-cestu","status":"publish","type":"post","link":"https:\/\/www.frantiskani.cz\/index.php\/2024\/10\/01\/prijmout-malou-cestu\/","title":{"rendered":"P\u0159ijmout malou cestu"},"content":{"rendered":"\n<h6 class=\"wp-block-heading\">\u010cty\u0159ic\u00e1t\u00fd t\u00fdden: Dychtiv\u00fd milovat<\/h6>\n\n\n\n<p><em>M\u00e1 milost ti sta\u010d\u00ed, nebo\u0165 m\u00e1 s\u00edla je dokonal\u00e1 ve slabosti.&nbsp; -2 Korintsk\u00fdm 12,9<\/em><\/p>\n\n\n\n<p><em>Jsem r\u00e1d za slabosti, omezen\u00ed a tr\u00e1pen\u00ed pro Krista, nebo\u0165 pr\u00e1v\u011b kdy\u017e jsem slab\u00fd, jsem siln\u00fd.&nbsp; -2 Korintsk\u00fdm 12:10<\/em><em>\u202f<\/em><\/p>\n\n\n\n<p><em>Otec Richard popisuje, jak Franti\u0161ek, Kl\u00e1ra a pozd\u011bji Terezie z Lisieux (1873-1897) na\u0161li p\u0159\u00edmou zku\u0161enost s Bohem skrze pokoru:&nbsp;&nbsp;&nbsp;<\/em><\/p>\n\n\n\n<h4 class=\"wp-block-heading\">Ego a Pavlova nov\u00e1 cesta slabosti<\/h4>\n\n\n\n<p>Apo\u0161tol Pavel ve sv\u00fdch listech Korin\u0165an\u016fm v n\u00e1vaznosti na Je\u017e\u00ed\u0161e nav\u017edy obr\u00e1til motory ega a jeho dosa\u017een\u00fdch c\u00edl\u016f a pr\u00e1v\u011b toto p\u0159esn\u00e9 p\u0159evr\u00e1cen\u00ed hodnot &#8211; a nov\u00fd vstupn\u00ed bod &#8211; Franti\u0161ek a Kl\u00e1ra z Assisi tak odv\u00e1\u017en\u011b a jasn\u011b pochopili. O sedm stolet\u00ed pozd\u011bji hledala tuto cestu dol\u016f, kterou naz\u00fdvala \u201enovou cestou\u201c nebo svou \u201emalou cestou\u201c, tak\u00e9 svat\u00e1 Terezie z Lisieux, karmelit\u00e1nka, kter\u00e1 se stala nejmlad\u0161\u00ed, nejm\u00e9n\u011b vzd\u011blanou a nejrychleji jmenovanou doktorkou c\u00edrkve.\u202f<\/p>\n\n\n\n<h4 class=\"wp-block-heading\">&#8222;konat mali\u010dkosti a d\u011blat je z l\u00e1sky\u201c rad\u00ed Terezie<\/h4>\n\n\n\n<p>Terezie &#8211; v\u011bt\u0161inou katol\u00edk\u016f l\u00e1skypln\u011b naz\u00fdvan\u00e1 Mal\u00fd kv\u011bt &#8211; m\u011bla pravdu, a to v obou p\u0159\u00edpadech, proto\u017ee jej\u00ed \u017eivotn\u00ed cesta byla pro v\u011bt\u0161inu lid\u00ed skute\u010dn\u011b velmi nov\u00e1 a velmi \u201emal\u00e1\u201c nam\u00edsto obvykl\u00e9ho k\u0159es\u0165ansk\u00e9ho programu sm\u011b\u0159uj\u00edc\u00edho vzh\u016fru. D\u011blat \u201ev\u0161echny mali\u010dkosti a d\u011blat je z l\u00e1sky\u201c bylo pro Terezii c\u00edlem. [1] B\u011b\u017en\u00e1 cesta v\u011bt\u0161iny k\u0159es\u0165anstv\u00ed se v jej\u00ed dob\u011b stala do zna\u010dn\u00e9 m\u00edry zalo\u017eenou na perfekcionismu a legalizmu, co\u017e zp\u016fsobilo, \u017ee dobr\u00e1 zpr\u00e1va byla pro generace v\u011b\u0159\u00edc\u00edch v\u0161echno, jen ne dobr\u00e1 nebo l\u00e1kav\u00e1. [2]&nbsp;<\/p>\n\n\n\n<h4 class=\"wp-block-heading\">ego: na\u0161e pot\u0159eba je myslet na sebe ve zkou\u0161ce<\/h4>\n\n\n\n<p>Terezie, t\u00e9m\u011b\u0159 v rozporu s rozumem, prohl\u00e1sila: \u201eChce\u0161-li v klidu sn\u00e1\u0161et zkou\u0161ku, \u017ee se ti nel\u00edb\u00ed, dej mi [Pann\u011b Marii] sladk\u00fd domov.\u201c [3] Kdy\u017e pozoruje\u0161 s\u00e1m sebe, uvid\u00ed\u0161, jak t\u011b\u017ek\u00e9 je b\u00fdt s\u00e1m sob\u011b nep\u0159\u00edjemn\u00fd a \u017ee pr\u00e1v\u011b po\u010d\u00e1te\u010dn\u00ed citov\u00fd z\u00e1drhel v\u011bt\u0161inu z n\u00e1s uvrhne do stra\u0161n\u011b \u0161patn\u00e9 n\u00e1lady, ani\u017e bychom si uv\u011bdomovali jej\u00ed p\u016fvod. Abychom tento \u010dast\u00fd probl\u00e9m vy\u0159e\u0161ili, u\u010d\u00ed n\u00e1s Franti\u0161ek i Terezie, abychom se na za\u010d\u00e1tku zbavili samotn\u00e9 pot\u0159eby \u201emyslet na sebe dob\u0159e\u201c! \u201eTo mluv\u00ed va\u0161e ego, ne B\u016fh,\u201c \u0159ekli by.&nbsp;<\/p>\n\n\n\n<h4 class=\"wp-block-heading\">Scott Peck: opus\u0165 obvykl\u00e9 n\u00e1bo\u017eensk\u00e9 p\u00f3zy<\/h4>\n\n\n\n<p>To ov\u0161em m\u016f\u017ee ud\u011blat jen ten, kdo se vzdal sv\u00e9 z\u00e1kladn\u00ed egocentri\u010dnosti. Psychiatr a popul\u00e1rn\u00ed spisovatel Scott Peck mi osobn\u011b p\u0159i ob\u011bd\u011b \u0159ekl, \u017ee tento cit\u00e1t je z jej\u00ed strany \u201enaprost\u00e1 n\u00e1bo\u017eensk\u00e1 genialita\u201c, proto\u017ee dob\u0159e znemo\u017e\u0148uje obvykl\u00e9 n\u00e1bo\u017eensk\u00e9 p\u00f3zy.<\/p>\n\n\n\n<p><em>Zrcadl\u00ed se v n\u011bm toto u\u010den\u00ed svat\u00e9ho Franti\u0161ka:&nbsp;<\/em><\/p>\n\n\n\n<h4 class=\"wp-block-heading\">\u201eSta\u010d\u00ed poznat svou nicotnost a odevzdat se jako d\u00edt\u011b do Bo\u017e\u00ed n\u00e1ru\u010de.\u201c &#8211; Terezie<\/h4>\n\n\n\n<p>Projevujte svou l\u00e1sku k druh\u00fdm t\u00edm, \u017ee si nebudete p\u0159\u00e1t, aby byli lep\u0161\u00edmi k\u0159es\u0165any. [4]\u00a0M\u016f\u017eeme trp\u011bliv\u011b p\u0159ijmout, \u017ee nejsme dob\u0159\u00ed. Co v\u0161ak nem\u016f\u017eeme sn\u00e9st, je neb\u00fdt pova\u017eov\u00e1n za dobr\u00e9ho, nep\u016fsobit dob\u0159e. [5]\u00a0<\/p>\n\n\n\n<h4 class=\"wp-block-heading\">Objevit malou cestu Terezie<\/h4>\n\n\n\n<p>Dokud neobjev\u00edme \u201emalou cestu\u201c, t\u00e9m\u011b\u0159 v\u0161ichni se sna\u017e\u00edme z\u00edskat mor\u00e1ln\u00ed p\u0159evahu t\u00edm, \u017ee dodr\u017eujeme z\u00e1kony a mysl\u00edme si, \u017ee jsme tak duchovn\u011b pokro\u010dili. P\u0159esto Terezie napsala: \u201eSta\u010d\u00ed poznat svou nicotnost a odevzdat se jako d\u00edt\u011b do Bo\u017e\u00ed n\u00e1ru\u010de.\u201c V tomto p\u0159\u00edpad\u011b je t\u0159eba, aby se \u010dlov\u011bk sna\u017eil o to, aby se mu da\u0159ilo. [6] Lid\u00e9, kte\u0159\u00ed jdou touto pokorn\u011bj\u0161\u00ed a up\u0159\u00edmn\u011bj\u0161\u00ed cestou, jsou v\u017edy l\u00e1skypln\u011bj\u0161\u00ed, radostn\u011bj\u0161\u00ed a soucitn\u011bj\u0161\u00ed a maj\u00ed spoustu \u010dasu na prostou vd\u011b\u010dnost za v\u0161echno.\u00a0<\/p>\n\n\n\n<p><sup>P\u0159e\u010dt\u011bte si tuto meditaci na str\u00e1nk\u00e1ch cac.org.\u00a0<\/sup><\/p>\n\n\n\n<h6 class=\"wp-block-heading\">Prameny:<\/h6>\n\n\n\n<p class=\"has-small-font-size\">[1] Th\u00e9r\u00e8se, S<em>tory of a Soul<\/em>, trans. John Clarke (Washington, DC: ICS Publications, 1972), 196.\u202f&nbsp;<\/p>\n\n\n\n<p class=\"has-small-font-size\">[2] Joseph F. Schmidt,&nbsp;<em>Walking the Little Way of Th\u00e9r\u00e8se of Lisieux: Discovering the Path of Love&nbsp;<\/em>(Frederick, MD: The Word Among Us, 2012), 135\u2013136.\u202f&nbsp;<\/p>\n\n\n\n<p class=\"has-small-font-size\">[3] Th\u00e9r\u00e8se to Sr. Genevi\u00e8ve (C\u00e9line Martin), December 24, 1896, in&nbsp;<em>Th\u00e9r\u00e8se<\/em><em>&nbsp;of Lisieux: General Correspondence<\/em>, vol. 2,&nbsp;<em>1890\u20131897<\/em>, trans. John Clarke (Washington, DC: ICS Publications, 1988), 1038. Note: Th\u00e9r\u00e8se imagined her note to be written by Mary, and wrote \u201cMessage from the Blessed Virgin\u201d on the envelope.&nbsp;<\/p>\n\n\n\n<p class=\"has-small-font-size\">[4] See&nbsp;<em>A Letter to a Minister<\/em>, in&nbsp;<em>Francis of Assisi: Early Documents,\u202f<\/em>vol. 1,&nbsp;<em>The Saint\u202f<\/em>&nbsp;(Hyde Park, NY: New City Press, 1999), 97.\u202fParaphrased by Richard Rohr.&nbsp;<\/p>\n\n\n\n<p class=\"has-small-font-size\">[5] Thomas of Celano,&nbsp;<em>The Remembrance of the Desire of a Soul<\/em>&nbsp;101, in&nbsp;<em>Francis of Assisi: Early Documents<\/em>, vol. 2,&nbsp;<em>The Founder<\/em>&nbsp;(Hyde Park, NY: New City Press, 2000), 337.&nbsp;&nbsp;<\/p>\n\n\n\n<p class=\"has-small-font-size\">[6] Th\u00e9r\u00e8se to P. Roulland, May 9, 1897, in<em>&nbsp;General Correspondence<\/em>, vol. 2, 1094.\u202f&nbsp;<\/p>\n\n\n\n<p class=\"has-small-font-size\">Adapted from Richard Rohr,&nbsp;<em><a href=\"https:\/\/email.cac.org\/t\/d-l-euytiuy-tlkrhyidn-h\/\">Eager to Love: The Alternative Way of Francis of Assisi<\/a>&nbsp;<\/em>(Cincinnati, OH: Franciscan Media, 2014), 110\u2013112, 114.\u202f&nbsp;<\/p>\n\n\n\n<p class=\"has-small-font-size\"><strong>Image credit and inspiration<\/strong>: Dimitri Kadiev,&nbsp;<em>Be Praised\u2014mural of Francis and Clare on the side of the CAC&nbsp;<\/em>(detail), photo of paint on adobe wall.&nbsp;<a href=\"https:\/\/email.cac.org\/t\/d-l-euytiuy-tlkrhyidn-k\/\">Click here to enlarge image.<\/a>&nbsp;<em>This mural art on the outside of the CAC represents Francis\u2019 love and acceptance of life in its varied and diverse manifestations.<\/em>&nbsp;<\/p>\n","protected":false},"excerpt":{"rendered":"<p>Terezie: Dokud neobjev\u00edme \u201emalou cestu\u201c, t\u00e9m\u011b\u0159 v\u0161ichni se sna\u017e\u00edme z\u00edskat mor\u00e1ln\u00ed p\u0159evahu t\u00edm, \u017ee dodr\u017eujeme z\u00e1kony a mysl\u00edme si, \u017ee jsme tak duchovn\u011b pokro\u010dili. P\u0159esto Terezie napsala: \u201eSta\u010d\u00ed poznat svou nicotnost a odevzdat se jako d\u00edt\u011b do Bo\u017e\u00ed n\u00e1ru\u010de.\u201c <\/p>\n","protected":false},"author":1,"featured_media":9463,"comment_status":"open","ping_status":"open","sticky":false,"template":"","format":"standard","meta":{"footnotes":""},"categories":[198],"tags":[361,1841,683],"class_list":["post-9474","post","type-post","status-publish","format-standard","has-post-thumbnail","hentry","category-richard-rohr-ofm-centrum-pro-zivot-a-rozjimani","tag-ego","tag-mala-cesta","tag-terezie","latest_post"],"_links":{"self":[{"href":"https:\/\/www.frantiskani.cz\/index.php\/wp-json\/wp\/v2\/posts\/9474","targetHints":{"allow":["GET"]}}],"collection":[{"href":"https:\/\/www.frantiskani.cz\/index.php\/wp-json\/wp\/v2\/posts"}],"about":[{"href":"https:\/\/www.frantiskani.cz\/index.php\/wp-json\/wp\/v2\/types\/post"}],"author":[{"embeddable":true,"href":"https:\/\/www.frantiskani.cz\/index.php\/wp-json\/wp\/v2\/users\/1"}],"replies":[{"embeddable":true,"href":"https:\/\/www.frantiskani.cz\/index.php\/wp-json\/wp\/v2\/comments?post=9474"}],"version-history":[{"count":1,"href":"https:\/\/www.frantiskani.cz\/index.php\/wp-json\/wp\/v2\/posts\/9474\/revisions"}],"predecessor-version":[{"id":9475,"href":"https:\/\/www.frantiskani.cz\/index.php\/wp-json\/wp\/v2\/posts\/9474\/revisions\/9475"}],"wp:featuredmedia":[{"embeddable":true,"href":"https:\/\/www.frantiskani.cz\/index.php\/wp-json\/wp\/v2\/media\/9463"}],"wp:attachment":[{"href":"https:\/\/www.frantiskani.cz\/index.php\/wp-json\/wp\/v2\/media?parent=9474"}],"wp:term":[{"taxonomy":"category","embeddable":true,"href":"https:\/\/www.frantiskani.cz\/index.php\/wp-json\/wp\/v2\/categories?post=9474"},{"taxonomy":"post_tag","embeddable":true,"href":"https:\/\/www.frantiskani.cz\/index.php\/wp-json\/wp\/v2\/tags?post=9474"}],"curies":[{"name":"wp","href":"https:\/\/api.w.org\/{rel}","templated":true}]}}