{"id":9488,"date":"2024-10-03T08:30:06","date_gmt":"2024-10-03T06:30:06","guid":{"rendered":"https:\/\/www.frantiskani.cz\/?p=9488"},"modified":"2024-10-03T08:30:08","modified_gmt":"2024-10-03T06:30:08","slug":"laska-ve-stvorenem-svete","status":"publish","type":"post","link":"https:\/\/www.frantiskani.cz\/index.php\/2024\/10\/03\/laska-ve-stvorenem-svete\/","title":{"rendered":"L\u00e1ska ve stvo\u0159en\u00e9m sv\u011bt\u011b"},"content":{"rendered":"\n<h6 class=\"wp-block-heading\">\u010cty\u0159ic\u00e1t\u00fd t\u00fdden: Dychtiv\u00fd milovat<\/h6>\n\n\n\n<p><em>Co byste dnes d\u011blali, kdybyste v\u011bd\u011bli, \u017ee z\u00edtra m\u016f\u017eete zem\u0159\u00edt?&nbsp; -Franti\u0161ek z Assisi, Dopis v\u011b\u0159\u00edc\u00edm&nbsp;<\/em><\/p>\n\n\n\n<p><em>Ilia Delio se na z\u00e1klad\u011b ran\u00e9ho z\u00e1znamu Franti\u0161kovy modlitby venku zam\u00fd\u0161l\u00ed nad Franti\u0161kov\u00fdm ch\u00e1p\u00e1n\u00edm Boha jako l\u00e1sky:&nbsp;<\/em><\/p>\n\n\n\n<h4 class=\"wp-block-heading\">M\u016fj B\u016fh a m\u00e9 V\u0161echno!<\/h4>\n\n\n\n<p>Franti\u0161ek se modlil s\u00e1m &#8230; a vyslovoval mantru v podob\u011b ot\u00e1zky: \u201eKdo jsi, Bo\u017ee? A kdo jsem j\u00e1?\u201c [1] \u010c\u00edm v\u00edce Franti\u0161ek putoval do pol\u00ed p\u0159\u00edrody, t\u00edm v\u00edce putoval do pol\u00ed sv\u00e9ho vlastn\u00edho srdce. Vn\u011bj\u0161\u00ed sv\u011bt ho zval, aby vstoupil do sv\u00e9ho vnit\u0159n\u00edho sv\u011bta. Tam se setkal s tajemstv\u00edm Boha, kter\u00fd byl z\u00e1rove\u0148 Nejvy\u0161\u0161\u00edm, a p\u0159esto nekone\u010dn\u011b bl\u00edzko; d\u016fv\u011brn\u011bj\u0161\u00ed ne\u017e jeho vlastn\u00ed j\u00e1. Franti\u0161ek zakou\u0161el Boha jako sv\u00e9 \u201ev\u0161echno\u201c: V\u0161e dobr\u00e9, v\u0161e miluj\u00edc\u00ed, v\u0161e p\u0159\u00edtomn\u00e9, v\u0161e milosrdn\u00e9. Jak zvolal: \u201eDeus meus et omnia\u201c, co\u017e znamen\u00e1 \u201eM\u016fj B\u016fh a m\u00e9 V\u0161echno!\u201c.<\/p>\n\n\n\n<h4 class=\"wp-block-heading\">V\u0161echno stvo\u0159en\u00ed je t\u011bhotn\u00e9 Bohem!<\/h4>\n\n\n\n<p>&nbsp;\u010c\u00edm v\u00edce nach\u00e1zel Boha v sob\u011b, t\u00edm v\u00edce vid\u011bl Boha mimo sebe, kde k n\u011bmu ka\u017ed\u00fd detail p\u0159\u00edrody promlouval o Bohu. Jak zvolala franti\u0161k\u00e1nsk\u00e1 kaj\u00edcnice Angela z Foligna: \u201eV\u0161echno stvo\u0159en\u00ed je t\u011bhotn\u00e9 Bohem!\u201c [2] Modlitba vedla Franti\u0161ka k pravd\u011b o jeho vlastn\u00ed skute\u010dnosti a k pravd\u011b o sv\u011bt\u011b. Nic nebylo mimo dosah Bo\u017e\u00ed l\u00e1sky.&nbsp;<\/p>\n\n\n\n<h4 class=\"wp-block-heading\">Mysl zam\u011b\u0159it na pozn\u00e1n\u00ed L\u00e1sky<\/h4>\n\n\n\n<p>Byla to l\u00e1ska, kter\u00e1 Franti\u0161ka p\u0159enesla do jin\u00fdch sv\u011bt\u016f: do sv\u011bta malomocn\u00fdch, do sv\u011bta chud\u00fdch, do sv\u011bta \u017e\u00ed\u017eal a vlk\u016f, do sv\u011bta v\u0161eho, proto\u017ee jen ve sv\u011bt\u011b se skrze l\u00e1sku rod\u00ed B\u016fh. Je v\u0161ak t\u0159eba um\u011bt vid\u011bt a naslouchat zvuk\u016fm bo\u017esk\u00e9 l\u00e1sky volaj\u00edc\u00ed v rod\u00edc\u00edch se z\u00e1rodc\u00edch nov\u00e9ho stvo\u0159en\u00ed. Franti\u0161ek zam\u011b\u0159il sv\u00e9 srdce na v\u00e1\u0161nivou Bo\u017e\u00ed l\u00e1sku, svou mysl na pozn\u00e1n\u00ed t\u00e9to l\u00e1sky a sv\u00e9 o\u010di na vid\u011bn\u00ed t\u00e9to l\u00e1sky.&nbsp;<\/p>\n\n\n\n<p><em>Delio popisuje Franti\u0161kovu modlitbu jako touhu r\u016fst v Bo\u017e\u00edm \u017eivot\u011b a l\u00e1sce:&nbsp;<\/em><\/p>\n\n\n\n<h4 class=\"wp-block-heading\">Modlitba je pozv\u00e1n\u00edm k r\u016fstu v l\u00e1sce<\/h4>\n\n\n\n<p>Modlitba je pozv\u00e1n\u00edm k r\u016fstu v l\u00e1sce: jak rosteme do Bo\u017e\u00edho \u017eivota, Bo\u017e\u00ed \u017eivot roste v n\u00e1s. Znovuzrozujeme se v Duchu skrze s\u00edlu l\u00e1sky, vstupujeme do chaosu a nejistoty sv\u011bta. L\u00e1ska neustupuje p\u0159ed utrpen\u00edm a bolest\u00ed, ale vstupuje do temnoty \u017eivota s energi\u00ed a nad\u011bj\u00ed, \u017ee budoucnost bude jin\u00e1; l\u00e1ska tvo\u0159iv\u011b posiluje \u017eivot k dal\u0161\u00edmu \u017eivotu.<\/p>\n\n\n\n<h4 class=\"wp-block-heading\">Plakat nad t\u00edm, co je\u0161t\u011b nen\u00ed milov\u00e1no<\/h4>\n\n\n\n<p>\u017divot v Bohu je s\u00e1zkou na l\u00e1sku, kter\u00e1 vy\u017eaduje v\u011brn\u00e9 nasazen\u00ed, i kdy\u017e temnota p\u0159etrv\u00e1v\u00e1 a utrpen\u00ed p\u0159evl\u00e1d\u00e1. R\u016fst v l\u00e1sce skrze modlitbu znamen\u00e1 vrhnout se do srdce Boha&#8230;.. Teprve kdy\u017e dok\u00e1\u017eeme plakat nad t\u00edm, co je\u0161t\u011b nen\u00ed milov\u00e1no, m\u016f\u017eeme \u017e\u00edt v nov\u00e9 realit\u011b; l\u00e1ska toti\u017e \u010dek\u00e1 na zrozen\u00ed. To je j\u00e1dro franti\u0161k\u00e1nsk\u00e9 modlitby.<\/p>\n\n\n\n<p class=\"has-small-font-size\">P\u0159e\u010dt\u011bte si tuto meditaci na str\u00e1nk\u00e1ch cac.org.\u00a0 <\/p>\n\n\n\n<p class=\"has-small-font-size\">Translated with DeepL.com (free version)<\/p>\n\n\n\n<h6 class=\"wp-block-heading\">Prameny:<\/h6>\n\n\n\n<p class=\"has-small-font-size\">[1] See&nbsp;<em>The Deeds of Blessed Francis and His Companions&nbsp;<\/em>9.37, in&nbsp;<em>Francis of Assisi: Early Documents<\/em>, vol. 3,&nbsp;<em>The Prophet&nbsp;<\/em>(Hyde Park, NY: New City Press, 2001), 455\u2013456.&nbsp;<\/p>\n\n\n\n<p class=\"has-small-font-size\">[2] See&nbsp;<em>The Book of the Blessed Angela (Memorial)<\/em>&nbsp;6, in Angela of Foligno,&nbsp;<em>Complete Works<\/em>, trans. Paul Lachance (Mahwah, NJ: Paulist Press, 1993), 170.&nbsp;<\/p>\n\n\n\n<p class=\"has-small-font-size\">Ilia Delio, preface to&nbsp;<em>Franciscan Prayer: Awakening to Oneness with God<\/em>&nbsp;(Cincinnati, OH: Franciscan Media, 2024), vii\u2013viii, ix\u2013x.&nbsp;&nbsp;<\/p>\n\n\n\n<p class=\"has-small-font-size\"><strong>Image credit and inspiration<\/strong>: Dimitri Kadiev,&nbsp;<em>Be Praised\u2014mural of Francis and Clare on the side of the CAC&nbsp;<\/em>(detail), photo of paint on adobe wall.&nbsp;<a href=\"https:\/\/email.cac.org\/t\/d-l-euythll-tlkrhyidn-h\/\">Click here to enlarge image.<\/a>&nbsp;<em>This mural art on the outside of the CAC represents Francis\u2019 love and acceptance of life in its varied and diverse manifestations.<\/em>&nbsp;<\/p>\n\n\n\n<p><\/p>\n","protected":false},"excerpt":{"rendered":"<p>\u017divot v Bohu je s\u00e1zkou na l\u00e1sku, kter\u00e1 vy\u017eaduje v\u011brn\u00e9 nasazen\u00ed, i kdy\u017e temnota p\u0159etrv\u00e1v\u00e1 a utrpen\u00ed p\u0159evl\u00e1d\u00e1. R\u016fst v l\u00e1sce skrze modlitbu znamen\u00e1 vrhnout se do srdce Boha&#8230;.. Teprve kdy\u017e dok\u00e1\u017eeme plakat nad t\u00edm, co je\u0161t\u011b nen\u00ed milov\u00e1no, m\u016f\u017eeme \u017e\u00edt v nov\u00e9 realit\u011b; l\u00e1ska toti\u017e \u010dek\u00e1 na zrozen\u00ed. To je j\u00e1dro franti\u0161k\u00e1nsk\u00e9 modlitby.<\/p>\n","protected":false},"author":1,"featured_media":9463,"comment_status":"open","ping_status":"open","sticky":false,"template":"","format":"standard","meta":{"footnotes":""},"categories":[198],"tags":[154,1843],"class_list":["post-9488","post","type-post","status-publish","format-standard","has-post-thumbnail","hentry","category-richard-rohr-ofm-centrum-pro-zivot-a-rozjimani","tag-laska","tag-laska-v-bohu","latest_post"],"_links":{"self":[{"href":"https:\/\/www.frantiskani.cz\/index.php\/wp-json\/wp\/v2\/posts\/9488","targetHints":{"allow":["GET"]}}],"collection":[{"href":"https:\/\/www.frantiskani.cz\/index.php\/wp-json\/wp\/v2\/posts"}],"about":[{"href":"https:\/\/www.frantiskani.cz\/index.php\/wp-json\/wp\/v2\/types\/post"}],"author":[{"embeddable":true,"href":"https:\/\/www.frantiskani.cz\/index.php\/wp-json\/wp\/v2\/users\/1"}],"replies":[{"embeddable":true,"href":"https:\/\/www.frantiskani.cz\/index.php\/wp-json\/wp\/v2\/comments?post=9488"}],"version-history":[{"count":1,"href":"https:\/\/www.frantiskani.cz\/index.php\/wp-json\/wp\/v2\/posts\/9488\/revisions"}],"predecessor-version":[{"id":9489,"href":"https:\/\/www.frantiskani.cz\/index.php\/wp-json\/wp\/v2\/posts\/9488\/revisions\/9489"}],"wp:featuredmedia":[{"embeddable":true,"href":"https:\/\/www.frantiskani.cz\/index.php\/wp-json\/wp\/v2\/media\/9463"}],"wp:attachment":[{"href":"https:\/\/www.frantiskani.cz\/index.php\/wp-json\/wp\/v2\/media?parent=9488"}],"wp:term":[{"taxonomy":"category","embeddable":true,"href":"https:\/\/www.frantiskani.cz\/index.php\/wp-json\/wp\/v2\/categories?post=9488"},{"taxonomy":"post_tag","embeddable":true,"href":"https:\/\/www.frantiskani.cz\/index.php\/wp-json\/wp\/v2\/tags?post=9488"}],"curies":[{"name":"wp","href":"https:\/\/api.w.org\/{rel}","templated":true}]}}