{"id":9531,"date":"2024-10-13T08:11:37","date_gmt":"2024-10-13T06:11:37","guid":{"rendered":"https:\/\/www.frantiskani.cz\/?p=9531"},"modified":"2024-10-13T08:11:39","modified_gmt":"2024-10-13T06:11:39","slug":"nekonecny-buh-nekonecny-zivot","status":"publish","type":"post","link":"https:\/\/www.frantiskani.cz\/index.php\/2024\/10\/13\/nekonecny-buh-nekonecny-zivot\/","title":{"rendered":"Nekone\u010dn\u00fd B\u016fh, nekone\u010dn\u00fd \u017eivot"},"content":{"rendered":"\n<h6 class=\"wp-block-heading\">T\u00fdden \u010dty\u0159ic\u00e1t\u00fd druh\u00fd: Stvo\u0159itel a stvo\u0159en\u00ed<\/h6>\n\n\n\n<p class=\"wp-block-paragraph\"><em>Otec Richard Rohr popisuje, jak ch\u00e1p\u00e1n\u00ed Boha jako Stvo\u0159itele ovliv\u0148uje na\u0161e chov\u00e1n\u00ed ke stvo\u0159en\u00ed:&nbsp;<\/em><\/p>\n\n\n\n<h4 class=\"wp-block-heading\">Sv\u011bt je radostn\u00e9 tajemstv\u00ed, kter\u00e9 je t\u0159eba kontemplovat s radost\u00ed a chv\u00e1lou<\/h4>\n\n\n\n<p class=\"wp-block-paragraph\">Kdyby k\u0159es\u0165anstv\u00ed v\u011bnovalo pozornost u\u010den\u00ed a p\u0159\u00edkladu Je\u017e\u00ed\u0161e a svat\u00e9ho Franti\u0161ka, na\u0161e planeta &#8211; \u201esestra Matka Zem\u011b\u201c, jak ji nazval Franti\u0161ek &#8211; by dnes mo\u017en\u00e1 byla mnohem zdrav\u011bj\u0161\u00ed. Ale trvalo to a\u017e do 21. stolet\u00ed, ne\u017e pape\u017e napsal celou encykliku Laudato Si&#8216;: O p\u00e9\u010di o n\u00e1\u0161 spole\u010dn\u00fd domov, kde to bylo zcela jasn\u00e9 a n\u00e1ro\u010dn\u00e9. Pape\u017e Franti\u0161ek p\u00ed\u0161e:&nbsp;<\/p>\n\n\n\n<p class=\"wp-block-paragraph\">Svat\u00fd Franti\u0161ek, v\u011brn\u00fd P\u00edsmu, n\u00e1s vyz\u00fdv\u00e1, abychom vn\u00edmali p\u0159\u00edrodu jako velkolepou knihu, v n\u00ed\u017e k n\u00e1m B\u016fh promlouv\u00e1 a d\u00e1v\u00e1 n\u00e1m nahl\u00e9dnout do sv\u00e9 nekone\u010dn\u00e9 kr\u00e1sy a dobroty. \u201eSkrze velikost a kr\u00e1su stvo\u0159en\u00ed \u010dlov\u011bk analogicky pozn\u00e1v\u00e1 jejich stvo\u0159itele\u201c (Mdr 13,5); ostatn\u011b \u201ajeho v\u011b\u010dn\u00e1 moc a bo\u017estv\u00ed se od stvo\u0159en\u00ed sv\u011bta d\u00e1vaj\u00ed poznat skrze jeho d\u00edla\u2018 (\u0158\u00edm 1,20)&#8230;.. Sv\u011bt je radostn\u00e9 tajemstv\u00ed, kter\u00e9 je t\u0159eba kontemplovat s radost\u00ed a chv\u00e1lou. [1]&nbsp;<\/p>\n\n\n\n<h4 class=\"wp-block-heading\">Pro\u010d se tv\u00e1\u0159it, \u017ee Boha si zaslou\u017e\u00edme jen my\u2026<\/h4>\n\n\n\n<p class=\"wp-block-paragraph\">Bo\u017e\u00ed p\u0159\u00edtomnost v \u017eiveln\u00e9m, fyzick\u00e9m sv\u011bt\u011b jsme nectili. U\u010dinili jsme Boha tak mal\u00fdm, jako je na\u0161e vlastn\u00ed z\u00fa\u017een\u00e9 srdce. Vyb\u00edrali jsme si a \u0159\u00edkali: \u201eAch, B\u016fh je opravdu jen v m\u00e9 skupin\u011b, v pok\u0159t\u011bn\u00fdch lidech, v mor\u00e1ln\u00edch lidech\u201c a tak d\u00e1le. Je snad nekone\u010dn\u00e9ho Boha tak m\u00e1lo? Mus\u00edme b\u00fdt na Boha skoup\u00ed? Pro\u010d se tv\u00e1\u0159it, \u017ee Boha si zaslou\u017e\u00edme jen my a \u017ee B\u016fh nen\u00ed pro jin\u00e9 skupiny, n\u00e1bo\u017eenstv\u00ed, zv\u00ed\u0159ata, rostliny, \u017eivly, bratra Slunce a sestru M\u011bs\u00edc?&nbsp;<\/p>\n\n\n\n<h4 class=\"wp-block-heading\">Nedok\u00e1\u017eeme si p\u0159edstavit nekone\u010dnou L\u00e1sku, nekone\u010dn\u00e9 Dobro nebo nekone\u010dn\u00e9 Milosrdenstv\u00ed.<\/h4>\n\n\n\n<p class=\"wp-block-paragraph\">B\u016fh zachra\u0148uje stvo\u0159en\u00ed a p\u0159iv\u00e1d\u00ed v\u0161echny tvory zp\u011bt tam, kde za\u010dali &#8211; do jednoty se sv\u00fdm Stvo\u0159itelem. B\u016fh miluje v\u0161e, co stvo\u0159il! B\u016fh prohl\u00e1sil v\u0161echny stvo\u0159en\u00e9 v\u011bci za \u201edobr\u00e9\u201c (viz Genesis 1,9-31 a Moudrost 11,24-12,1). My se v\u0161ak se svou malou mysl\u00ed s t\u00edm nedok\u00e1\u017eeme vyrovnat. Mus\u00edme Boha a l\u00e1sku rozm\u011blnit na mal\u00e9 \u010d\u00e1sti, kter\u00e9 na\u0161e mysl zvl\u00e1dne a rozporcuje. Lidsk\u00e1 l\u00e1ska je podm\u00edn\u011bn\u00e1 a funguje na z\u00e1klad\u011b modelu nedostatku. Nen\u00ed j\u00ed dost, stejn\u011b jako to \u0159ekl Je\u017e\u00ed\u0161\u016fv u\u010dedn\u00edk Ond\u0159ej o p\u011bti chlebech a dvou mal\u00fdch ryb\u00e1ch pro chlapce (Jan 6,9). Lid\u00e9 si nedok\u00e1\u017eou p\u0159edstavit nebo dokonce myslet nekone\u010dn\u00e9 \u010di v\u011b\u010dn\u00e9 pojmy. Nedok\u00e1\u017eeme si p\u0159edstavit nekone\u010dnou L\u00e1sku, nekone\u010dn\u00e9 Dobro nebo nekone\u010dn\u00e9 Milosrdenstv\u00ed.&nbsp;<\/p>\n\n\n\n<h4 class=\"wp-block-heading\">U\u017e si nem\u016f\u017eeme dovolit b\u00fdt nev\u011bdom\u00ed<\/h4>\n\n\n\n<p class=\"wp-block-paragraph\">K Bo\u017e\u00edmu tajemstv\u00ed nep\u0159ich\u00e1z\u00edme prost\u0159ednictv\u00edm pojm\u016f nebo teori\u00ed; p\u0159ich\u00e1z\u00edme spojen\u00edm s t\u00edm, co je &#8211; s bezprost\u0159edn\u00ed, zt\u011blesn\u011bnou Bo\u017e\u00ed p\u0159\u00edtomnost\u00ed, kter\u00e1 je v\u0161ude kolem n\u00e1s. V\u0161imn\u011bte si, \u017ee t\u00e9m\u011b\u0159 v\u0161echny Je\u017e\u00ed\u0161ovy b\u011b\u017en\u00e9 p\u0159\u00edb\u011bhy a p\u0159\u00edklady jsou zalo\u017eeny na p\u0159\u00edrod\u011b a vztahu &#8211; nikdy ne na teologii nebo akademick\u00e9 teorii.&nbsp;<\/p>\n\n\n\n<p class=\"wp-block-paragraph\">Nepoznali jsme jedin\u00e9 Kristovo t\u011blo ve stvo\u0159en\u00ed. Mo\u017en\u00e1 jsme jen nebyli p\u0159ipraveni nebo vycvi\u010deni. Nejprve je tu vid\u011bn\u00ed a pak rozpozn\u00e1n\u00ed; druh\u00e9 stadium se naz\u00fdv\u00e1 kontemplace. U\u017e si nem\u016f\u017eeme dovolit b\u00fdt nev\u011bdom\u00ed. Chceme-li skute\u010dn\u011b pe\u010dovat o n\u00e1\u0161 spole\u010dn\u00fd domov, mus\u00edme se nau\u010dit vid\u011bt, naslouchat nebo se dot\u00fdkat a rozpoznat, jak \u0161irok\u00e1 a hlubok\u00e1 je p\u0159\u00edtomnost.&nbsp;<\/p>\n\n\n\n<p class=\"has-small-font-size wp-block-paragraph\">P\u0159e\u010dt\u011bte si tuto meditaci na str\u00e1nk\u00e1ch cac.org.&nbsp;<\/p>\n\n\n\n<p class=\"has-small-font-size wp-block-paragraph\">Translated with DeepL.com (free version)<\/p>\n\n\n\n<h6 class=\"wp-block-heading\">Prameny:<\/h6>\n\n\n\n<p class=\"has-small-font-size wp-block-paragraph\">[1] Pope Francis,&nbsp;<em>Laudato Si\u2019: On Care for Our Common Home<\/em>, paragraph 12.&nbsp;<a href=\"https:\/\/email.cac.org\/t\/d-l-eudiljt-itiuujuudy-d\/\">Read here for the full text of this encyclical.<\/a><\/p>\n\n\n\n<p class=\"has-small-font-size wp-block-paragraph\">Adapted from Richard Rohr,&nbsp;<em><a href=\"https:\/\/email.cac.org\/t\/d-l-eudiljt-itiuujuudy-h\/\">Essential Teachings on Love<\/a>,&nbsp;<\/em>selected by Joelle Chase and Judy Traeger (Maryknoll, NY: Orbis Books, 2018), 26\u201327.\u202f&nbsp;<\/p>\n\n\n\n<p class=\"has-small-font-size wp-block-paragraph\"><strong>Image credit and inspiration:<\/strong>&nbsp;Jennie Razumnaya,&nbsp;<em>Blooming Peach Garden&nbsp;<\/em>(detail), 2022, photo, Los Angeles,&nbsp;<a href=\"https:\/\/email.cac.org\/t\/d-l-eudiljt-itiuujuudy-k\/\"><em>Unsplash<\/em>.<\/a>&nbsp;<a href=\"https:\/\/email.cac.org\/t\/d-l-eudiljt-itiuujuudy-u\/\">Click here to enlarge image.<\/a>&nbsp;<em>We\u2019re invited into the beauty of creation, receiving and offering, just like this artist painting the petals of a cherry blossom.<\/em>&nbsp;<\/p>\n\n\n\n<p class=\"wp-block-paragraph\"><\/p>\n","protected":false},"excerpt":{"rendered":"<p>R.Rohr: K Bo\u017e\u00edmu tajemstv\u00ed nep\u0159ich\u00e1z\u00edme prost\u0159ednictv\u00edm pojm\u016f nebo teori\u00ed; p\u0159ich\u00e1z\u00edme spojen\u00edm s t\u00edm, co je &#8211; s bezprost\u0159edn\u00ed, zt\u011blesn\u011bnou Bo\u017e\u00ed p\u0159\u00edtomnost\u00ed, kter\u00e1 je v\u0161ude kolem n\u00e1s. V\u0161imn\u011bte si, \u017ee t\u00e9m\u011b\u0159 v\u0161echny Je\u017e\u00ed\u0161ovy b\u011b\u017en\u00e9 p\u0159\u00edb\u011bhy a p\u0159\u00edklady jsou zalo\u017eeny na p\u0159\u00edrod\u011b a vztahu &#8211; nikdy ne na teologii nebo akademick\u00e9 teorii.\u00a0<\/p>\n","protected":false},"author":1,"featured_media":9532,"comment_status":"open","ping_status":"open","sticky":false,"template":"","format":"standard","meta":{"footnotes":""},"categories":[198],"tags":[401,200,847],"class_list":["post-9531","post","type-post","status-publish","format-standard","has-post-thumbnail","hentry","category-richard-rohr-ofm-centrum-pro-zivot-a-rozjimani","tag-kontemplace","tag-priroda","tag-vteleni-2","latest_post"],"_links":{"self":[{"href":"https:\/\/www.frantiskani.cz\/index.php\/wp-json\/wp\/v2\/posts\/9531","targetHints":{"allow":["GET"]}}],"collection":[{"href":"https:\/\/www.frantiskani.cz\/index.php\/wp-json\/wp\/v2\/posts"}],"about":[{"href":"https:\/\/www.frantiskani.cz\/index.php\/wp-json\/wp\/v2\/types\/post"}],"author":[{"embeddable":true,"href":"https:\/\/www.frantiskani.cz\/index.php\/wp-json\/wp\/v2\/users\/1"}],"replies":[{"embeddable":true,"href":"https:\/\/www.frantiskani.cz\/index.php\/wp-json\/wp\/v2\/comments?post=9531"}],"version-history":[{"count":1,"href":"https:\/\/www.frantiskani.cz\/index.php\/wp-json\/wp\/v2\/posts\/9531\/revisions"}],"predecessor-version":[{"id":9533,"href":"https:\/\/www.frantiskani.cz\/index.php\/wp-json\/wp\/v2\/posts\/9531\/revisions\/9533"}],"wp:featuredmedia":[{"embeddable":true,"href":"https:\/\/www.frantiskani.cz\/index.php\/wp-json\/wp\/v2\/media\/9532"}],"wp:attachment":[{"href":"https:\/\/www.frantiskani.cz\/index.php\/wp-json\/wp\/v2\/media?parent=9531"}],"wp:term":[{"taxonomy":"category","embeddable":true,"href":"https:\/\/www.frantiskani.cz\/index.php\/wp-json\/wp\/v2\/categories?post=9531"},{"taxonomy":"post_tag","embeddable":true,"href":"https:\/\/www.frantiskani.cz\/index.php\/wp-json\/wp\/v2\/tags?post=9531"}],"curies":[{"name":"wp","href":"https:\/\/api.w.org\/{rel}","templated":true}]}}