{"id":9652,"date":"2024-10-28T07:54:15","date_gmt":"2024-10-28T06:54:15","guid":{"rendered":"https:\/\/www.frantiskani.cz\/?p=9652"},"modified":"2024-10-28T07:54:18","modified_gmt":"2024-10-28T06:54:18","slug":"politika-zakorenena-v-bozi-lasce","status":"publish","type":"post","link":"https:\/\/www.frantiskani.cz\/index.php\/2024\/10\/28\/politika-zakorenena-v-bozi-lasce\/","title":{"rendered":"Politika zako\u0159en\u011bn\u00e1 v Bo\u017e\u00ed l\u00e1sce"},"content":{"rendered":"\n<h6 class=\"wp-block-heading\">\u010cty\u0159ic\u00e1t\u00fd \u010dtvrt\u00fd t\u00fdden: Hled\u00e1n\u00ed ve\u0159ejn\u00e9ho blaha<\/h6>\n\n\n\n<p><em>Rev. Wes Granberg-Michaelson p\u0159ipom\u00edn\u00e1 k\u0159es\u0165an\u016fm, \u017ee p\u0159i rozhodov\u00e1n\u00ed o tom, jak chceme jednat ve ve\u0159ejn\u00e9 sf\u00e9\u0159e, je t\u0159eba vych\u00e1zet z osobn\u00ed zku\u0161enosti s p\u0159ekypuj\u00edc\u00ed Bo\u017e\u00ed l\u00e1skou ke sv\u011btu:<\/em><\/p>\n\n\n\n<h4 class=\"wp-block-heading\">Za\u010d\u00edt politikou a pak n\u00e1bo\u017eenstv\u00edm? Ne.<\/h4>\n\n\n\n<p>V poku\u0161en\u00ed je za\u010d\u00edt s politikou a pak se sna\u017eit p\u0159ij\u00edt na to, jak do n\u00ed zapad\u00e1 n\u00e1bo\u017eenstv\u00ed. Za\u010d\u00edn\u00e1me s p\u0159ijat\u00fdmi parametry politick\u00e9 debaty a a\u0165 u\u017e se nach\u00e1z\u00edme na levici nebo na pravici, pou\u017e\u00edv\u00e1me n\u00e1bo\u017eenstv\u00ed k ospravedln\u011bn\u00ed a pos\u00edlen\u00ed na\u0161ich st\u00e1vaj\u00edc\u00edch z\u00e1vazk\u016f&#8230;..<\/p>\n\n\n\n<h4 class=\"wp-block-heading\">Anga\u017eovanost v politice by m\u011bla b\u00fdt zako\u0159en\u011bna v\u00a0l\u00e1sce k Bohu<\/h4>\n\n\n\n<p>Ale co kdy\u017e se v\u00fdchoz\u00edm bodem stane na\u0161e vnit\u0159n\u00ed cesta? Co kdy\u017e si uv\u011bdom\u00edme, \u017ee na\u0161e anga\u017eovanost v politice by m\u011bla b\u00fdt zako\u0159en\u011bna v na\u0161\u00ed \u00fa\u010dasti na troji\u010dn\u00edm proudu Bo\u017e\u00ed l\u00e1sky? Pak se v\u0161echno zm\u011bn\u00ed. U\u017e nejsme vedeni nebo omezov\u00e1ni t\u00edm, co si mysl\u00edme, \u017ee je politicky mo\u017en\u00e9, ale jsme nuceni t\u00edm, co v\u00edme, \u017ee je nejskute\u010dn\u011bj\u0161\u00ed. V srdci v\u0161eho stvo\u0159en\u00ed je vz\u00e1jemn\u00e1 l\u00e1ska v Trojici, kter\u00e1 se p\u0159el\u00e9v\u00e1 a zahrnuje ve\u0161ker\u00fd \u017eivot. Jsme pozv\u00e1ni k \u00fa\u010dasti na prom\u011b\u0148uj\u00edc\u00ed s\u00edle t\u00e9to l\u00e1sky. V n\u00ed objevujeme z\u00e1klad sv\u00e9ho byt\u00ed, v n\u011bm\u017e se soust\u0159e\u010fuje ve\u0161ker\u00fd n\u00e1\u0161 \u017eivot a jedn\u00e1n\u00ed.<\/p>\n\n\n\n<h4 class=\"wp-block-heading\">Je\u017e\u00ed\u0161 nejen ukazoval cestu; On \u017eil zcela v p\u0159\u00edtomnosti a moci Bo\u017e\u00edho Ducha<\/h4>\n\n\n\n<p>To se nejpln\u011bji zjevilo v Je\u017e\u00ed\u0161i jako Bo\u017e\u00edm Synu. Jeho l\u00e1ska k nep\u0159\u00e1tel\u016fm, nen\u00e1siln\u00e1 reakce na zlo, p\u0159ijet\u00ed lid\u00ed na okraji spole\u010dnosti, odsouzen\u00ed sebest\u0159edn\u00fdch n\u00e1bo\u017eensk\u00fdch pokrytc\u016f, soucit s chud\u00fdmi, nerespektov\u00e1n\u00ed hranic soci\u00e1ln\u00edho vylou\u010den\u00ed, obhajoba ekonomicky utla\u010dovan\u00fdch a jistota, \u017ee do sv\u011bta pronik\u00e1 Bo\u017e\u00ed vl\u00e1da, to v\u0161e pramenilo z jeho pln\u00e9, vz\u00e1jemn\u00e9 \u00fa\u010dasti na Otcov\u011b l\u00e1sce. Je\u017e\u00ed\u0161 pouze neukazoval cestu; \u017eil zcela v p\u0159\u00edtomnosti a moci Bo\u017e\u00edho vykupuj\u00edc\u00edho a prom\u011b\u0148uj\u00edc\u00edho \u017eivota.<\/p>\n\n\n\n<p><em>Granberg-Michaelson si p\u0159edstavuje budoucnost zalo\u017eenou na Bo\u017e\u00ed touze po sv\u011bt\u011b:<\/em><\/p>\n\n\n\n<h4 class=\"wp-block-heading\">Prom\u011b\u0148uj\u00edc\u00ed zm\u011bna v politice z\u00e1vis\u00ed na tom jak\u00fd m\u00e1\u0161 vnit\u0159n\u00ed c\u00edl<\/h4>\n\n\n\n<p>Prom\u011b\u0148uj\u00edc\u00ed zm\u011bna v politice z\u00e1vis\u00ed do zna\u010dn\u00e9 m\u00edry na tom, zda m\u00e1me jasnou p\u0159edstavu o \u017e\u00e1douc\u00edm c\u00edli. Odkud se tato vize bere? Mo\u017enosti mohou nab\u00edzet r\u016fzn\u00e9 ideologie nebo stranick\u00e9 platformy \u010di politi\u010dt\u00ed kandid\u00e1ti. Pro v\u011b\u0159\u00edc\u00edho \u010dlov\u011bka v\u0161ak tato vize nach\u00e1z\u00ed sv\u00e9 ko\u0159eny v Bohem zam\u00fd\u0161len\u00e9 a preferovan\u00e9 budoucnosti sv\u011bta. Nep\u0159ich\u00e1z\u00ed jako dogmatick\u00fd pl\u00e1n, ale jako zku\u0161enostn\u00ed setk\u00e1n\u00ed s Bo\u017e\u00ed l\u00e1skou, kter\u00e1 jako \u0159eka vyt\u00e9k\u00e1 z Bo\u017e\u00edho tr\u016fnu a \u017eiv\u00ed stromy list\u00edm pro uzdraven\u00ed n\u00e1rod\u016f (viz Zjeven\u00ed 22,1-2)&#8230;..<\/p>\n\n\n\n<h4 class=\"wp-block-heading\">Teprve prom\u011bna srdc\u00ed lid\u00ed vede k\u00a0prom\u011bn\u011b sv\u011bta<\/h4>\n\n\n\n<p>Takov\u00e1 vize p\u0159ipad\u00e1 politick\u00e9mu pragmatikovi idylick\u00e1, nerealistick\u00e1 a irelevantn\u00ed. Ale v\u011b\u0159\u00edc\u00ed \u010dlov\u011bk, jeho\u017e vnit\u0159n\u00ed cesta otev\u00edr\u00e1 [jeho] \u017eivot v\u00fdbu\u0161n\u00e9 Bo\u017e\u00ed l\u00e1sce, v\u00ed, \u017ee tato vize je ze v\u0161ech nejre\u00e1ln\u011bj\u0161\u00ed. Je to z\u00e1blesk z\u00e1m\u011bru stvo\u0159en\u00ed a z\u00e1blesk pohybu Ducha uprost\u0159ed sou\u010dasn\u00e9 bolesti, zlomenosti a zoufalstv\u00ed sv\u011bta. Tato vize tak\u00e9 uzn\u00e1v\u00e1 nevyhnutelnou cestu vnit\u0159n\u00ed a vn\u011bj\u0161\u00ed prom\u011bny &#8211; sou\u010dasnou, pokra\u010duj\u00edc\u00ed prom\u011bnu vnit\u0159n\u00edch srdc\u00ed lid\u00ed osvobozen\u00fdch \u00fa\u017easnou Bo\u017e\u00ed milost\u00ed a vn\u011bj\u0161\u00ed prom\u011bnu soci\u00e1ln\u00edch a ekonomick\u00fdch struktur osvobozen\u00fdch Bo\u017e\u00edmi normami spravedlnosti.<\/p>\n\n\n\n<p class=\"has-small-font-size\"><a href=\"https:\/\/email.cac.org\/t\/d-l-slyujil-tlkrhyidn-r\/\">Tuto meditaci si m\u016f\u017eete p\u0159e\u010d\u00edst na str\u00e1nk\u00e1ch cac.org.<\/a><\/p>\n\n\n\n<p class=\"has-small-font-size\"><em>Translated with <a href=\"https:\/\/www.deepl.com\/?utm_campaign=product&amp;utm_source=web_translator&amp;utm_medium=web&amp;utm_content=copy_free_translation\">DeepL.com<\/a> (free version)<\/em><\/p>\n\n\n\n<h6 class=\"wp-block-heading\">Prameny:<\/h6>\n\n\n\n<p class=\"has-small-font-size\">Wes Granberg-Michaelson, \u201cFrom Mysticism to Politics,\u201d&nbsp;<em>Oneing&nbsp;<\/em>5, no. 2,&nbsp;<em>Politics and Religion<\/em>&nbsp;(Fall 2017): 15, 16, 17.&nbsp;<a href=\"https:\/\/email.cac.org\/t\/d-l-slyujil-tlkrhyidn-u\/\">Available as PDF download.<\/a><\/p>\n\n\n\n<p class=\"has-small-font-size\"><strong>Image credit and inspiration<\/strong>: Eyoel Khassay,&nbsp;<em>Untitled&nbsp;<\/em>(detail), 2020, photo, Ethiopia,&nbsp;<em><a href=\"https:\/\/email.cac.org\/t\/d-l-slyujil-tlkrhyidn-o\/\">Unsplash<\/a><\/em>.&nbsp;<a href=\"https:\/\/email.cac.org\/t\/d-l-slyujil-tlkrhyidn-b\/\">Click here to enlarge image.<\/a>&nbsp;<em>We plant trees as an offering of communal good for the future.<\/em>&nbsp;<\/p>\n","protected":false},"excerpt":{"rendered":"<p>Wes Granberg-Michaelson: Tato vize tak\u00e9 uzn\u00e1v\u00e1 nevyhnutelnou cestu vnit\u0159n\u00ed a vn\u011bj\u0161\u00ed prom\u011bny &#8211; sou\u010dasnou, pokra\u010duj\u00edc\u00ed prom\u011bnu vnit\u0159n\u00edch srdc\u00ed lid\u00ed osvobozen\u00fdch \u00fa\u017easnou Bo\u017e\u00ed milost\u00ed a vn\u011bj\u0161\u00ed prom\u011bnu soci\u00e1ln\u00edch a ekonomick\u00fdch struktur osvobozen\u00fdch Bo\u017e\u00edmi normami spravedlnosti.<\/p>\n","protected":false},"author":1,"featured_media":9644,"comment_status":"open","ping_status":"open","sticky":false,"template":"","format":"standard","meta":{"footnotes":""},"categories":[198],"tags":[1692,1865],"class_list":["post-9652","post","type-post","status-publish","format-standard","has-post-thumbnail","hentry","category-richard-rohr-ofm-centrum-pro-zivot-a-rozjimani","tag-politika","tag-vnitrni-postoj-politka","latest_post"],"_links":{"self":[{"href":"https:\/\/www.frantiskani.cz\/index.php\/wp-json\/wp\/v2\/posts\/9652","targetHints":{"allow":["GET"]}}],"collection":[{"href":"https:\/\/www.frantiskani.cz\/index.php\/wp-json\/wp\/v2\/posts"}],"about":[{"href":"https:\/\/www.frantiskani.cz\/index.php\/wp-json\/wp\/v2\/types\/post"}],"author":[{"embeddable":true,"href":"https:\/\/www.frantiskani.cz\/index.php\/wp-json\/wp\/v2\/users\/1"}],"replies":[{"embeddable":true,"href":"https:\/\/www.frantiskani.cz\/index.php\/wp-json\/wp\/v2\/comments?post=9652"}],"version-history":[{"count":1,"href":"https:\/\/www.frantiskani.cz\/index.php\/wp-json\/wp\/v2\/posts\/9652\/revisions"}],"predecessor-version":[{"id":9653,"href":"https:\/\/www.frantiskani.cz\/index.php\/wp-json\/wp\/v2\/posts\/9652\/revisions\/9653"}],"wp:featuredmedia":[{"embeddable":true,"href":"https:\/\/www.frantiskani.cz\/index.php\/wp-json\/wp\/v2\/media\/9644"}],"wp:attachment":[{"href":"https:\/\/www.frantiskani.cz\/index.php\/wp-json\/wp\/v2\/media?parent=9652"}],"wp:term":[{"taxonomy":"category","embeddable":true,"href":"https:\/\/www.frantiskani.cz\/index.php\/wp-json\/wp\/v2\/categories?post=9652"},{"taxonomy":"post_tag","embeddable":true,"href":"https:\/\/www.frantiskani.cz\/index.php\/wp-json\/wp\/v2\/tags?post=9652"}],"curies":[{"name":"wp","href":"https:\/\/api.w.org\/{rel}","templated":true}]}}