{"id":9658,"date":"2024-10-29T07:30:44","date_gmt":"2024-10-29T06:30:44","guid":{"rendered":"https:\/\/www.frantiskani.cz\/?p=9658"},"modified":"2024-10-29T07:30:46","modified_gmt":"2024-10-29T06:30:46","slug":"zmena-prostrednictvim-vztahu","status":"publish","type":"post","link":"https:\/\/www.frantiskani.cz\/index.php\/2024\/10\/29\/zmena-prostrednictvim-vztahu\/","title":{"rendered":"Zm\u011bna prost\u0159ednictv\u00edm vztah\u016f"},"content":{"rendered":"\n<h6 class=\"wp-block-heading\">\u010cty\u0159ic\u00e1t\u00fd \u010dtvrt\u00fd t\u00fdden: Hled\u00e1n\u00ed ve\u0159ejn\u00e9ho blaha<\/h6>\n\n\n\n<p><em>Sikhsk\u00e1 aktivistka a spisovatelka Valarie Kaurv rozhovoru pro <\/em>Denn\u00ed meditace<em> klade l\u00e1sku do st\u0159edu na\u0161\u00ed schopnosti dos\u00e1hnout celistvosti v rozd\u011blen\u00e9m sv\u011bt\u011b:<\/em><\/p>\n\n\n\n<h4 class=\"wp-block-heading\">Miluj\u00edc\u00ed celistvost?<\/h4>\n\n\n\n<p>Co to znamen\u00e1 vr\u00e1tit se k takov\u00e9mu druhu celistvosti, kdy zp\u016fsob, jak\u00fdm milujeme, ovliv\u0148uje to, co d\u011bl\u00e1me ve sv\u011bt\u011b, a to, co d\u011bl\u00e1me ve sv\u011bt\u011b, prohlubuje na\u0161i l\u00e1sku? &#8230;..<\/p>\n\n\n\n<h4 class=\"wp-block-heading\">Protivn\u00edci zde budou st\u00e1le<\/h4>\n\n\n\n<p>Chci n\u00e1m v\u0161em p\u0159ipomenout, \u017ee jakkoli mus\u00edme bojovat za sv\u00e9 p\u0159esv\u011bd\u010den\u00ed a st\u00e1t za t\u00edm, co je spravedliv\u00e9, nezapome\u0148te, \u017ee v\u0161ichni ti lid\u00e9, kte\u0159\u00ed hlasuj\u00ed proti v\u00e1m, nezmiz\u00ed po dni voleb ani po dni inaugurace. Mus\u00edme naj\u00edt zp\u016fsob, jak spolu st\u00e1le \u017e\u00edt.<\/p>\n\n\n\n<h4 class=\"wp-block-heading\">St\u00e1le s&nbsp;nimi hovo\u0159te<\/h4>\n\n\n\n<p>Jedin\u00fd zp\u016fsob, jak se zrod\u00ed multirasov\u00e1 demokracie, je ten, \u017ee se budeme dr\u017eet vize budoucnosti, kter\u00e1 nikoho nenech\u00e1 pozadu, ani na\u0161e nejv\u011bt\u0161\u00ed odp\u016frce. Tak\u017ee mo\u017en\u00e1 budete v pozici, kdy budete moci v\u00e9st takov\u00fd rozhovor se sousedem z ulice nebo se str\u00fdcem u rodinn\u00e9ho stolu nebo s teenagerkou, kter\u00e1 nechce j\u00edt volit, proto\u017ee je p\u0159\u00edli\u0161 cynick\u00e1. Co by se mohlo st\u00e1t, kdybyste je nechali na pokoji? [Filozofka] Hannah Arendtov\u00e1 \u0159\u00edk\u00e1, \u017ee izolace plod\u00ed radikalizaci.[1]<\/p>\n\n\n\n<h4 class=\"wp-block-heading\">St\u00e1le naslouchejte<\/h4>\n\n\n\n<p>Vy m\u016f\u017eete b\u00fdt t\u00edm, kdo proraz\u00ed algoritmus [soci\u00e1ln\u00edch m\u00e9di\u00ed], kdo se posad\u00ed do prostoru hlubok\u00e9ho naslouch\u00e1n\u00ed &#8211; a hlubok\u00e9 naslouch\u00e1n\u00ed je aktem odevzd\u00e1n\u00ed se. Riskujete, \u017ee v\u00e1s zm\u011bn\u00ed to, co sly\u0161\u00edte.<\/p>\n\n\n\n<h4 class=\"wp-block-heading\">Pochopte jejich zran\u011bn\u00ed<\/h4>\n\n\n\n<p>Ve sv\u011bt\u011b kolem n\u00e1s tyto prostory nevid\u00edme modelovan\u00e9. Mus\u00edme si je vytvo\u0159it v prostoru mezi n\u00e1mi. \u010casto to znamen\u00e1 naslouchat del\u0161\u00ed dobu, b\u00fdt ve vztahu. Lidsk\u00e9 bytosti se navz\u00e1jem zrcadl\u00ed, tak\u017ee pokud p\u0159ijdete s vytasen\u00fdmi d\u00fdkami, oni p\u0159ijdou s vytasen\u00fdmi d\u00fdkami. Pokud vyjdete ven a opravdu se pt\u00e1te \u201ePro\u010d?\u201c, pod hesly a zvukov\u00fdmi hl\u00e1\u0161kami usly\u0161\u00edte p\u0159\u00edb\u011bh \u010dlov\u011bka a uvid\u00edte jeho zran\u011bn\u00ed. Uvid\u00edte jejich z\u00e1rmutek. Uvid\u00edte jejich vztek. Mo\u017en\u00e1 s t\u00edm nebudete souhlasit, ale j\u00e1 jsem pochopila, \u017ee na sv\u011bt\u011b neexistuj\u00ed \u017e\u00e1dn\u00e9 zr\u016fdy, jen zran\u011bn\u00e9 lidsk\u00e9 bytosti, kter\u00e9 jednaj\u00ed ze sv\u00e9ho strachu, nejistoty nebo vzteku. To je ned\u011bl\u00e1 m\u00e9n\u011b nebezpe\u010dn\u00fdmi, ale jakmile uvid\u00edme jejich zran\u011bn\u00ed, ztrat\u00ed nad n\u00e1mi svou moc. A my se m\u016f\u017eeme pt\u00e1t sami sebe: Jak chceme tuto informaci vyu\u017e\u00edt v tom, co budeme d\u011blat d\u00e1l?<\/p>\n\n\n\n<h4 class=\"wp-block-heading\">Vytv\u00e1\u0159ejte se v\u0161emi komunitu<\/h4>\n\n\n\n<p>Vyz\u00fdv\u00e1m lidi, aby sv\u00e1 zran\u011bn\u00ed [a] zran\u011bn\u00ed sv\u00fdch oponent\u016f p\u0159enesli do prostoru nov\u00e9 imaginace &#8211; do p\u0159edstavy v\u00fdsledku, politiky, vztahu, kter\u00fd nenech\u00e1v\u00e1 nikoho mimo n\u00e1\u0161 okruh p\u00e9\u010de, dokonce ani \u201eje\u201c. Tento druh pr\u00e1ce, tento druh revolu\u010dn\u00ed l\u00e1sky, nen\u00ed ob\u011bt\u00ed jednotlivce, je to praxe komunity.<\/p>\n\n\n\n<h4 class=\"wp-block-heading\">Ka\u017ed\u00fd m\u00e1me v&nbsp;komunit\u011b svoji roli<\/h4>\n\n\n\n<p>Kdy\u017e zveme lidi k praktikov\u00e1n\u00ed revolu\u010dn\u00ed l\u00e1sky, v\u017edy se pt\u00e1me: \u201eJak\u00e1 je va\u0161e role v tomto obdob\u00ed va\u0161eho \u017eivota?\u201c &#8230;.. A\u0165 u\u017e si vyberete cokoli, m\u016f\u017ee to b\u00fdt z\u00e1sadn\u00ed praxe l\u00e1sky, revolu\u010dn\u00ed l\u00e1sky. A pokud ka\u017ed\u00fd z n\u00e1s hraje svou roli &#8211; ani v\u00edce, ani m\u00e9n\u011b &#8211; pak spole\u010dn\u011b vytv\u00e1\u0159\u00edme kulturn\u00ed zm\u011bnu, kterou tak zoufale pot\u0159ebujeme.<\/p>\n\n\n\n<p class=\"has-small-font-size\"><a href=\"https:\/\/email.cac.org\/t\/d-l-slyukg-tlkrhyidn-r\/\">P\u0159e\u010dt\u011bte si tuto meditaci na str\u00e1nk\u00e1ch cac.org.<\/a><\/p>\n\n\n\n<p class=\"has-small-font-size\"><em>Translated with <a href=\"https:\/\/www.deepl.com\/?utm_campaign=product&amp;utm_source=web_translator&amp;utm_medium=web&amp;utm_content=copy_free_translation\">DeepL.com<\/a> (free version)<\/em><\/p>\n\n\n\n<h6 class=\"wp-block-heading\">Prameny:<\/h6>\n\n\n\n<p class=\"has-small-font-size\">[1] See Hannah Arendt, \u201cIdeology and Terror: A Novel Form of Government,\u201d in&nbsp;<em>The Origins of Totalitarianism<\/em>&nbsp;(New York: Harcourt, 1976).&nbsp;<\/p>\n\n\n\n<p class=\"has-small-font-size\">Adapted from Valarie Kaur, \u201c<a href=\"https:\/\/email.cac.org\/t\/d-l-slyukg-tlkrhyidn-u\/\">Becoming a Sage Warrior<\/a>,\u201d&nbsp;<em>Daily Meditations<\/em>, October 28, 2024, Center for Action and Contemplation, video, 38:13.&nbsp;<\/p>\n\n\n\n<p class=\"has-small-font-size\"><strong>Image credit and inspiration<\/strong>: Eyoel Khassay,&nbsp;<em>Untitled&nbsp;<\/em>(detail), 2020, photo, Ethiopia,&nbsp;<em><a href=\"https:\/\/email.cac.org\/t\/d-l-slyukg-tlkrhyidn-o\/\">Unsplash<\/a><\/em>.&nbsp;<a href=\"https:\/\/email.cac.org\/t\/d-l-slyukg-tlkrhyidn-b\/\">Click here to enlarge image.<\/a>&nbsp;<em>We plant trees as an offering of communal good for the future.<\/em>&nbsp;<\/p>\n","protected":false},"excerpt":{"rendered":"<p>Valarie Kaurv : Kdy\u017e zveme lidi k praktikov\u00e1n\u00ed revolu\u010dn\u00ed l\u00e1sky, v\u017edy se pt\u00e1me: \u201eJak\u00e1 je va\u0161e role v tomto obdob\u00ed va\u0161eho \u017eivota?\u201c &#8230;.. A\u0165 u\u017e si vyberete cokoli, m\u016f\u017ee to b\u00fdt z\u00e1sadn\u00ed praxe l\u00e1sky, revolu\u010dn\u00ed l\u00e1sky. A pokud ka\u017ed\u00fd z n\u00e1s hraje svou roli &#8211; ani v\u00edce, ani m\u00e9n\u011b &#8211; pak spole\u010dn\u011b vytv\u00e1\u0159\u00edme kulturn\u00ed zm\u011bnu, kterou tak zoufale pot\u0159ebujeme.<\/p>\n","protected":false},"author":1,"featured_media":9644,"comment_status":"open","ping_status":"open","sticky":false,"template":"","format":"standard","meta":{"footnotes":""},"categories":[198],"tags":[524,1866],"class_list":["post-9658","post","type-post","status-publish","format-standard","has-post-thumbnail","hentry","category-richard-rohr-ofm-centrum-pro-zivot-a-rozjimani","tag-komunita","tag-vytvareni-komunity","latest_post"],"_links":{"self":[{"href":"https:\/\/www.frantiskani.cz\/index.php\/wp-json\/wp\/v2\/posts\/9658","targetHints":{"allow":["GET"]}}],"collection":[{"href":"https:\/\/www.frantiskani.cz\/index.php\/wp-json\/wp\/v2\/posts"}],"about":[{"href":"https:\/\/www.frantiskani.cz\/index.php\/wp-json\/wp\/v2\/types\/post"}],"author":[{"embeddable":true,"href":"https:\/\/www.frantiskani.cz\/index.php\/wp-json\/wp\/v2\/users\/1"}],"replies":[{"embeddable":true,"href":"https:\/\/www.frantiskani.cz\/index.php\/wp-json\/wp\/v2\/comments?post=9658"}],"version-history":[{"count":1,"href":"https:\/\/www.frantiskani.cz\/index.php\/wp-json\/wp\/v2\/posts\/9658\/revisions"}],"predecessor-version":[{"id":9659,"href":"https:\/\/www.frantiskani.cz\/index.php\/wp-json\/wp\/v2\/posts\/9658\/revisions\/9659"}],"wp:featuredmedia":[{"embeddable":true,"href":"https:\/\/www.frantiskani.cz\/index.php\/wp-json\/wp\/v2\/media\/9644"}],"wp:attachment":[{"href":"https:\/\/www.frantiskani.cz\/index.php\/wp-json\/wp\/v2\/media?parent=9658"}],"wp:term":[{"taxonomy":"category","embeddable":true,"href":"https:\/\/www.frantiskani.cz\/index.php\/wp-json\/wp\/v2\/categories?post=9658"},{"taxonomy":"post_tag","embeddable":true,"href":"https:\/\/www.frantiskani.cz\/index.php\/wp-json\/wp\/v2\/tags?post=9658"}],"curies":[{"name":"wp","href":"https:\/\/api.w.org\/{rel}","templated":true}]}}