{"id":9685,"date":"2024-11-01T07:32:15","date_gmt":"2024-11-01T06:32:15","guid":{"rendered":"https:\/\/www.frantiskani.cz\/?p=9685"},"modified":"2024-11-01T07:32:16","modified_gmt":"2024-11-01T06:32:16","slug":"duchovni-praxe-a-spolecenska-obnova","status":"publish","type":"post","link":"https:\/\/www.frantiskani.cz\/index.php\/2024\/11\/01\/duchovni-praxe-a-spolecenska-obnova\/","title":{"rendered":"Duchovn\u00ed praxe a spole\u010densk\u00e1 obnova"},"content":{"rendered":"\n<h6 class=\"wp-block-heading\">\u010cty\u0159ic\u00e1t\u00fd \u010dtvrt\u00fd t\u00fdden: Hled\u00e1n\u00ed ve\u0159ejn\u00e9ho blaha<\/h6>\n\n\n\n<p><em>Nic, co stoj\u00ed za to, nelze uskute\u010dnit b\u011bhem na\u0161eho \u017eivota; proto n\u00e1s mus\u00ed zachr\u00e1nit nad\u011bje. Nic, co je pravdiv\u00e9, kr\u00e1sn\u00e9 nebo dobr\u00e9, nem\u00e1 v bezprost\u0159edn\u00edm kontextu d\u011bjin \u00fapln\u00fd smysl; proto mus\u00edme b\u00fdt zachr\u00e1n\u011bni v\u00edrou. Nic z toho, co d\u011bl\u00e1me, a\u0165 u\u017e je to jakkoli ctnostn\u00e9, nem\u016f\u017eeme uskute\u010dnit sami; proto n\u00e1s zachra\u0148uje l\u00e1ska. \u017d\u00e1dn\u00fd ctnostn\u00fd \u010din nen\u00ed z pohledu na\u0161eho p\u0159\u00edtele \u010di nep\u0159\u00edtele stejn\u011b ctnostn\u00fd jako z na\u0161eho pohledu. Proto mus\u00edme b\u00fdt spaseni posledn\u00ed formou l\u00e1sky, kterou je odpu\u0161t\u011bn\u00ed. -Reinhold Niebuhr, Ironie americk\u00fdch d\u011bjin.<\/em><\/p>\n\n\n\n<p><em>V\u00e1\u017een\u00e1 u\u010ditelka a kolegyn\u011b z CAC Dr. Barbara Holmesov\u00e1 (1943-2024) \u010derp\u00e1 moudrost z teologa Reinholda Niebuhra:<\/em><\/p>\n\n\n\n<h4 class=\"wp-block-heading\">V\u0161e vy\u017eaduje \u010das<\/h4>\n\n\n\n<p>Slova Reinholda Niebuhra jsou pravdiv\u00e1. I kdy\u017e bychom si p\u0159\u00e1li, aby tomu bylo jinak, boj za spravedlnost nen\u00ed nikdy ukon\u010den b\u011bhem jednoho \u017eivota nebo jedn\u00e9 vzpoury. Zm\u011bna syst\u00e9m\u016f, obr\u00e1cen\u00ed srdc\u00ed, odpu\u0161t\u011bn\u00ed \u00fatlaku a rozpt\u00fdlen\u00ed hn\u011bvu (a\u0165 u\u017e spravedliv\u00e9ho, nebo ne) vy\u017eaduje \u010das. Nen\u00ed snadn\u00e9 \u010delit nespravedlnosti. Vy\u017eaduje to solidaritu a nevyhnuteln\u00e9 ztr\u00e1ty na \u017eivotech. Vy\u017eaduje to, aby ka\u017ed\u00e1 generace utrousila: \u201eJsme p\u0159ipraveni b\u00fdt svobodn\u00ed jak\u00fdmikoliv m\u00edrov\u00fdmi prost\u0159edky.\u201c [1] &#8230;<\/p>\n\n\n\n<h4 class=\"wp-block-heading\">Ne v\u017edy je cesta rozpoznateln\u00e1<\/h4>\n\n\n\n<p>Bez ohledu na to, jak zoufal\u00e1 se zd\u00e1 b\u00fdt na\u0161e osobn\u00ed \u010di komunitn\u00ed situace, oscilujeme na vysok\u00fdch i n\u00edzk\u00fdch frekvenc\u00edch mezi dobrem a groteskou. Ne v\u017edy vid\u00edme cestu ke spole\u010dn\u00e9mu dobru; \u010dasto se zd\u00e1, \u017ee zlo zv\u00edt\u011bzilo, a n\u011bkdy se skok v\u00edry nutn\u00fd k p\u0159eklenut\u00ed propast\u00ed nesouhlasu zd\u00e1 b\u00fdt [zoufalou] volbou.<\/p>\n\n\n\n<h4 class=\"wp-block-heading\">Iluz\u00ed reality<\/h4>\n\n\n\n<p>A p\u0159esto i v t\u011bch nejhor\u0161\u00edch dob\u00e1ch existuj\u00ed p\u0159\u00edle\u017eitosti, jak usnadnit lidsk\u00fd rozkv\u011bt prost\u0159ednictv\u00edm tv\u016fr\u010d\u00ed v\u00fdm\u011bny my\u0161lenek, autenticity, kultury a n\u00e1bo\u017eensk\u00e9ho vyj\u00e1d\u0159en\u00ed. Kontemplativn\u00ed obrat je nezbytn\u00fd, proto\u017ee iluze reality, kter\u00e1 r\u00e1muje n\u00e1\u0161 ka\u017edodenn\u00ed \u017eivot, omezuje pronik\u00e1n\u00ed Ducha a zatem\u0148uje rozli\u0161ov\u00e1n\u00ed. [2]<\/p>\n\n\n\n<p><em>Holmes spojuje duchovn\u00ed praxi se spole\u010dn\u00fdm dobrem:<\/em><\/p>\n\n\n\n<p><em>Nejprve za\u010dn\u011bme b\u00fdt tv\u016fr\u010d\u00ed tam kam dos\u00e1hneme v&nbsp;na\u0161em mikrokosmu<\/em><\/p>\n\n\n\n<p>Pro m\u011b duchovn\u00ed praxe, na kter\u00e9 z\u00e1le\u017e\u00ed, zahrnuje soci\u00e1ln\u00ed obnovu. Nam\u00edsto obvi\u0148ov\u00e1n\u00ed druh\u00fdch ze stavu na\u0161\u00ed unie, nam\u00edsto obvi\u0148ov\u00e1n\u00ed t\u00e9 \u010di on\u00e9 politick\u00e9 strany se m\u016f\u017eeme zamyslet nad vlastn\u00ed spoluvinou a podporou syst\u00e9m\u016f, kter\u00e9 opustily chud\u00e9, uskladnily na\u0161e d\u011bti v upadaj\u00edc\u00edch \u0161kol\u00e1ch a nezajistily odpov\u00eddaj\u00edc\u00ed zdravotn\u00ed p\u00e9\u010di. V r\u00e1mci duchovn\u00ed praxe se m\u016f\u017eeme probudit a uv\u011bdomit si mo\u017enost vybudovat nov\u00fd \u0159\u00e1d. M\u016f\u017eeme tyto mo\u017enosti improvizovat; vyzkou\u0161et je v tv\u016fr\u010d\u00edm mikrokosmu sd\u00edlen\u00e9ho ve\u0159ejn\u00e9ho \u017eivota a uv\u011bdomit si, \u017ee n\u00e1\u0161 zp\u016fsob \u017eivota lze zlep\u0161it tak, aby se da\u0159ilo v\u0161em \u010dlen\u016fm spole\u010dnosti&#8230;..<\/p>\n\n\n\n<h4 class=\"wp-block-heading\">V\u011b\u0159\u00edm, \u017ee m\u016f\u017eeme, pokud budeme cht\u00edt\u2026<\/h4>\n\n\n\n<p>Cituji z \u010dl\u00e1nku, kter\u00fd jsem napsala pod n\u00e1zvem \u201eSt\u00e1le na cest\u011b\u201c: V\u011b\u0159\u00edm, \u017ee v r\u00e1mci duchovn\u00ed praxe si m\u016f\u017eeme p\u0159edstavit a vytvo\u0159it \u201epolitick\u00fd syst\u00e9m, kter\u00fd bude reagovat na lidi a respektovat glob\u00e1ln\u00ed sousedy, zdravotn\u00ed syst\u00e9m, kter\u00fd bude komplexn\u00ed a nebude zam\u011b\u0159en na zisk, vzd\u011bl\u00e1vac\u00ed syst\u00e9m, kter\u00fd bude formov\u00e1n inovacemi, improvizac\u00ed, technologi\u00ed a prakti\u010dnost\u00ed\u201c. [3] Dok\u00e1\u017eeme si nyn\u00ed up\u0159\u00edmn\u011b \u0159\u00edci, co nefunguje? Dok\u00e1\u017eeme si znovu p\u0159edstavit nov\u00e9 mo\u017enosti? V\u011b\u0159\u00edm, \u017ee m\u016f\u017eeme, pokud budeme cht\u00edt.\u202f[4]<\/p>\n\n\n\n<p class=\"has-small-font-size\"><a href=\"https:\/\/email.cac.org\/t\/d-l-slyuuo-itiuujuudy-r\/\">P\u0159e\u010dt\u011bte si tuto meditaci na webu cac.org.<\/a><\/p>\n\n\n\n<p class=\"has-small-font-size\"><em>Translated with <a href=\"https:\/\/www.deepl.com\/?utm_campaign=product&amp;utm_source=web_translator&amp;utm_medium=web&amp;utm_content=copy_free_translation\">DeepL.com<\/a> (free version)<\/em><\/p>\n\n\n\n<h6 class=\"wp-block-heading\">Prameny:<\/h6>\n\n\n\n<p class=\"has-small-font-size\">[1] Barbara A. Holmes,<em>&nbsp;<a href=\"https:\/\/email.cac.org\/t\/d-l-slyuuo-itiuujuudy-u\/\">Joy Unspeakable: Contemplative Practices of the Black Church<\/a><\/em>, 2nd ed. (Minneapolis, MN: Fortress Press, 2017), 158.&nbsp;&nbsp;<\/p>\n\n\n\n<p class=\"has-small-font-size\">[2] Holmes,&nbsp;<em><a href=\"https:\/\/email.cac.org\/t\/d-l-slyuuo-itiuujuudy-o\/\">Joy Unspeakable<\/a><\/em>, 175.&nbsp;<\/p>\n\n\n\n<p class=\"has-small-font-size\">[3] Barbara A. Holmes, \u201cStill on the Journey: Moral Witness, Imagination, and Improvisation in Public Life,\u201d in&nbsp;<em>Ethics That Matters: African, Caribbean, and African American Sources<\/em>, ed. Marcia Y. Riggs and James Samuel Logan (Minneapolis, MN: Fortress Press, 2012), 238.\u202f&nbsp;<\/p>\n\n\n\n<p class=\"has-small-font-size\">[4] Adapted from Barbara A. Holmes, \u201c<a href=\"https:\/\/email.cac.org\/t\/d-l-slyuuo-itiuujuudy-b\/\">Love of Neighbor and the Practice of Social Renewal<\/a>,\u201d&nbsp;<em>Wisdom in Times of Crisis<\/em>, May 4, 2020, Center for Action and Contemplation, video, 4:46.&nbsp;<\/p>\n\n\n\n<p class=\"has-small-font-size\"><strong>Image credit and inspiration<\/strong>: Eyoel Khassay,&nbsp;<em>Untitled&nbsp;<\/em>(detail), 2020, photo, Ethiopia,&nbsp;<em><a href=\"https:\/\/email.cac.org\/t\/d-l-slyuuo-itiuujuudy-n\/\">Unsplash<\/a><\/em>.&nbsp;<a href=\"https:\/\/email.cac.org\/t\/d-l-slyuuo-itiuujuudy-p\/\">Click here to enlarge image.<\/a>&nbsp;<em>We plant trees as an offering of communal good for the future.<\/em>&nbsp;<\/p>\n\n\n\n<p><\/p>\n","protected":false},"excerpt":{"rendered":"<p>Dr. Barbara Holmesov\u00e1: V r\u00e1mci duchovn\u00ed praxe se m\u016f\u017eeme probudit a uv\u011bdomit si mo\u017enost vybudovat nov\u00fd \u0159\u00e1d. M\u016f\u017eeme tyto mo\u017enosti improvizovat; vyzkou\u0161et je v tv\u016fr\u010d\u00edm mikrokosmu sd\u00edlen\u00e9ho ve\u0159ejn\u00e9ho \u017eivota a uv\u011bdomit si, \u017ee n\u00e1\u0161 zp\u016fsob \u017eivota lze zlep\u0161it tak, aby se da\u0159ilo v\u0161em \u010dlen\u016fm spole\u010dnosti&#8230;..<\/p>\n","protected":false},"author":1,"featured_media":9644,"comment_status":"open","ping_status":"open","sticky":false,"template":"","format":"standard","meta":{"footnotes":""},"categories":[198],"tags":[1870,242],"class_list":["post-9685","post","type-post","status-publish","format-standard","has-post-thumbnail","hentry","category-richard-rohr-ofm-centrum-pro-zivot-a-rozjimani","tag-duchovni-praxe","tag-spolecne-dobro","latest_post"],"_links":{"self":[{"href":"https:\/\/www.frantiskani.cz\/index.php\/wp-json\/wp\/v2\/posts\/9685","targetHints":{"allow":["GET"]}}],"collection":[{"href":"https:\/\/www.frantiskani.cz\/index.php\/wp-json\/wp\/v2\/posts"}],"about":[{"href":"https:\/\/www.frantiskani.cz\/index.php\/wp-json\/wp\/v2\/types\/post"}],"author":[{"embeddable":true,"href":"https:\/\/www.frantiskani.cz\/index.php\/wp-json\/wp\/v2\/users\/1"}],"replies":[{"embeddable":true,"href":"https:\/\/www.frantiskani.cz\/index.php\/wp-json\/wp\/v2\/comments?post=9685"}],"version-history":[{"count":1,"href":"https:\/\/www.frantiskani.cz\/index.php\/wp-json\/wp\/v2\/posts\/9685\/revisions"}],"predecessor-version":[{"id":9686,"href":"https:\/\/www.frantiskani.cz\/index.php\/wp-json\/wp\/v2\/posts\/9685\/revisions\/9686"}],"wp:featuredmedia":[{"embeddable":true,"href":"https:\/\/www.frantiskani.cz\/index.php\/wp-json\/wp\/v2\/media\/9644"}],"wp:attachment":[{"href":"https:\/\/www.frantiskani.cz\/index.php\/wp-json\/wp\/v2\/media?parent=9685"}],"wp:term":[{"taxonomy":"category","embeddable":true,"href":"https:\/\/www.frantiskani.cz\/index.php\/wp-json\/wp\/v2\/categories?post=9685"},{"taxonomy":"post_tag","embeddable":true,"href":"https:\/\/www.frantiskani.cz\/index.php\/wp-json\/wp\/v2\/tags?post=9685"}],"curies":[{"name":"wp","href":"https:\/\/api.w.org\/{rel}","templated":true}]}}