{"id":9691,"date":"2024-11-02T08:16:40","date_gmt":"2024-11-02T07:16:40","guid":{"rendered":"https:\/\/www.frantiskani.cz\/?p=9691"},"modified":"2024-11-02T08:16:43","modified_gmt":"2024-11-02T07:16:43","slug":"hledani-verejneho-blaha","status":"publish","type":"post","link":"https:\/\/www.frantiskani.cz\/index.php\/2024\/11\/02\/hledani-verejneho-blaha\/","title":{"rendered":"Hled\u00e1n\u00ed ve\u0159ejn\u00e9ho blaha"},"content":{"rendered":"\n<h6 class=\"wp-block-heading\">Shrnut\u00ed \u010dty\u0159ic\u00e1t\u00e9ho \u010dtvrt\u00e9ho t\u00fddne 27. \u0159\u00edjna &#8211; 1. listopadu 2024<\/h6>\n\n\n\n<h4 class=\"wp-block-heading\"><a href=\"https:\/\/email.cac.org\/t\/d-l-slyuujt-tlkrhyidn-r\/\">Ned\u011ble<\/a><\/h4>\n\n\n\n<p>V prvn\u00edch dvou tis\u00edc\u00edch letech k\u0159es\u0165anstv\u00ed z\u016fst\u00e1valy politika a n\u00e1bo\u017eenstv\u00ed do zna\u010dn\u00e9 m\u00edry ve dvou odli\u0161n\u00fdch sf\u00e9r\u00e1ch, pokud se n\u00e1bo\u017eenstv\u00ed nespojovalo s \u0159\u00ed\u0161emi. Ano, hledali jsme v \u0158\u00edm\u011b a Konstantinopoli c\u00edsa\u0159skou ochranu, ani\u017e bychom si uv\u011bdomovali, jakou cenu za takov\u00fd kompromis se z\u00e1kladn\u00edmi hodnotami evangelia nakonec zaplat\u00edme. -Richard Rohr<\/p>\n\n\n\n<h4 class=\"wp-block-heading\"><a href=\"https:\/\/email.cac.org\/t\/d-l-slyuujt-tlkrhyidn-y\/\">Pond\u011bl\u00ed<\/a><\/h4>\n\n\n\n<p>Co kdy\u017e si uv\u011bdom\u00edme, \u017ee na\u0161e anga\u017eovanost v politice by m\u011bla b\u00fdt zako\u0159en\u011bna v na\u0161\u00ed \u00fa\u010dasti na troji\u010dn\u00edm proudu Bo\u017e\u00ed l\u00e1sky? Pak se v\u0161echno zm\u011bn\u00ed. U\u017e nejsme vedeni nebo omezov\u00e1ni t\u00edm, co si mysl\u00edme, \u017ee je politicky mo\u017en\u00e9, ale jsme nuceni t\u00edm, co v\u00edme, \u017ee je nejskute\u010dn\u011bj\u0161\u00ed. -Wes Granberg-Michaelson<\/p>\n\n\n\n<h4 class=\"wp-block-heading\"><a href=\"https:\/\/email.cac.org\/t\/d-l-slyuujt-tlkrhyidn-j\/\">\u00dater\u00fd<\/a><\/h4>\n\n\n\n<p>Jedin\u00fd zp\u016fsob, jak zrodit multirasovou demokracii, je, \u017ee budeme zast\u00e1vat vizi budoucnosti, kter\u00e1 nikoho nenech\u00e1 pozadu, ani na\u0161e nejhor\u0161\u00ed odp\u016frce. -Valarie Kaur<\/p>\n\n\n\n<h4 class=\"wp-block-heading\"><a href=\"https:\/\/email.cac.org\/t\/d-l-slyuujt-tlkrhyidn-t\/\">St\u0159eda<\/a><\/h4>\n\n\n\n<p>Jsme povol\u00e1ni k velk\u00e9 mobilizaci, pozn\u00e1n\u00ed, obr\u00e1cen\u00ed a transformaci, proto\u017ee nyn\u00ed jsou probl\u00e9my p\u0159\u00edli\u0161 velk\u00e9, p\u0159\u00edli\u0161 re\u00e1ln\u00e9 a p\u0159\u00edli\u0161 p\u0159\u00edmo p\u0159ed n\u00e1mi ka\u017ed\u00fd den. -Richard Rohr<\/p>\n\n\n\n<h4 class=\"wp-block-heading\"><a href=\"https:\/\/email.cac.org\/t\/d-l-slyuujt-tlkrhyidn-i\/\">\u010ctvrtek<\/a><\/h4>\n\n\n\n<p>Pokud se rozhodnete pro solidaritu, m\u00edsto abyste se odtahovali od t\u011bch, kter\u00e9 jste kdysi podez\u0159\u00edvali, vyh\u00fdbali se jim, o\u010der\u0148ovali je nebo odm\u00edtali, vn\u00edm\u00e1te je jako sousedy. Usm\u011bjete se. Mluv\u00edte spolu. Sna\u017e\u00edte se spolupracovat pro spole\u010dn\u00e9 dobro v\u0161emi mo\u017en\u00fdmi zp\u016fsoby. -Brian McLaren<\/p>\n\n\n\n<h4 class=\"wp-block-heading\"><a href=\"https:\/\/email.cac.org\/t\/d-l-slyuujt-tlkrhyidn-d\/\">P\u00e1tek<\/a><\/h4>\n\n\n\n<p>Ne v\u017edy vid\u00edme cestu ke spole\u010dn\u00e9mu dobru; \u010dasto se zd\u00e1, \u017ee zlo zv\u00edt\u011bzilo. P\u0159esto i v t\u011bch nejhor\u0161\u00edch dob\u00e1ch existuj\u00ed p\u0159\u00edle\u017eitosti, jak napom\u00e1hat lidsk\u00e9mu rozkv\u011btu prost\u0159ednictv\u00edm tv\u016fr\u010d\u00ed v\u00fdm\u011bny my\u0161lenek, autenticity, kultury a n\u00e1bo\u017eensk\u00e9ho vyj\u00e1d\u0159en\u00ed.-Barbara Holmesov\u00e1<\/p>\n\n\n\n<h1 class=\"wp-block-heading\">Odvaha m\u011bn\u00ed v\u011bci<\/h1>\n\n\n\n<h6 class=\"wp-block-heading\">\u010cty\u0159ic\u00e1t\u00fd \u010dtvrt\u00fd t\u00fdden<\/h6>\n\n\n\n<p><em>U\u010ditel zt\u011bles\u0148ov\u00e1n\u00ed a terapeut Prentis Hemphill ozna\u010duje odvahu za z\u00e1kladn\u00ed prvek pozitivn\u00ed zm\u011bny:<\/em><\/p>\n\n\n\n<h4 class=\"wp-block-heading\">Pot\u0159ebujeme zm\u011bnu<\/h4>\n\n\n\n<p>Kdy\u017e se pod\u00edv\u00e1me na sv\u011bt kolem sebe, je jasn\u00e9, \u017ee pot\u0159ebujeme rozs\u00e1hlou zm\u011bnu. Ta v\u0161ak nenastane, ani\u017e bychom n\u011bco riskovali, t\u0159eba t\u00edm, \u017ee se na sebe pod\u00edv\u00e1me up\u0159\u00edmn\u011b, \u017ee se postav\u00edme do \u010dela, \u017ee promluv\u00edme, \u017ee poc\u00edt\u00edme nepohodl\u00ed, kdy\u017e se budeme pohybovat mimo na\u0161e obvykl\u00e9 vzorce.<\/p>\n\n\n\n<h4 class=\"wp-block-heading\">rozhodnout se k odvaze<\/h4>\n\n\n\n<p>V takov\u00fdch chv\u00edl\u00edch utv\u00e1\u0159\u00edme zm\u011bnu a prom\u011b\u0148ujeme p\u0159itom sami sebe. Odvaha m\u011bn\u00ed v\u011bci a odvaha m\u011bn\u00ed n\u00e1s. Tak se st\u00e1v\u00e1me. Zjistil jsem, \u017ee uvnit\u0159 ka\u017ed\u00e9 vize zm\u011bny je \u201espr\u00e1vn\u00e1 velikost\u201c strachu, a p\u0159i odv\u00e1\u017en\u00e9m jedn\u00e1n\u00ed rozv\u00edj\u00edme \u010d\u00e1st sebe sama, kter\u00e1 dok\u00e1\u017ee strachu odmlouvat a dr\u017eet ho, ani\u017e by se j\u00edm nechala v\u00e9st. Vedeni &#8211; a inspirov\u00e1ni t\u00edm, na \u010dem n\u00e1m z\u00e1le\u017e\u00ed &#8211; jsme schopni vyj\u00e1d\u0159it svou odvahu a jednat.<\/p>\n\n\n\n<h4 class=\"wp-block-heading\">Odvaha odhalit<\/h4>\n\n\n\n<p>Odvaha, kterou pot\u0159ebujeme, je odvaha selhat a z\u016fstat. Odvahu p\u0159ehodnotit ka\u017ed\u00fd aspekt na\u0161ich soci\u00e1ln\u00edch vztah\u016f. Odvahu vzd\u00e1t se uchopen\u00ed toho, co bylo, a kousek po kousku budovat novou strukturu toho, jak a co vytv\u00e1\u0159\u00edme. Odvahu opustit bezpe\u010d\u00ed na\u0161ich um\u00edraj\u00edc\u00edch iluz\u00ed. Odvahu vzt\u00e1hnout ruku jeden na druh\u00e9ho. Odvahu b\u00fdt up\u0159\u00edmn\u00fd. Odvahu kl\u00e1st ot\u00e1zky. Odvahu naslouchat. Odvahu c\u00edtit se nep\u0159\u00edjemn\u011b. Odvahu b\u00fdt sou\u010d\u00e1st\u00ed kruhu, nechat se j\u00edm sytit a \u017eivit. Odvahu odevzdat se. Odvahu poznat, kdy n\u00e1\u0161 \u010das skon\u010dil a na\u0161e role se vym\u011bnily. Odvaha milovat a b\u00fdt milov\u00e1n&#8230;..<\/p>\n\n\n\n<h4 class=\"wp-block-heading\">Smyslupln\u00fd \u010din<\/h4>\n\n\n\n<p>Kdy\u017e jsme odv\u00e1\u017en\u00ed, m\u016f\u017eeme ud\u011blat ne\u010dekan\u00e9 a za\u010d\u00edt formovat sv\u011bt kolem v\u011bt\u0161\u00ed vize, ne\u017e jakou vytv\u00e1\u0159\u00ed strach. Ka\u017ed\u00fd centimetr pokroku, ka\u017ed\u00e1 unce l\u00e1sky, ka\u017ed\u00fd skute\u010dn\u011b smyslupln\u00fd \u010din se od t\u00e9to chv\u00edle bude d\u00edt d\u00edky odvaze, ne d\u00edky pohodlnosti.<\/p>\n\n\n\n<p class=\"has-small-font-size\"><a href=\"https:\/\/email.cac.org\/t\/d-l-slyuujt-tlkrhyidn-h\/\">P\u0159e\u010dt\u011bte si tuto meditaci na cac.org.<\/a><\/p>\n\n\n\n<p class=\"has-small-font-size\"><em>Translated with <a href=\"https:\/\/www.deepl.com\/?utm_campaign=product&amp;utm_source=web_translator&amp;utm_medium=web&amp;utm_content=copy_free_translation\">DeepL.com<\/a> (free version)<\/em><\/p>\n\n\n\n<h6 class=\"wp-block-heading\">Prameny:<\/h6>\n\n\n\n<p class=\"has-small-font-size\">Prentis Hemphill,&nbsp;<em>What It Takes to Heal: How Transforming Ourselves Can Change the World<\/em>&nbsp;(New York: Random House, 2024), 187\u2013188.&nbsp;<\/p>\n\n\n\n<p class=\"has-small-font-size\"><strong>Image credit and inspiration<\/strong>: Eyoel Khassay,&nbsp;<em>Untitled&nbsp;<\/em>(detail), 2020, photo, Ethiopia,&nbsp;<em><a href=\"https:\/\/email.cac.org\/t\/d-l-slyuujt-tlkrhyidn-x\/\">Unsplash<\/a><\/em>.&nbsp;<a href=\"https:\/\/email.cac.org\/t\/d-l-slyuujt-tlkrhyidn-m\/\">Click here to enlarge image.<\/a>&nbsp;<em>We plant trees as an offering of communal good for the future.<\/em>&nbsp;<\/p>\n","protected":false},"excerpt":{"rendered":"<p>Kdy\u017e se pod\u00edv\u00e1me na sv\u011bt kolem sebe, je jasn\u00e9, \u017ee pot\u0159ebujeme rozs\u00e1hlou zm\u011bnu. Ta v\u0161ak nenastane, ani\u017e bychom n\u011bco riskovali, t\u0159eba t\u00edm, \u017ee se na sebe pod\u00edv\u00e1me up\u0159\u00edmn\u011b, \u017ee se postav\u00edme do \u010dela, \u017ee promluv\u00edme, \u017ee poc\u00edt\u00edme nepohodl\u00ed, kdy\u017e se budeme pohybovat mimo na\u0161e obvykl\u00e9 vzorce.<\/p>\n","protected":false},"author":1,"featured_media":9644,"comment_status":"open","ping_status":"open","sticky":false,"template":"","format":"standard","meta":{"footnotes":""},"categories":[198],"tags":[223,569],"class_list":["post-9691","post","type-post","status-publish","format-standard","has-post-thumbnail","hentry","category-richard-rohr-ofm-centrum-pro-zivot-a-rozjimani","tag-odvaha","tag-uprimnost","latest_post"],"_links":{"self":[{"href":"https:\/\/www.frantiskani.cz\/index.php\/wp-json\/wp\/v2\/posts\/9691","targetHints":{"allow":["GET"]}}],"collection":[{"href":"https:\/\/www.frantiskani.cz\/index.php\/wp-json\/wp\/v2\/posts"}],"about":[{"href":"https:\/\/www.frantiskani.cz\/index.php\/wp-json\/wp\/v2\/types\/post"}],"author":[{"embeddable":true,"href":"https:\/\/www.frantiskani.cz\/index.php\/wp-json\/wp\/v2\/users\/1"}],"replies":[{"embeddable":true,"href":"https:\/\/www.frantiskani.cz\/index.php\/wp-json\/wp\/v2\/comments?post=9691"}],"version-history":[{"count":1,"href":"https:\/\/www.frantiskani.cz\/index.php\/wp-json\/wp\/v2\/posts\/9691\/revisions"}],"predecessor-version":[{"id":9692,"href":"https:\/\/www.frantiskani.cz\/index.php\/wp-json\/wp\/v2\/posts\/9691\/revisions\/9692"}],"wp:featuredmedia":[{"embeddable":true,"href":"https:\/\/www.frantiskani.cz\/index.php\/wp-json\/wp\/v2\/media\/9644"}],"wp:attachment":[{"href":"https:\/\/www.frantiskani.cz\/index.php\/wp-json\/wp\/v2\/media?parent=9691"}],"wp:term":[{"taxonomy":"category","embeddable":true,"href":"https:\/\/www.frantiskani.cz\/index.php\/wp-json\/wp\/v2\/categories?post=9691"},{"taxonomy":"post_tag","embeddable":true,"href":"https:\/\/www.frantiskani.cz\/index.php\/wp-json\/wp\/v2\/tags?post=9691"}],"curies":[{"name":"wp","href":"https:\/\/api.w.org\/{rel}","templated":true}]}}