{"id":9718,"date":"2024-11-07T08:26:24","date_gmt":"2024-11-07T07:26:24","guid":{"rendered":"https:\/\/www.frantiskani.cz\/?p=9718"},"modified":"2024-11-07T10:05:20","modified_gmt":"2024-11-07T09:05:20","slug":"laska-vyzaduje-zavazek","status":"publish","type":"post","link":"https:\/\/www.frantiskani.cz\/index.php\/2024\/11\/07\/laska-vyzaduje-zavazek\/","title":{"rendered":"L\u00e1ska vy\u017eaduje z\u00e1vazek"},"content":{"rendered":"\n<h6 class=\"wp-block-heading\">\u010cty\u0159ic\u00e1t\u00fd p\u00e1t\u00fd t\u00fdden: Bo\u017e\u00ed l\u00e1ska v nejist\u00fdch \u010dasech<\/h6>\n\n\n\n<p><em>Rev. Michael Curry se zam\u00fd\u0161l\u00ed nad popisem Bo\u017e\u00ed l\u00e1sky, kterou lze nal\u00e9zt v Bibli.<\/em><\/p>\n\n\n\n<h4 class=\"wp-block-heading\">L\u00e1ska je pevn\u00fd z\u00e1vazek<\/h4>\n\n\n\n<p>L\u00e1ska je pevn\u00fd z\u00e1vazek jednat pro blaho n\u011bkoho jin\u00e9ho ne\u017e sebe sama. M\u016f\u017ee b\u00fdt osobn\u00ed nebo politick\u00e1, individu\u00e1ln\u00ed nebo komunitn\u00ed, intimn\u00ed nebo ve\u0159ejn\u00e1. L\u00e1ska se ned\u00e1 odd\u011blit do soukrom\u00fdch, osobn\u00edch okrsk\u016f \u017eivota. L\u00e1ska, jak ji \u010dtu v Bibli, je v\u0161udyp\u0159\u00edtomn\u00e1. Ovliv\u0148uje v\u0161echny aspekty \u017eivota&#8230;.<\/p>\n\n\n\n<h4 class=\"wp-block-heading\">B\u016fh miluje v\u0161echno co je<\/h4>\n\n\n\n<p>\u010casto citovan\u00e1 pas\u00e1\u017e Nov\u00e9ho z\u00e1kona \u0159\u00edk\u00e1: \u201eB\u016fh tak miloval sv\u011bt, \u017ee dal sv\u00e9ho jedin\u00e9ho syna\u201c [Jan 3,16]. \u0158eck\u00e9 slovo, kter\u00e9 novoz\u00e1konn\u00ed autor pou\u017eil pro slovo <em>l\u00e1ska<\/em>, zn\u00ed <em>agap\u00e9<\/em>. A \u0159eck\u00e9 slovo pou\u017eit\u00e9 pro <em>sv\u011bt<\/em> je <em>kosmos<\/em>, ale ve skute\u010dnosti znamen\u00e1 \u201e<em>v\u0161echno\u201c<\/em>&#8211; \u201ev\u0161echno, co je\u201c. <em>Kosmos <\/em>je to, o \u010dem mluv\u00ed duchovn\u00ed, kdy\u017e o Bohu \u0159\u00edk\u00e1: \u201eM\u00e1 v rukou cel\u00fd sv\u011bt\u201c.<\/p>\n\n\n\n<h4 class=\"wp-block-heading\">L\u00e1ska d\u00e1v\u00e1<\/h4>\n\n\n\n<p>B\u016fh tak miloval sv\u011bt, \u017ee \u201edal\u201c. B\u016fh dal. B\u016fh nebral. B\u016fh d\u00e1val. To je agap\u00e9. To je l\u00e1ska. A takov\u00e1 l\u00e1ska je cestou k Bo\u017e\u00edmu srdci, k srdci druh\u00e9ho \u010dlov\u011bka. Je to cesta k nov\u00e9mu sv\u011btu, kter\u00fd se v\u00edce podob\u00e1 Bo\u017e\u00edmu snu pro n\u00e1s a cel\u00e9 stvo\u0159en\u00ed.<\/p>\n\n\n\n<p><em>Curry prosazuje takovou l\u00e1sku jako cestu nesobeck\u00e9ho jedn\u00e1n\u00ed:<\/em><\/p>\n\n\n\n<h4 class=\"wp-block-heading\">L\u00e1ska je \u010din<\/h4>\n\n\n\n<p>L\u00e1ska jako \u010din je to jedin\u00e9, co kdy zm\u011bnilo sv\u011bt k lep\u0161\u00edmu. L\u00e1ska je Martin Luther King, Mah\u00e1tma G\u00e1ndh\u00ed&#8230;.. L\u00e1ska je mal\u00e1 d\u00edvka v P\u00e1kist\u00e1nu jm\u00e9nem Malala Yousafzai, kter\u00e1 se postavila ozbrojen\u00fdm mu\u017e\u016fm, kte\u0159\u00ed tvrdili, \u017ee d\u00edvky by se nem\u011bly vzd\u011bl\u00e1vat&#8230;..<\/p>\n\n\n\n<h4 class=\"wp-block-heading\">L\u00e1ska zachra\u0148uje<\/h4>\n\n\n\n<p>L\u00e1ska je hasi\u010d, kter\u00fd b\u011b\u017e\u00ed do ho\u0159\u00edc\u00ed budovy a riskuje \u017eivot pro lidi, kter\u00e9 ani nezn\u00e1. L\u00e1ska je ten prvn\u00ed z\u00e1chran\u00e1\u0159, kter\u00fd se \u0159\u00edt\u00ed vst\u0159\u00edc mimo\u0159\u00e1dn\u00e9 ud\u00e1losti, katastrof\u011b, ne\u0161t\u011bst\u00ed. L\u00e1ska je <em>n\u011bkdo, kdo<\/em> protestuje proti v\u0161emu, co ubli\u017euje Bo\u017e\u00edm d\u011btem nebo jim \u0161kod\u00ed. Je\u017e\u00ed\u0161 to n\u011bkolik hodin p\u0159ed sv\u00fdm uk\u0159i\u017eov\u00e1n\u00edm \u0159ekl takto: \u201eNikdo nem\u00e1 v\u011bt\u0161\u00ed l\u00e1sku ne\u017e ten, kdo polo\u017e\u00ed vlastn\u00ed \u017eivot za sv\u00e9 p\u0159\u00e1tele\u201c [Jan 15,13].<\/p>\n\n\n\n<h4 class=\"wp-block-heading\">L\u00e1ska je z\u00e1vazek pro dobro a blaho druh\u00fdch<\/h4>\n\n\n\n<p>L\u00e1ska je z\u00e1vazek hledat dobro a pracovat pro dobro a blaho druh\u00fdch. Nezastavuje se u na\u0161ich domovn\u00edch dve\u0159\u00ed ani v na\u0161em sousedstv\u00ed, u na\u0161eho n\u00e1bo\u017eenstv\u00ed \u010di rasy, ani na hranic\u00edch na\u0161eho st\u00e1tu \u010di va\u0161\u00ed zem\u011b. Jde o jedno velk\u00e9 spole\u010denstv\u00ed l\u00e1sky po cel\u00e9 \u0161ir\u00e9 zemi, jak se zp\u00edv\u00e1 v hymn\u011b&#8230;..<\/p>\n\n\n\n<h4 class=\"wp-block-heading\">L\u00e1ska l\u00e9\u010d\u00ed a osvobozuje<\/h4>\n\n\n\n<p>Tam, kde sobectv\u00ed vylu\u010duje, l\u00e1ska uvol\u0148uje m\u00edsto a zahrnuje. Kde sobectv\u00ed shazuje, l\u00e1ska pozved\u00e1. Kde sobectv\u00ed zra\u0148uje a ubli\u017euje, l\u00e1ska pom\u00e1h\u00e1 a l\u00e9\u010d\u00ed. Kde sobectv\u00ed zotro\u010duje, l\u00e1ska osvobozuje a osvobozuje.<\/p>\n\n\n\n<h4 class=\"wp-block-heading\">L\u00e1ska je m\u00edstem odpo\u010dinku<\/h4>\n\n\n\n<p>Cesta l\u00e1sky n\u00e1m poka\u017ed\u00e9 uk\u00e1\u017ee, co je spr\u00e1vn\u00e9 ud\u011blat. Je mor\u00e1ln\u00edm a duchovn\u00edm uzemn\u011bn\u00edm &#8211; a m\u00edstem odpo\u010dinku &#8211; uprost\u0159ed chaosu, kter\u00fd je \u010dasto sou\u010d\u00e1st\u00ed \u017eivota. Je to zp\u016fsob, jak z\u016fstat slu\u0161n\u00ed v neslu\u0161n\u00fdch \u010dasech. Milovat nen\u00ed v\u017edy snadn\u00e9, ale stejn\u011b jako svaly se posilujeme jak opakov\u00e1n\u00edm, tak i t\u00edm, jak se b\u0159emeno st\u00e1v\u00e1 t\u011b\u017e\u0161\u00edm. A funguje to.<\/p>\n\n\n\n<p class=\"has-small-font-size\"><a href=\"https:\/\/email.cac.org\/t\/d-l-sliddtd-tlkrhyidn-r\/\">P\u0159e\u010dt\u011bte si tuto meditaci na webu cac.org.<\/a><\/p>\n\n\n\n<p class=\"has-small-font-size\"><em>Translated with <a href=\"https:\/\/www.deepl.com\/?utm_campaign=product&amp;utm_source=web_translator&amp;utm_medium=web&amp;utm_content=copy_free_translation\">DeepL.com<\/a> (free version)<\/em><\/p>\n\n\n\n<h6 class=\"wp-block-heading\">Prameny:<\/h6>\n\n\n\n<p class=\"has-small-font-size\">Michael Curry with Sara Grace,&nbsp;<em>Love Is the Way: Holding on to Hope in Troubling Times<\/em>&nbsp;(New York: Avery, 2020), 14\u201316, 20, 23, 27.&nbsp;&nbsp;<\/p>\n\n\n\n<p class=\"has-small-font-size\"><strong>Image credit and inspiration<\/strong>: Aaron Burden,&nbsp;<em>Untitled&nbsp;<\/em>(detail), 2016, photo,&nbsp;<em><a href=\"https:\/\/email.cac.org\/t\/d-l-sliddtd-tlkrhyidn-h\/\">Unsplash<\/a><\/em>.&nbsp;<a href=\"https:\/\/email.cac.org\/t\/d-l-sliddtd-tlkrhyidn-k\/\">Click here to enlarge image.<\/a>&nbsp;<em>When will this water drop? We don&#8217;t know what will happen but Love is with us regardless.<\/em>&nbsp;<\/p>\n\n\n\n<p><\/p>\n","protected":false},"excerpt":{"rendered":"<p>Michael Curry:L\u00e1ska je pevn\u00fd z\u00e1vazek jednat pro blaho n\u011bkoho jin\u00e9ho ne\u017e sebe sama.L\u00e1ska jako \u010din je to jedin\u00e9, co kdy zm\u011bnilo sv\u011bt k lep\u0161\u00edmu.L\u00e1ska je z\u00e1vazek hledat dobro a pracovat pro dobro a blaho druh\u00fdch. Milovat nen\u00ed v\u017edy snadn\u00e9, ale stejn\u011b jako svaly se posilujeme jak opakov\u00e1n\u00edm, tak i t\u00edm, jak se b\u0159emeno st\u00e1v\u00e1 t\u011b\u017e\u0161\u00edm.<\/p>\n","protected":false},"author":1,"featured_media":9700,"comment_status":"open","ping_status":"open","sticky":false,"template":"","format":"standard","meta":{"footnotes":""},"categories":[198],"tags":[1877,154],"class_list":["post-9718","post","type-post","status-publish","format-standard","has-post-thumbnail","hentry","category-richard-rohr-ofm-centrum-pro-zivot-a-rozjimani","tag-buh-miluje","tag-laska","latest_post"],"_links":{"self":[{"href":"https:\/\/www.frantiskani.cz\/index.php\/wp-json\/wp\/v2\/posts\/9718","targetHints":{"allow":["GET"]}}],"collection":[{"href":"https:\/\/www.frantiskani.cz\/index.php\/wp-json\/wp\/v2\/posts"}],"about":[{"href":"https:\/\/www.frantiskani.cz\/index.php\/wp-json\/wp\/v2\/types\/post"}],"author":[{"embeddable":true,"href":"https:\/\/www.frantiskani.cz\/index.php\/wp-json\/wp\/v2\/users\/1"}],"replies":[{"embeddable":true,"href":"https:\/\/www.frantiskani.cz\/index.php\/wp-json\/wp\/v2\/comments?post=9718"}],"version-history":[{"count":1,"href":"https:\/\/www.frantiskani.cz\/index.php\/wp-json\/wp\/v2\/posts\/9718\/revisions"}],"predecessor-version":[{"id":9719,"href":"https:\/\/www.frantiskani.cz\/index.php\/wp-json\/wp\/v2\/posts\/9718\/revisions\/9719"}],"wp:featuredmedia":[{"embeddable":true,"href":"https:\/\/www.frantiskani.cz\/index.php\/wp-json\/wp\/v2\/media\/9700"}],"wp:attachment":[{"href":"https:\/\/www.frantiskani.cz\/index.php\/wp-json\/wp\/v2\/media?parent=9718"}],"wp:term":[{"taxonomy":"category","embeddable":true,"href":"https:\/\/www.frantiskani.cz\/index.php\/wp-json\/wp\/v2\/categories?post=9718"},{"taxonomy":"post_tag","embeddable":true,"href":"https:\/\/www.frantiskani.cz\/index.php\/wp-json\/wp\/v2\/tags?post=9718"}],"curies":[{"name":"wp","href":"https:\/\/api.w.org\/{rel}","templated":true}]}}