{"id":1176,"count":1,"description":"","link":"https:\/\/www.frantiskani.cz\/index.php\/tag\/umelecke-vyjadreni\/","name":"um\u011bleck\u00e9 vyj\u00e1d\u0159en\u00ed","slug":"umelecke-vyjadreni","taxonomy":"post_tag","meta":[],"_links":{"self":[{"href":"https:\/\/www.frantiskani.cz\/index.php\/wp-json\/wp\/v2\/tags\/1176","targetHints":{"allow":["GET"]}}],"collection":[{"href":"https:\/\/www.frantiskani.cz\/index.php\/wp-json\/wp\/v2\/tags"}],"about":[{"href":"https:\/\/www.frantiskani.cz\/index.php\/wp-json\/wp\/v2\/taxonomies\/post_tag"}],"wp:post_type":[{"href":"https:\/\/www.frantiskani.cz\/index.php\/wp-json\/wp\/v2\/posts?tags=1176"},{"href":"https:\/\/www.frantiskani.cz\/index.php\/wp-json\/wp\/v2\/tribe_events?tags=1176"},{"href":"https:\/\/www.frantiskani.cz\/index.php\/wp-json\/wp\/v2\/tec_calendar_embed?tags=1176"}],"curies":[{"name":"wp","href":"https:\/\/api.w.org\/{rel}","templated":true}]}}