{"id":755,"count":1,"description":"","link":"https:\/\/www.frantiskani.cz\/index.php\/tag\/ekumenicke-vzdelani\/","name":"ekumenick\u00e9 vzd\u011bl\u00e1n\u00ed","slug":"ekumenicke-vzdelani","taxonomy":"post_tag","meta":[],"_links":{"self":[{"href":"https:\/\/www.frantiskani.cz\/index.php\/wp-json\/wp\/v2\/tags\/755","targetHints":{"allow":["GET"]}}],"collection":[{"href":"https:\/\/www.frantiskani.cz\/index.php\/wp-json\/wp\/v2\/tags"}],"about":[{"href":"https:\/\/www.frantiskani.cz\/index.php\/wp-json\/wp\/v2\/taxonomies\/post_tag"}],"wp:post_type":[{"href":"https:\/\/www.frantiskani.cz\/index.php\/wp-json\/wp\/v2\/posts?tags=755"},{"href":"https:\/\/www.frantiskani.cz\/index.php\/wp-json\/wp\/v2\/tribe_events?tags=755"},{"href":"https:\/\/www.frantiskani.cz\/index.php\/wp-json\/wp\/v2\/tec_calendar_embed?tags=755"}],"curies":[{"name":"wp","href":"https:\/\/api.w.org\/{rel}","templated":true}]}}