{"id":816,"count":2,"description":"","link":"https:\/\/www.frantiskani.cz\/index.php\/tag\/posledni-vecere\/","name":"Posledn\u00ed ve\u010de\u0159e","slug":"posledni-vecere","taxonomy":"post_tag","meta":[],"_links":{"self":[{"href":"https:\/\/www.frantiskani.cz\/index.php\/wp-json\/wp\/v2\/tags\/816","targetHints":{"allow":["GET"]}}],"collection":[{"href":"https:\/\/www.frantiskani.cz\/index.php\/wp-json\/wp\/v2\/tags"}],"about":[{"href":"https:\/\/www.frantiskani.cz\/index.php\/wp-json\/wp\/v2\/taxonomies\/post_tag"}],"wp:post_type":[{"href":"https:\/\/www.frantiskani.cz\/index.php\/wp-json\/wp\/v2\/posts?tags=816"},{"href":"https:\/\/www.frantiskani.cz\/index.php\/wp-json\/wp\/v2\/tribe_events?tags=816"},{"href":"https:\/\/www.frantiskani.cz\/index.php\/wp-json\/wp\/v2\/tec_calendar_embed?tags=816"}],"curies":[{"name":"wp","href":"https:\/\/api.w.org\/{rel}","templated":true}]}}